{"id":1190289,"date":"2026-07-24T18:57:12","date_gmt":"2026-07-24T18:57:12","guid":{"rendered":"https:\/\/www.europesays.com\/de\/1190289\/"},"modified":"2026-07-24T18:57:12","modified_gmt":"2026-07-24T18:57:12","slug":"ihr-seid-in-historischer-mitverantwortung-fuer-diesen-niedergang-bielefelder-spd-schickt-wuetenden-brief-an-bas-und-klingbeil","status":"publish","type":"post","link":"https:\/\/www.europesays.com\/de\/1190289\/","title":{"rendered":"\u201eIhr seid in historischer Mitverantwortung f\u00fcr diesen Niedergang\u201c: Bielefelder SPD schickt w\u00fctenden Brief an Bas und Klingbeil"},"content":{"rendered":"<p class=\"tspBLlp tspBLlq\">Nachdem die j\u00fcngste Kabinettsumbildung der Bundesregierung vor allem in der <a href=\"https:\/\/www.tagesspiegel.de\/politik\/bundeskanzler-entlasst-merz-unionsfraktion-spottet-offenbar-uber-chaos-rund-um-kabinettsumbau-15876762.html?icid=in-text-link_15878551\" class=\"link link--internal\" data-gtm-class=\"article-text-link\" data-gtm-val=\"internal\" rel=\"nofollow noopener\" target=\"_blank\">Fraktion von CDU und CSU f\u00fcr Unruhe<\/a> gesorgt hat, w\u00e4chst auch in der SPD-Basis der Druck auf die Parteif\u00fchrung um B\u00e4rbel Bas und <a href=\"https:\/\/www.tagesspiegel.de\/politik\/klingbeils-fruhstartrente-zehn-euro-die-einen-unterschied-machen-konnen-15871051.html?icid=in-text-link_15878551\" class=\"link link--internal\" data-gtm-class=\"article-text-link\" data-gtm-val=\"internal\" rel=\"nofollow noopener\" target=\"_blank\">Lars Klingbeil<\/a>. In einem zweiseitigen Brief \u00fcbt der Unterbezirksvorstand der SPD Bielefeld scharfe Kritik am Zustand der Bundespartei \u2013 und fordert Bas und Klingbeil auf, sich <strong>entweder auf den Parteivorsitz oder ihre Minister\u00e4mter zu konzentrieren<\/strong>.<\/p>\n<p class=\"tspBLlp\">Beide Aufgaben verlangten \u201evolle Aufmerksamkeit und unterschiedliche Rollenverst\u00e4ndnisse\u201c. Minister tr\u00fcgen Verantwortung f\u00fcr das Regierungshandeln. Parteivorsitzende m\u00fcssten dagegen die Interessen der Basis vertreten und auch gegen\u00fcber der eigenen Regierung kritisch Position beziehen k\u00f6nnen.<\/p>\n<p class=\"tspBLlp\">Eine glaubw\u00fcrdige Erneuerung setze voraus, dass diese <strong>Rollen k\u00fcnftig wieder klar getrennt<\/strong> w\u00fcrden, hei\u00dft es in dem Schreiben, das im Namen des Unterbezirksvorstands vom Bielefelder SPD-Chef Markus Kollmeier unterzeichnet wurde und \u00fcber das \u201e<a href=\"https:\/\/x.com\/k_moessbauer\/status\/2080601214182371640?s=46\" target=\"_blank\" rel=\"noopener nofollow\" class=\"link link--external\" data-gtm-class=\"article-text-link\" data-gtm-val=\"external\" aria-describedby=\"message-target-blank\">The Pioneer<\/a>\u201c sowie <a href=\"https:\/\/www.welt.de\/politik\/deutschland\/plus6a6346bffe2765826e0fc0cb\/wut-brief-an-spd-chefs-statt-afd-zu-halbieren-sind-wir-auf-bestem-wege-unser-schlechtestes-ergebnis-zu-halbieren.html\" target=\"_blank\" rel=\"noopener nofollow\" class=\"link link--external\" data-gtm-class=\"article-text-link\" data-gtm-val=\"external\" aria-describedby=\"message-target-blank\">\u201eWelt\u201c berichten<\/a>. Kollmeier leitet das Wahlkreisb\u00fcro der stellvertretenden SPD-Bundestagsfraktionschefin <a href=\"https:\/\/www.tagesspiegel.de\/politik\/union-muss-entscheiden-ob-sie-verantwortung-ubernimmt-spd-will-bei-steuerreform-starkere-belastung-von-top-verdienern-15774519.html?icid=in-text-link_15878551\" class=\"link link--internal\" data-gtm-class=\"article-text-link\" data-gtm-val=\"internal\" rel=\"nofollow noopener\" target=\"_blank\">Wiebke Esdar<\/a>.<\/p>\n<p class=\"tspYf2\">Empfohlener redaktioneller Inhalt<\/p>\n<p> An dieser Stelle finden Sie einen von unseren Redakteuren ausgew\u00e4hlten, externen Inhalt, der den Artikel f\u00fcr Sie mit zus\u00e4tzlichen Informationen anreichert. Sie k\u00f6nnen sich hier den externen Inhalt mit einem Klick anzeigen lassen oder wieder ausblenden. <\/p>\n<p> Externen Inhalt anzeigen <\/p>\n<p class=\"tspYf8\"> Ich bin damit einverstanden, dass mir der externe Inhalt angezeigt wird. Damit k\u00f6nnen personenbezogene Daten an Drittplattformen \u00fcbermittelt werden.  Mehr Informationen dazu erhalten Sie in den Datenschutz-Einstellungen. Diese finden Sie ganz unten auf unserer Seite im Footer, sodass Sie Ihre Einstellungen jederzeit verwalten oder widerrufen k\u00f6nnen. <\/p>\n<p> \u201eVertrauen erheblich besch\u00e4digt\u201c <\/p>\n<p class=\"tspBLlp\">Angesichts der desolaten Umfrageergebnisse der SPD wird Bas und Klingbeil eine \u201ehistorische Mitverantwortung f\u00fcr diesen Niedergang\u201c vorgeworfen. Vertrauen in Handlungsf\u00e4higkeit, Glaubw\u00fcrdigkeit und innere Demokratie der Partei seien <strong>erheblich besch\u00e4digt<\/strong> worden.<\/p>\n<p class=\"tspBLlp\">Konkret gehe es dabei um eine <strong>Reihe von Beschl\u00fcssen<\/strong>, die \u201e<strong>sozial unausgewogen, politisch und fachlich falsch<\/strong> sowie innerparteilich unzureichend legitimiert\u201c seien. Aufgez\u00e4hlt werden dabei etwa gestiegene Zuzahlungen beim <a href=\"https:\/\/www.tagesspiegel.de\/politik\/zuzahlungen-streichungen-teilkrankschreibung-das-kommt-jetzt-auf-gesetzlich-versicherte-zu-15830189.html?icid=in-text-link_15878551\" class=\"link link--internal\" data-gtm-class=\"article-text-link\" data-gtm-val=\"internal\" rel=\"nofollow noopener\" target=\"_blank\">Zahnersatz<\/a>, finanzielle Mehrbelastungen durch die Krankenkassen-Reform, eine drohende Gef\u00e4hrdung von psychotherapeutischen Angeboten sowie die geplante <a href=\"https:\/\/www.tagesspiegel.de\/politik\/nach-attestpflicht-ab-tag-eins-und-ende-der-telefonischen-krankschreibung-warken-will-auch-online-krankschreibungen-ohne-arztkontakt-stoppen-15848136.html?icid=in-text-link_15878551\" class=\"link link--internal\" data-gtm-class=\"article-text-link\" data-gtm-val=\"internal\" rel=\"nofollow noopener\" target=\"_blank\">Pflicht zur Krankschreibung<\/a> ab dem ersten Krankheitstag.<\/p>\n<p class=\"tspBLlp\">All dies trage nicht nur wenig dazu bei, die aktuellen Probleme des Landes zu l\u00f6sen, sondern treffe insbesondere jene <strong>Menschen, die \u201esich jeden Tag abm\u00fchen\u201c<\/strong>.<\/p>\n<p>Lesen Sie auch<a href=\"https:\/\/www.tagesspiegel.de\/politik\/merz-und-verkehrsminister-schnieder-der-heutige-tag-ist-ein-doppeltes-desaster-fur-den-kanzler-15876971.html?icid=topic-list_15878551___\" data-gtm-class=\"article-mzt-link\" data-hydrate-fingerprint=\"09740a54944caac75fd2c0c63fd5c5df\" data-hydrate-props=\"{&amp;escapedquot;element&amp;escapedquot;:{&amp;escapedquot;type&amp;escapedquot;:&amp;escapedquot;relatedContent&amp;escapedquot;,&amp;escapedquot;fieldMap&amp;escapedquot;:{},&amp;escapedquot;relation&amp;escapedquot;:{&amp;escapedquot;fields&amp;escapedquot;:{&amp;escapedquot;isPaid&amp;escapedquot;:true},&amp;escapedquot;href&amp;escapedquot;:&amp;escapedquot;\/politik\/merz-und-verkehrsminister-schnieder-der-heutige-tag-ist-ein-doppeltes-desaster-fur-den-kanzler-15876971.html&amp;escapedquot;,&amp;escapedquot;teaserTitle&amp;escapedquot;:{&amp;escapedquot;kicker&amp;escapedquot;:&amp;escapedquot;Merz und Verkehrsminister Schnieder&amp;escapedquot;,&amp;escapedquot;headline&amp;escapedquot;:&amp;escapedquot;\u201eDer heutige Tag ist ein doppeltes Desaster f\u00fcr den Kanzler\u201c&amp;escapedquot;},&amp;escapedquot;id&amp;escapedquot;:&amp;escapedquot;15876971&amp;escapedquot;,&amp;escapedquot;type&amp;escapedquot;:&amp;escapedquot;story&amp;escapedquot;},&amp;escapedquot;isPartOfList&amp;escapedquot;:true,&amp;escapedquot;topicListType&amp;escapedquot;:&amp;escapedquot;topic-list&amp;escapedquot;},&amp;escapedquot;showArrow&amp;escapedquot;:true}\" data-hydrate-slots=\"{&#039;default&#039;:[]}\" class=\"tspCXqc tspCYqj\" rel=\"nofollow noopener\" target=\"_blank\">Merz und Verkehrsminister Schnieder \u201eDer heutige Tag ist ein doppeltes Desaster f\u00fcr den Kanzler\u201c <\/a><a href=\"https:\/\/www.tagesspiegel.de\/politik\/koalition-im-umfragetief-grosse-mehrheit-ist-weiter-unzufrieden-mit-der-bundesregierung-15839065.html?icid=topic-list_15878551___\" data-gtm-class=\"article-mzt-link\" data-hydrate-fingerprint=\"09740a54944caac75fd2c0c63fd5c5df\" data-hydrate-props=\"{&amp;escapedquot;element&amp;escapedquot;:{&amp;escapedquot;type&amp;escapedquot;:&amp;escapedquot;relatedContent&amp;escapedquot;,&amp;escapedquot;fieldMap&amp;escapedquot;:{},&amp;escapedquot;relation&amp;escapedquot;:{&amp;escapedquot;fields&amp;escapedquot;:{&amp;escapedquot;isPaid&amp;escapedquot;:null},&amp;escapedquot;href&amp;escapedquot;:&amp;escapedquot;\/politik\/koalition-im-umfragetief-grosse-mehrheit-ist-weiter-unzufrieden-mit-der-bundesregierung-15839065.html&amp;escapedquot;,&amp;escapedquot;teaserTitle&amp;escapedquot;:{&amp;escapedquot;kicker&amp;escapedquot;:&amp;escapedquot;Koalition im Umfragetief&amp;escapedquot;,&amp;escapedquot;headline&amp;escapedquot;:&amp;escapedquot;Gro\u00dfe Mehrheit ist weiter unzufrieden mit der Bundesregierung&amp;escapedquot;},&amp;escapedquot;id&amp;escapedquot;:&amp;escapedquot;15839065&amp;escapedquot;,&amp;escapedquot;type&amp;escapedquot;:&amp;escapedquot;story&amp;escapedquot;},&amp;escapedquot;isPartOfList&amp;escapedquot;:true,&amp;escapedquot;topicListType&amp;escapedquot;:&amp;escapedquot;topic-list&amp;escapedquot;},&amp;escapedquot;showArrow&amp;escapedquot;:true}\" data-hydrate-slots=\"{&#039;default&#039;:[]}\" class=\"tspCXqc tspCYqj\" rel=\"nofollow noopener\" target=\"_blank\">Koalition im Umfragetief Gro\u00dfe Mehrheit ist weiter unzufrieden mit der Bundesregierung <\/a><a href=\"https:\/\/www.tagesspiegel.de\/politik\/fur-singles-verheiratete-und-eltern-dieser-rechner-zeigt-was-ihnen-nach-klingbeils-steuerreform-bleibt-15790375.html?icid=topic-list_15878551___\" data-gtm-class=\"article-mzt-link\" data-hydrate-fingerprint=\"09740a54944caac75fd2c0c63fd5c5df\" data-hydrate-props=\"{&amp;escapedquot;element&amp;escapedquot;:{&amp;escapedquot;type&amp;escapedquot;:&amp;escapedquot;relatedContent&amp;escapedquot;,&amp;escapedquot;fieldMap&amp;escapedquot;:{},&amp;escapedquot;relation&amp;escapedquot;:{&amp;escapedquot;fields&amp;escapedquot;:{&amp;escapedquot;isPaid&amp;escapedquot;:true},&amp;escapedquot;href&amp;escapedquot;:&amp;escapedquot;\/politik\/fur-singles-verheiratete-und-eltern-dieser-rechner-zeigt-was-ihnen-nach-klingbeils-steuerreform-bleibt-15790375.html&amp;escapedquot;,&amp;escapedquot;teaserTitle&amp;escapedquot;:{&amp;escapedquot;kicker&amp;escapedquot;:&amp;escapedquot;F\u00fcr Singles, Verheiratete und Eltern&amp;escapedquot;,&amp;escapedquot;headline&amp;escapedquot;:&amp;escapedquot;Dieser Rechner zeigt, was Ihnen nach Klingbeils Steuerreform bleibt&amp;escapedquot;},&amp;escapedquot;id&amp;escapedquot;:&amp;escapedquot;15790375&amp;escapedquot;,&amp;escapedquot;type&amp;escapedquot;:&amp;escapedquot;story&amp;escapedquot;},&amp;escapedquot;isPartOfList&amp;escapedquot;:true,&amp;escapedquot;topicListType&amp;escapedquot;:&amp;escapedquot;topic-list&amp;escapedquot;},&amp;escapedquot;showArrow&amp;escapedquot;:true}\" data-hydrate-slots=\"{&#039;default&#039;:[]}\" class=\"tspCXqc tspCYqj\" rel=\"nofollow noopener\" target=\"_blank\">F\u00fcr Singles, Verheiratete und Eltern Dieser Rechner zeigt, was Ihnen nach Klingbeils Steuerreform bleibt <\/a><\/p>\n<p class=\"tspBLlp\">\u201eStatt, wie angek\u00fcndigt, die AfD zu halbieren, sind wir auf dem besten Wege, unser eigenes \u2013 mit Abstand schlechtestes \u2013 Ergebnis noch zu halbieren\u201c, hei\u00dft es weiter. Die Parteispitze m\u00fcsse \u201eumfassend Rechenschaft \u00fcber die ma\u00dfgeblichen politischen Entscheidungen der vergangenen Monate, ihre Vorbereitung sowie die jeweiligen Verantwortlichkeiten ablegen\u201c. Es sei in j\u00fcngerer Vergangenheit zu einer <strong>wachsenden Entfremdung zwischen F\u00fchrung und Basis der SPD<\/strong> gekommen. Die Partei m\u00fcsse \u201esich selbst kritisch hinterfragen und ihre Grundwerte entschlossen vertreten\u201c.<\/p>\n<p class=\"tspBLlp\">Im September stehen drei Landtagswahlen an. In <a href=\"https:\/\/www.tagesspiegel.de\/politik\/umfrage-sieht-zitterpartie-fur-spd-afd-liegt-in-sachsen-anhalt-mit-41-prozent-deutlich-vorn-15874371.html?icid=in-text-link_15878551\" class=\"link link--internal\" data-gtm-class=\"article-text-link\" data-gtm-val=\"internal\" rel=\"nofollow noopener\" target=\"_blank\">Sachsen-Anhalt<\/a> rangiert die Partei in Umfragen derzeit bei nur noch rund f\u00fcnf Prozent und muss um den Verbleib im Landtag bangen. In Berlin liegt die SPD derzeit abgeschlagen auf dem f\u00fcnften Platz.<\/p>\n<p class=\"tspBLlp\">Einzig in Mecklenburg-Vorpommern zeichnet sich zumindest ein enges Kopf-an-Kopf-Rennen zwischen Ministerpr\u00e4sidentin Manuela Schwesig und der AfD ab. Doch auch Schwesig geht im Wahlkampf bereits deutlich auf Distanz zur Bundespartei.  Auftritte von Bundespolitikern seien nicht geplant.<\/p>\n<p class=\"tspBLlp\">Sollte die SPD in Sachsen-Anhalt an der F\u00fcnf-Prozent-H\u00fcrde scheitern, k\u00f6nnte es f\u00fcr Bas und Klingbeil eng werden. In Parteikreisen werden <a href=\"https:\/\/www.thepioneer.de\/originals\/others\/articles\/spd-spitze-wackelt-partei-diskutiert-ueber-personalalternativen\" target=\"_blank\" rel=\"noopener nofollow\" class=\"link link--external\" data-gtm-class=\"article-text-link\" data-gtm-val=\"external\" aria-describedby=\"message-target-blank\">laut \u201ePioneer\u201c<\/a> offenbar bereits Szenarien diskutiert, in denen etwa Schwesig, der fr\u00fchere Bundesarbeitsminister Hubertus Heil oder Saarlands Ministerpr\u00e4sidentin Anke Rehlinger die Parteif\u00fchrung \u00fcbernehmen k\u00f6nnten. Auch der Name des ehemaligen Generalsekret\u00e4rs Kevin K\u00fchnert kursiert, obwohl dieser eine politische R\u00fcckkehr bislang ausgeschlossen hat. (Tsp)<\/p>\n","protected":false},"excerpt":{"rendered":"Nachdem die j\u00fcngste Kabinettsumbildung der Bundesregierung vor allem in der Fraktion von CDU und CSU f\u00fcr Unruhe gesorgt&hellip;\n","protected":false},"author":2,"featured_media":890492,"comment_status":"","ping_status":"","sticky":false,"template":"","format":"standard","meta":{"footnotes":"","_share_on_mastodon":"0"},"categories":[5],"tags":[186,331,332,32036,1173,31,774,3364,29,30,13,776,14,15,860,12,184],"class_list":["post-1190289","post","type-post","status-publish","format-standard","has-post-thumbnail","category-nachrichten","tag-afd","tag-aktuelle-nachrichten","tag-aktuelle-news","tag-baerbel-bas","tag-bundesregierung","tag-cdu","tag-csu","tag-de","tag-deutschland","tag-germany","tag-headlines","tag-lars-klingbeil","tag-nachrichten","tag-news","tag-sachsen-anhalt","tag-schlagzeilen","tag-spd"],"share_on_mastodon":{"url":"https:\/\/pubeurope.com\/@de\/116976487171481192","error":""},"_links":{"self":[{"href":"https:\/\/www.europesays.com\/de\/wp-json\/wp\/v2\/posts\/1190289","targetHints":{"allow":["GET"]}}],"collection":[{"href":"https:\/\/www.europesays.com\/de\/wp-json\/wp\/v2\/posts"}],"about":[{"href":"https:\/\/www.europesays.com\/de\/wp-json\/wp\/v2\/types\/post"}],"author":[{"embeddable":true,"href":"https:\/\/www.europesays.com\/de\/wp-json\/wp\/v2\/users\/2"}],"replies":[{"embeddable":true,"href":"https:\/\/www.europesays.com\/de\/wp-json\/wp\/v2\/comments?post=1190289"}],"version-history":[{"count":0,"href":"https:\/\/www.europesays.com\/de\/wp-json\/wp\/v2\/posts\/1190289\/revisions"}],"wp:featuredmedia":[{"embeddable":true,"href":"https:\/\/www.europesays.com\/de\/wp-json\/wp\/v2\/media\/890492"}],"wp:attachment":[{"href":"https:\/\/www.europesays.com\/de\/wp-json\/wp\/v2\/media?parent=1190289"}],"wp:term":[{"taxonomy":"category","embeddable":true,"href":"https:\/\/www.europesays.com\/de\/wp-json\/wp\/v2\/categories?post=1190289"},{"taxonomy":"post_tag","embeddable":true,"href":"https:\/\/www.europesays.com\/de\/wp-json\/wp\/v2\/tags?post=1190289"}],"curies":[{"name":"wp","href":"https:\/\/api.w.org\/{rel}","templated":true}]}}