{"id":1190657,"date":"2026-07-24T22:40:14","date_gmt":"2026-07-24T22:40:14","guid":{"rendered":"https:\/\/www.europesays.com\/de\/1190657\/"},"modified":"2026-07-24T22:40:14","modified_gmt":"2026-07-24T22:40:14","slug":"er-hat-sich-57-feldspieler-notiert-10-kandidaten-fuer-die-erste-klopp-ueberraschung-sport","status":"publish","type":"post","link":"https:\/\/www.europesays.com\/de\/1190657\/","title":{"rendered":"Er hat sich 57 Feldspieler notiert: 10 Kandidaten f\u00fcr die erste Klopp-\u00dcberraschung | Sport"},"content":{"rendered":"<p data-21134c99=\"0-6389\"><b>Deutschland feiert J\u00fcrgen Klopp (59)! Der neue Bundestrainer sprach am Freitagvormittag erstmals in seiner neuen Rolle und machte auf dem DFB-Campus in Frankfurt deutlich, dass es einen Umbruch in der Mannschaft geben werde. <\/b><\/p>\n<p>Dabei plant Klopp \u00dcberraschungen! Der neue Bundestrainer erkl\u00e4rte: \u201eEs werden Spieler M\u00f6glichkeiten bekommen, die noch gar nicht damit rechnen. Weil ich gerne mutig sein werde. Das war ich schon immer und werde ich auch bleiben. Ich habe Lust, mit Jungs zusammenzuarbeiten, die einen Fu\u00dfball spielen, der allen gef\u00e4llt. Das ist nicht immer sofort erfolgreich, aber ich m\u00f6chte erreichen, dass die Leute nach dem Spiel nach Hause gehen und sagen: \u201eWow!\u201c<\/p>\n<p data-21134c99=\"0-6389\">Im September wird Klopp f\u00fcr die dann vier anstehenden L\u00e4nderspiele erstmals einen DFB-Kader nominieren. <\/p>\n<p>BILD nennt 10 Kandidaten f\u00fcr die erste Klopp-\u00dcberraschung, die bisher noch kein L\u00e4nderspiel absolviert haben. Mit BILDplus. <\/p>\n","protected":false},"excerpt":{"rendered":"Deutschland feiert J\u00fcrgen Klopp (59)! Der neue Bundestrainer sprach am Freitagvormittag erstmals in seiner neuen Rolle und machte&hellip;\n","protected":false},"author":2,"featured_media":1190658,"comment_status":"","ping_status":"","sticky":false,"template":"","format":"standard","meta":{"footnotes":"","_share_on_mastodon":"0"},"categories":[136],"tags":[1263,126291,1260,29,481,538,347,485,30,61496,19631,7645,24705,265,1576,12073,248568],"class_list":["post-1190657","post","type-post","status-publish","format-standard","has-post-thumbnail","category-sport","tag-aufmacher-bereich","tag-coulibaly-karim","tag-deutsche-nationalmannschaft","tag-deutschland","tag-dfb","tag-erste-bundesliga","tag-fussball","tag-fussball-bundesliga","tag-germany","tag-gruda-brajan","tag-jeltsch-finn","tag-klopp-juergen","tag-nagelsmann-julian","tag-sport","tag-super-a-teaser","tag-tresoldi-nicolo","tag-treu-philipp"],"share_on_mastodon":{"url":"https:\/\/pubeurope.com\/@de\/116977364344710138","error":""},"_links":{"self":[{"href":"https:\/\/www.europesays.com\/de\/wp-json\/wp\/v2\/posts\/1190657","targetHints":{"allow":["GET"]}}],"collection":[{"href":"https:\/\/www.europesays.com\/de\/wp-json\/wp\/v2\/posts"}],"about":[{"href":"https:\/\/www.europesays.com\/de\/wp-json\/wp\/v2\/types\/post"}],"author":[{"embeddable":true,"href":"https:\/\/www.europesays.com\/de\/wp-json\/wp\/v2\/users\/2"}],"replies":[{"embeddable":true,"href":"https:\/\/www.europesays.com\/de\/wp-json\/wp\/v2\/comments?post=1190657"}],"version-history":[{"count":0,"href":"https:\/\/www.europesays.com\/de\/wp-json\/wp\/v2\/posts\/1190657\/revisions"}],"wp:featuredmedia":[{"embeddable":true,"href":"https:\/\/www.europesays.com\/de\/wp-json\/wp\/v2\/media\/1190658"}],"wp:attachment":[{"href":"https:\/\/www.europesays.com\/de\/wp-json\/wp\/v2\/media?parent=1190657"}],"wp:term":[{"taxonomy":"category","embeddable":true,"href":"https:\/\/www.europesays.com\/de\/wp-json\/wp\/v2\/categories?post=1190657"},{"taxonomy":"post_tag","embeddable":true,"href":"https:\/\/www.europesays.com\/de\/wp-json\/wp\/v2\/tags?post=1190657"}],"curies":[{"name":"wp","href":"https:\/\/api.w.org\/{rel}","templated":true}]}}