{"id":1190780,"date":"2026-07-24T23:50:22","date_gmt":"2026-07-24T23:50:22","guid":{"rendered":"https:\/\/www.europesays.com\/de\/1190780\/"},"modified":"2026-07-24T23:50:22","modified_gmt":"2026-07-24T23:50:22","slug":"erster-fund-in-brandenburg-so-gefaehrlich-ist-die-asiatische-hornisse","status":"publish","type":"post","link":"https:\/\/www.europesays.com\/de\/1190780\/","title":{"rendered":"Erster Fund in Brandenburg: So gef\u00e4hrlich ist die Asiatische Hornisse"},"content":{"rendered":"<p>Sichtungen von Asiatischen Hornissen sind in Berlin und Brandenburg immer noch sehr selten, deshalb zun\u00e4chst vergewissern, dass es sich tats\u00e4chlich um eine solche handeln k\u00f6nnte. <a data-doctype=\"sendeplatz\" href=\"https:\/\/www.rbb24.de\/panorama\/beitrag\/2024\/08\/berlin-imker-verband-asiatische-hornisse-ausbreitung-mithilfe-bienen.html\/content\/rbb\/r24\/panorama\/beitrag\/2024\/08\/berlin-imker-verband-asiatische-hornisse-ausbreitung-mithilfe-bienen.html\/content\/rbb\/r24\/panorama\/beitrag\/2024\/08\/berlin-imker-verband-asiatische-hornisse-ausbreitung-mithilfe-bienen.html\/content\/rbb\/r24\/panorama\/beitrag\/2024\/08\/berlin-imker-verband-asiatische-hornisse-ausbreitung-mithilfe-bienen.html\/content\/rbb\/r24\/panorama\/beitrag\/2024\/08\/berlin-imker-verband-asiatische-hornisse-ausbreitung-mithilfe-bienen.html\/content\/rbb\/r24\/panorama\/beitrag\/2024\/08\/berlin-imker-verband-asiatische-hornisse-ausbreitung-mithilfe-bienen.html\/content\/rbb\/r24\/panorama\/beitrag\/2024\/08\/berlin-imker-verband-asiatische-hornisse-ausbreitung-mithilfe-bienen.html\" rel=\"nofollow noopener\" target=\"_blank\">Infolge einer Sichtung in Berlin vor drei Jahren<\/a> waren hier auch zahlreiche Falschmeldungen eingegangen.<\/p>\n<p>Sollte die Hornisse optisch sehr starke \u00c4hnlichkeit mit einer Asiatischen Hornisse aufweisen, kann man den Fund beim Naturschutzbund (Nabu) melden (<a href=\"https:\/\/nabu-naturgucker-beobachtungen.de\/app\/natur_nm.dll\/Form1\" target=\"_blank\" rel=\"nofollow noopener\">nabu-naturgucker-beobachtungen.de<\/a>). Auf der Seite finden sich auch Fakten und Vergleichsbilder mit \u00e4hnlichen Insekten. Sichtungen k\u00f6nnen zudem per Mail gemeldet werden, in Berlin an &#8222;kontakt@hymenopterendienst.de&#8220; (Nabu), in Brandenburg an &#8222;vvmeldung@imker-brandenburgs.de&#8220; (Landesimkerverband)<\/p>\n<p>Sollte es sich um ein ganzes Nest handeln, ist es das Beste, dieses professionell entfernen zu lassen. Die Asiatische Hornisse ist als invasive Art zwar nicht allgemein nach dem Bundesnaturschutzgesetz gesch\u00fctzt, Nester d\u00fcrften also theoretisch ohne Strafe selbst entfernt und einzelne Hornissen get\u00f6tet werden. Dagegen sprechen allerdings mehrere Gr\u00fcnde.<\/p>\n<p>Zum einen k\u00f6nnten aufgrund von Verwechslungen mit heimischen Arten gesch\u00fctzte Tiere get\u00f6tet werden und da die Hornissen ihr Nest allerdings aggressiv verteidigen und ihre Nester sehr gro\u00df sein k\u00f6nnen, r\u00e4t der Nabu davon ab, selbst die Entfernung zu \u00fcbernehmen. Kontakte finden sich meist auf den Seiten unterer Naturschutzbeh\u00f6rden, bei Imkervereinen oder den \u00f6rtlichen Nabu-Gruppen.<\/p>\n","protected":false},"excerpt":{"rendered":"Sichtungen von Asiatischen Hornissen sind in Berlin und Brandenburg immer noch sehr selten, deshalb zun\u00e4chst vergewissern, dass es&hellip;\n","protected":false},"author":2,"featured_media":1190781,"comment_status":"","ping_status":"","sticky":false,"template":"","format":"standard","meta":{"footnotes":"","_share_on_mastodon":"0"},"categories":[1816],"tags":[1960,1958,1959,1957,1956,1890,29,23302,30,134296],"class_list":["post-1190780","post","type-post","status-publish","format-standard","has-post-thumbnail","category-brandenburg","tag-aktuelle-nachrichten-aus-berlin-und-brandenburg","tag-aktuelle-nachrichten-aus-brandenburg","tag-aktuelle-news-aus-berlin-und-brandenburg","tag-aktuelle-news-aus-brandenburg","tag-berlin-und-brandenburg","tag-brandenburg","tag-deutschland","tag-frankfurt-oder","tag-germany","tag-rbb24tagesschau"],"share_on_mastodon":{"url":"https:\/\/pubeurope.com\/@de\/116977639512676046","error":""},"_links":{"self":[{"href":"https:\/\/www.europesays.com\/de\/wp-json\/wp\/v2\/posts\/1190780","targetHints":{"allow":["GET"]}}],"collection":[{"href":"https:\/\/www.europesays.com\/de\/wp-json\/wp\/v2\/posts"}],"about":[{"href":"https:\/\/www.europesays.com\/de\/wp-json\/wp\/v2\/types\/post"}],"author":[{"embeddable":true,"href":"https:\/\/www.europesays.com\/de\/wp-json\/wp\/v2\/users\/2"}],"replies":[{"embeddable":true,"href":"https:\/\/www.europesays.com\/de\/wp-json\/wp\/v2\/comments?post=1190780"}],"version-history":[{"count":0,"href":"https:\/\/www.europesays.com\/de\/wp-json\/wp\/v2\/posts\/1190780\/revisions"}],"wp:featuredmedia":[{"embeddable":true,"href":"https:\/\/www.europesays.com\/de\/wp-json\/wp\/v2\/media\/1190781"}],"wp:attachment":[{"href":"https:\/\/www.europesays.com\/de\/wp-json\/wp\/v2\/media?parent=1190780"}],"wp:term":[{"taxonomy":"category","embeddable":true,"href":"https:\/\/www.europesays.com\/de\/wp-json\/wp\/v2\/categories?post=1190780"},{"taxonomy":"post_tag","embeddable":true,"href":"https:\/\/www.europesays.com\/de\/wp-json\/wp\/v2\/tags?post=1190780"}],"curies":[{"name":"wp","href":"https:\/\/api.w.org\/{rel}","templated":true}]}}