{"id":1190860,"date":"2026-07-25T00:38:17","date_gmt":"2026-07-25T00:38:17","guid":{"rendered":"https:\/\/www.europesays.com\/de\/1190860\/"},"modified":"2026-07-25T00:38:17","modified_gmt":"2026-07-25T00:38:17","slug":"droht-europa-eine-rezession","status":"publish","type":"post","link":"https:\/\/www.europesays.com\/de\/1190860\/","title":{"rendered":"Droht Europa eine Rezession?"},"content":{"rendered":"\n<p class=\"text text-block paragraph text-left neo-font-paragraph-xl-reg  yf-18d6y07\" style=\"text-decoration: none; font-style: normal; text-transform: none; text-align: inherit; font-variant-numeric: normal;\"><strong>Investing.com &#8211;<\/strong> Europas Wirtschaft n\u00e4hert sich einem kritischen Punkt. Laut BCA Research erh\u00f6hen die wieder anziehende Energieinflation, eine nachlassende Aktivit\u00e4t im verarbeitenden Gewerbe und begrenzte fiskalische St\u00fctzungsma\u00dfnahmen das Risiko einer technischen Rezession.  <\/p>\n<p class=\"text text-block paragraph text-left neo-font-paragraph-xl-reg  yf-18d6y07\" style=\"text-decoration: none; font-style: normal; text-transform: none; text-align: inherit; font-variant-numeric: normal;\">Die Aussichten bleiben jedoch fragil. Ein Szenario deutet auf zwei aufeinanderfolgende Quartale mit schrumpfender Wirtschaftsleistung hin, obwohl verschiedene Resilienzfaktoren das Wachstum knapp im positiven Bereich halten k\u00f6nnten.  <\/p>\n<p class=\"text text-block paragraph text-left neo-font-paragraph-xl-reg  yf-18d6y07\" style=\"text-decoration: none; font-style: normal; text-transform: none; text-align: inherit; font-variant-numeric: normal;\">Der Euroraum trat in den j\u00fcngsten Energieschock in einer schw\u00e4cheren Position als 2022 ein. Die Konsensprognosen hatten das Wachstum f\u00fcr 2026 bereits bei etwa 1,2 % angesiedelt, bevor der erneute Konflikt um die Stra\u00dfe von Hormus die \u00d6l- und Erdgaspreise in die H\u00f6he trieb.  <\/p>\n<p class=\"text text-block paragraph text-left neo-font-paragraph-xl-reg  yf-18d6y07\" style=\"text-decoration: none; font-style: normal; text-transform: none; text-align: inherit; font-variant-numeric: normal;\">Die Aktivit\u00e4t im verarbeitenden Gewerbe hat sich seitdem abgeschw\u00e4cht, wobei der Gesamt-Einkaufsmanagerindex nun auf viertelj\u00e4hrliche R\u00fcckg\u00e4nge des Bruttoinlandsprodukts hindeutet. Die europ\u00e4ischen Regierungen hatten bis Mitte Juni weniger als 12 Mrd. \u20ac zugesagt, um die Haushalte vor steigenden Energiekosten zu sch\u00fctzen \u2013 deutlich weniger als die Unterst\u00fctzung w\u00e4hrend der vorherigen Krise.  <\/p>\n<p class=\"text text-block paragraph text-left neo-font-paragraph-xl-reg  yf-18d6y07\" style=\"text-decoration: none; font-style: normal; text-transform: none; text-align: inherit; font-variant-numeric: normal;\">Auch die Inflation k\u00f6nnte sich als hartn\u00e4ckiger erweisen als erwartet. Die Preise f\u00fcr niederl\u00e4ndisches TTF-Erdgas haben sich seit Jahresbeginn mehr als verdoppelt, w\u00e4hrend D\u00fcngemittelknappheit und ein starker El Ni\u00f1o weiteren Druck auf die Lebensmittelpreise aus\u00fcben.  <\/p>\n<p class=\"text text-block paragraph text-left neo-font-paragraph-xl-reg  yf-18d6y07\" style=\"text-decoration: none; font-style: normal; text-transform: none; text-align: inherit; font-variant-numeric: normal;\">Es ist unwahrscheinlich, dass die Verbraucher die schw\u00e4chere Konjunktur ausgleichen k\u00f6nnen. Das Reallohnwachstum stagnierte im ersten Quartal weitgehend und k\u00f6nnte negativ werden, da die Inflation die Kaufkraft schm\u00e4lert. Ein schw\u00e4cherer Arbeitsmarkt d\u00fcrfte die Haushalte ebenfalls zu Ausgabenk\u00fcrzungen veranlassen.  <\/p>\n<p class=\"text text-block paragraph text-left neo-font-paragraph-xl-reg  yf-18d6y07\" style=\"text-decoration: none; font-style: normal; text-transform: none; text-align: inherit; font-variant-numeric: normal;\">Dennoch verf\u00fcgt Europe \u00fcber mehrere Abwehrmechanismen. Die Bilanzen der privaten Haushalte und Unternehmen sind solider als vor der globalen Finanzkrise, gest\u00fctzt durch niedrigere Kosten f\u00fcr den Schuldendienst und h\u00f6here Best\u00e4nde an liquiden Mitteln.  <\/p>\n<p class=\"text text-block paragraph text-left neo-font-paragraph-xl-reg  yf-18d6y07\" style=\"text-decoration: none; font-style: normal; text-transform: none; text-align: inherit; font-variant-numeric: normal;\">Die diesj\u00e4hrige Energiekrise ist zudem weniger gravierend als der Schock von 2022. Die europ\u00e4ischen Gaspreise erreichten einen Spitzenwert von 62 \u20ac pro Megawattstunde, verglichen mit 339 \u20ac im August 2022, und es gab keinen direkten Versorgungsengpass.  <\/p>\n<p class=\"text text-block paragraph text-left neo-font-paragraph-xl-reg  yf-18d6y07\" style=\"text-decoration: none; font-style: normal; text-transform: none; text-align: inherit; font-variant-numeric: normal;\">Ein robuster globaler Zyklus im verarbeitenden Gewerbe und KI-bezogene Investitionen st\u00fctzen die europ\u00e4ischen Investitionsg\u00fcterhersteller. Eine sich verbessernde Leistungsbilanzdynamik k\u00f6nnte zudem mehr Mittel f\u00fcr die Binnenkonjunktur freisetzen.  <\/p>\n","protected":false},"excerpt":{"rendered":"Investing.com &#8211; Europas Wirtschaft n\u00e4hert sich einem kritischen Punkt. Laut BCA Research erh\u00f6hen die wieder anziehende Energieinflation, eine&hellip;\n","protected":false},"author":2,"featured_media":531879,"comment_status":"","ping_status":"","sticky":false,"template":"","format":"standard","meta":{"footnotes":"","_share_on_mastodon":"0"},"categories":[3933],"tags":[54774,331,332,248590,548,663,158,3934,3935,1148,13,14,15,12,20161],"class_list":["post-1190860","post","type-post","status-publish","format-standard","has-post-thumbnail","category-eu","tag-aktivitaet","tag-aktuelle-nachrichten","tag-aktuelle-news","tag-bca-research","tag-eu","tag-europa","tag-europaeische-union","tag-europe","tag-european-union","tag-haushalte","tag-headlines","tag-nachrichten","tag-news","tag-schlagzeilen","tag-wachstum"],"share_on_mastodon":{"url":"https:\/\/pubeurope.com\/@de\/116977828261694472","error":""},"_links":{"self":[{"href":"https:\/\/www.europesays.com\/de\/wp-json\/wp\/v2\/posts\/1190860","targetHints":{"allow":["GET"]}}],"collection":[{"href":"https:\/\/www.europesays.com\/de\/wp-json\/wp\/v2\/posts"}],"about":[{"href":"https:\/\/www.europesays.com\/de\/wp-json\/wp\/v2\/types\/post"}],"author":[{"embeddable":true,"href":"https:\/\/www.europesays.com\/de\/wp-json\/wp\/v2\/users\/2"}],"replies":[{"embeddable":true,"href":"https:\/\/www.europesays.com\/de\/wp-json\/wp\/v2\/comments?post=1190860"}],"version-history":[{"count":0,"href":"https:\/\/www.europesays.com\/de\/wp-json\/wp\/v2\/posts\/1190860\/revisions"}],"wp:featuredmedia":[{"embeddable":true,"href":"https:\/\/www.europesays.com\/de\/wp-json\/wp\/v2\/media\/531879"}],"wp:attachment":[{"href":"https:\/\/www.europesays.com\/de\/wp-json\/wp\/v2\/media?parent=1190860"}],"wp:term":[{"taxonomy":"category","embeddable":true,"href":"https:\/\/www.europesays.com\/de\/wp-json\/wp\/v2\/categories?post=1190860"},{"taxonomy":"post_tag","embeddable":true,"href":"https:\/\/www.europesays.com\/de\/wp-json\/wp\/v2\/tags?post=1190860"}],"curies":[{"name":"wp","href":"https:\/\/api.w.org\/{rel}","templated":true}]}}