{"id":1190881,"date":"2026-07-25T00:50:35","date_gmt":"2026-07-25T00:50:35","guid":{"rendered":"https:\/\/www.europesays.com\/de\/1190881\/"},"modified":"2026-07-25T00:50:35","modified_gmt":"2026-07-25T00:50:35","slug":"schwimm-finals-lukas-maertens-holt-sich-den-freistil-titel","status":"publish","type":"post","link":"https:\/\/www.europesays.com\/de\/1190881\/","title":{"rendered":"Schwimm-Finals: Lukas M\u00e4rtens holt sich den Freistil-Titel"},"content":{"rendered":"<p>            <img loading=\"lazy\" decoding=\"async\" class=\"ts-image\" src=\"https:\/\/www.europesays.com\/de\/wp-content\/uploads\/2026\/07\/maertens-gesicht-100.jpg\" alt=\"Lukas M\u00e4rtens\" title=\"Lukas M\u00e4rtens | dpa\"\/><\/p>\n<p class=\"metatextline\">Stand: 24.07.2026 \u2022 19:06 Uhr<\/p>\n<p class=\"article-head__shorttext\">\n        <strong>Er ist Olympiasieger und Weltmeister: Schwimmstar Lukas M\u00e4rtens triumphierte bei den Finals in Hannover auch im Kampf um den deutschen Freistil-Titel. <\/strong>\n    <\/p>\n<p>                                    <a class=\"authorline__link\" href=\"https:\/\/www.sportschau.de\/sendung\/reporter\/olaf-jansen,autor-olaf-jansen-100.html\" rel=\"nofollow noopener\" target=\"_blank\"><br \/>\n                                        <img decoding=\"async\" class=\"authorline__img\" alt=\"Olaf Jansen\" src=\"https:\/\/www.europesays.com\/de\/wp-content\/uploads\/2026\/04\/olaf-jansen-102.jpg\"\/><br \/>\n                                    <\/a><\/p>\n<p class=\"textabsatz m-ten m-offset-one l-eight l-offset-two columns twelve\">Strahlend streckte Lukas M\u00e4rtens am fr\u00fchen Freitagabend im Stadionbad von Hannover die rechte Faust in die Luft. Der aktuelle Topstar des deutschen Schwimmsports musste sich \u00fcber die 100-Meter-Freistil zwar von gleich drei Konkurrenten geschlagen geben, doch der Sieger war er trotzdem: Der 24-J\u00e4hrige entschied die Kombi-Punktewertung f\u00fcr sich, nachdem er am Vortag deutlich \u00fcber die 200-Meter-Distanz gewonnen hatte und kann sich nun auch Deutscher Meister \u00fcber die Freistil-Lage nennen.<\/p>\n<p>So wird man &#8222;Lagen-Meister&#8220; bei den Finals<\/p>\n<p>            Bei den Lagenmeisterschaften werden pro Schwimmart jeweils zwei Streckenl\u00e4ngen zusammengefasst. Bei M\u00e4nnern und Frauen sind das 100 und 200 m Brust, 100 und 200 m Freistil, 100 und 200 m Schmetterling sowie 100 und 200 m R\u00fccken. Wer hier am Ende siegt, wird errechnet. Laut Verband werden &#8222;die geschwommenen Zeiten pro Lage\/Stecke f\u00fcr die Gesamtwertung in World-Aquatics-Punkte umgerechnet, die die N\u00e4he zur Weltrekordzeit einordnen&#8220;. Auf diese Weise sollen die Leistungen auf den verschiedenen Strecken vergleichbar gemacht werden.<\/p>\n<p class=\"textabsatz m-ten m-offset-one l-eight l-offset-two columns twelve\">M\u00e4rtens hatte f\u00fcr die Finals eine ganze Menge auf sich genommen. Der Olympiasieger und Weltmeister \u00fcber die 400-Meter-Freistil war dankbar f\u00fcr die Wettk\u00e4mpfe, wollte aber auch nicht auf seine Trainingsarbeit im heimischen Wasser in Magdeburg verzichten.<\/p>\n<p>    Viel Aufwand f\u00fcr die Finals<\/p>\n<p class=\"textabsatz m-ten m-offset-one l-eight l-offset-two columns twelve\">So setzte sich der 24-J\u00e4hrige nach seinem donnerst\u00e4glichen Sieg \u00fcber 200 Meter ins Auto und d\u00fcste die gut 150 Kilometer zur\u00fcck nach Magdeburg. &#8222;Ich wollte im eigenen Bett schlafen und am Freitagmorgen auch meine Trainingseinheit in unserer Halle durchziehen. Danach ging&#8217;s halt wieder die gut eineinhalb Stunden zur\u00fcck nach Hannover&#8220;, erkl\u00e4rte der Weltrekordhalter \u00fcber die 400 Meter.<\/p>\n<p class=\"textabsatz m-ten m-offset-one l-eight l-offset-two columns twelve\">Gern stellte sich M\u00e4rtens &#8211; seit seinem Erfolg in Paris mit Promi-Status dekoriert &#8211; in Hannover den zahlreichen Journalisten und Fans. &#8222;Ich genie\u00dfe das, erkannt zu werden und stelle mich auch gern, denn unsere Sportart kann weitere Aufmerksamkeit gut vertragen&#8220;, so der derzeit beste deutsche Schwimmer. Wie vielseitig er sein kann, bewies er Mitte April im norwegischen Bergen, als er \u00fcber seine &#8222;Nebenstrecke&#8220;, den 200 Meter R\u00fccken, in 1:55,85 Minuten einen neuen deutschen Rekord aufstellte.<\/p>\n<p class=\"absatzbild__info__text\">\n                        In seinem Element: Lukas M\u00e4rtens\n                    <\/p>\n<p>    Niederlagen nimmt M\u00e4rtens gelassen<\/p>\n<p class=\"textabsatz m-ten m-offset-one l-eight l-offset-two columns twelve\">Bei den Deutschen Meisterschaften im April in Berlin siegte er \u00fcber seine Paradestrecke, die 400 Meter Freistil, verlor im 800-Meter-Rennen aber knapp gegen Sven Schwarz. Eine Niederlage, die ihn eher st\u00e4rkte, als Kraft nahm. F\u00fcr M\u00e4rtens &#8211; das hat er schon oft gesagt &#8211; sei nicht der einzelne Moment, sondern der Prozess dahinter.<\/p>\n<p class=\"textabsatz m-ten m-offset-one l-eight l-offset-two columns twelve\">Nach fr\u00fcheren gesundheitlichen Problemen habe er gelernt, wie sehr k\u00f6rperliche Stabilit\u00e4t auch mentale Sicherheit erzeugt. Zweifel seien im Spitzensport &#8222;Gift f\u00fcr den Kopf&#8220;, betont er &#8211; deshalb sei dieses Vertrauen inzwischen ein wesentlicher Teil seiner Leistungsf\u00e4higkeit. \u00dcbrigens auch Lockerheit. Nach dem Training geh\u00f6rt auch ein D\u00f6ner dazu, genauso wie freie Nachmittage oder kurze Phasen, in denen der Sport nicht im Mittelpunkt steht.<\/p>\n<p>    Magdeburg als Kraftort<\/p>\n<p class=\"textabsatz m-ten m-offset-one l-eight l-offset-two columns twelve\">Zuversicht &#8211; die sich M\u00e4rtens auch durch schwierige Verh\u00e4ltnisse nicht nehmen l\u00e4sst. Trainiert wird er in Magdeburg von Bundestrainer Bernd Berhahn, in einer Trainingsgruppe, die seit Jahren das deutsche Schwimmen pr\u00e4gt. Im Fr\u00fchjahr passierte dies wochenlang unter erschwerten Bedingungen: Die Elbeschwimmhalle war teilweise gesperrt, Trainings- und Krafteinheiten mussten auf mehrere Orte verteilt werden. &#8222;Es frisst Zeit und ein paar Nerven&#8220;, hatte M\u00e4rtens damals gesagt &#8211; ohne daraus ein Thema zu machen.<\/p>\n<p>    Elendt und Imoudu \u00fcber die Bruststrecke erfolgreich<\/p>\n<p class=\"textabsatz m-ten m-offset-one l-eight l-offset-two columns twelve\">Den ersten Titel hatte sich am Freitag \u00fcber die Bruststrecke Anna Elendt geholt. Die Welt- und Europameisterin aus Frankfurt, die lange in den USA gelebt hat, holte sich den Titel im 200-Meter-Rennen, nachdem sie am Vortag bereits das 100-Meter-Rennen deutlich f\u00fcr sich entschieden hatte. Auf Rang zwei in der Kombiwertung: Lena Ludwig aus Aschaffenburg vor Hannah Schneider aus Hofheim.<\/p>\n<p>    Lucas Matzerath &#8211; Uni geht vor<\/p>\n<p class=\"textabsatz m-ten m-offset-one l-eight l-offset-two columns twelve\">\u00dcber die Bruststrecke der M\u00e4nner wurde ein Dreikampf erwartet: Allerdings musste Lucas Matzerath aus Weinheim passen, er musste wegen einer wichtigen Uni-Pr\u00fcfung seinen Start absagen. Es blieben also Melvin Imoudu (Schwedt\/Oder) und der Potsdamer Jan-Malte Gr\u00e4fe, die den Titel unter sich ausmachen wollten. Imoudu hatte am Donnerstag die 100 Meter gewonnen, doch der 27-J\u00e4hrige musste \u00fcber die 200 Meter schwer k\u00e4mpfen. Der Europameister \u00fcber 100 Meter von 2024 wurde im 200-Meter-Rennen nur Vierter, setzte sich in der Gesamtwertung aber dennoch durch und landete knapp vor Mathis Sch\u00f6nung und 200-Meter-Sieger Kenneth Bock.<\/p>\n<p>    Nicole Maier &#8211; international unterwegs<\/p>\n<p class=\"textabsatz m-ten m-offset-one l-eight l-offset-two columns twelve\">Hauchd\u00fcnn ging es im Freistil-Finale der Frauen zu. Es triumphierte am Ende ganz knapp 100-Meter-Siegerin Nicole Maier vor Maya Tobehn und Linda Roth. Die 26-j\u00e4hrige Maier ist dabei multinational unterwegs: Geboren in Bottrop, studiert sie in den USA, trainiert in Griechenland bei ihrem Lebenspartner und startet f\u00fcr den SC Wiesbaden. Bei den Deutschen Meisterschaften in diesem Jahr hatte Maier Doppelsilber \u00fcber die 100m Freistil und 200m Freistil gewonnen und sich so f\u00fcr einen Platz im deutschen EM-Team empfohlen.<\/p>\n<p class=\"textabsatz m-ten m-offset-one l-eight l-offset-two columns twelve\">\u00dcbe die Schmetterling-lagen feierte bei den Frauen Yara Riefstahl den Titelgewinn, auch hier wurde Maya Tobehn Zweite. Auf Rang drei: Seike Schlump. Bei den M\u00e4nnern vorn: Tobias Scholz vor Leo Leverkus und 100-Meter-Sieger Bj\u00f6rn Kammann.<\/p>\n<p>    Lise Seidel st\u00e4rkste R\u00fcckenschwimmerin<\/p>\n<p class=\"textabsatz m-ten m-offset-one l-eight l-offset-two columns twelve\">Als beste deutsche R\u00fcckenschwimmerin darf sich aktuell Lise Seidel bezeichnen. Die 19-J\u00e4hrige gewann die 100 Meter am Freitag vor Noelle Benkler und entschied somit auch die Gesamtwertung vor Benkler f\u00fcr sich. Dritte hier: Katharina M\u00f6\u00dfner.<\/p>\n<p class=\"textabsatz m-ten m-offset-one l-eight l-offset-two columns twelve\">Bei den M\u00e4nnern hatte wie erwartet Cornelius Jahn die Nase vorn. Der geb\u00fcrtige Ahrensburger, der lange am Hamburger Bundesst\u00fctzpunkt trainierte und seit zwei Jahren an der Ohio State University in den USA studiert, feierte vor Peer M\u00f6ller und Finn Hammer den Titelgewinn.<\/p>\n","protected":false},"excerpt":{"rendered":"Stand: 24.07.2026 \u2022 19:06 Uhr Er ist Olympiasieger und Weltmeister: Schwimmstar Lukas M\u00e4rtens triumphierte bei den Finals in&hellip;\n","protected":false},"author":2,"featured_media":1190882,"comment_status":"","ping_status":"","sticky":false,"template":"","format":"standard","meta":{"footnotes":"","_share_on_mastodon":"0"},"categories":[1836],"tags":[20373,3364,29,89007,30,46,1411],"class_list":["post-1190881","post","type-post","status-publish","format-standard","has-post-thumbnail","category-hannover","tag-schwimmen","tag-de","tag-deutschland","tag-die-finals","tag-germany","tag-hannover","tag-niedersachsen"],"share_on_mastodon":{"url":"https:\/\/pubeurope.com\/@de\/116977876763868509","error":""},"_links":{"self":[{"href":"https:\/\/www.europesays.com\/de\/wp-json\/wp\/v2\/posts\/1190881","targetHints":{"allow":["GET"]}}],"collection":[{"href":"https:\/\/www.europesays.com\/de\/wp-json\/wp\/v2\/posts"}],"about":[{"href":"https:\/\/www.europesays.com\/de\/wp-json\/wp\/v2\/types\/post"}],"author":[{"embeddable":true,"href":"https:\/\/www.europesays.com\/de\/wp-json\/wp\/v2\/users\/2"}],"replies":[{"embeddable":true,"href":"https:\/\/www.europesays.com\/de\/wp-json\/wp\/v2\/comments?post=1190881"}],"version-history":[{"count":0,"href":"https:\/\/www.europesays.com\/de\/wp-json\/wp\/v2\/posts\/1190881\/revisions"}],"wp:featuredmedia":[{"embeddable":true,"href":"https:\/\/www.europesays.com\/de\/wp-json\/wp\/v2\/media\/1190882"}],"wp:attachment":[{"href":"https:\/\/www.europesays.com\/de\/wp-json\/wp\/v2\/media?parent=1190881"}],"wp:term":[{"taxonomy":"category","embeddable":true,"href":"https:\/\/www.europesays.com\/de\/wp-json\/wp\/v2\/categories?post=1190881"},{"taxonomy":"post_tag","embeddable":true,"href":"https:\/\/www.europesays.com\/de\/wp-json\/wp\/v2\/tags?post=1190881"}],"curies":[{"name":"wp","href":"https:\/\/api.w.org\/{rel}","templated":true}]}}