{"id":1191134,"date":"2026-07-25T03:33:29","date_gmt":"2026-07-25T03:33:29","guid":{"rendered":"https:\/\/www.europesays.com\/de\/1191134\/"},"modified":"2026-07-25T03:33:29","modified_gmt":"2026-07-25T03:33:29","slug":"ukraine-krieg-selenskyj-am-dienstag-zu-beratungen-bei-trump","status":"publish","type":"post","link":"https:\/\/www.europesays.com\/de\/1191134\/","title":{"rendered":"Ukraine-Krieg: Selenskyj am Dienstag zu Beratungen bei Trump"},"content":{"rendered":"<p>Selenskyj: Neue Milit\u00e4rf\u00fchrung soll Mobilmachung verbessern<\/p>\n<p>Der ukrainische Pr\u00e4sident Wolodymyr Selenskyj beauftragt die neue Milit\u00e4rf\u00fchrung mit einer besseren Mobilmachung und will den abgesetzten Verteidigungsminister Mychajlo Fedorow im Kabinett halten. Der neue Verteidigungsminister Jewhenij Chmara und der neue Oberbefehlshaber Mychajlo Drapatyj m\u00fcssten die Rekrutierung von Soldaten verbessern, sagte Selenskyj der Nachrichtenagentur Interfax-Ukraine zufolge am Donnerstag. Fedorow seien mehrere Posten angeboten worden, darunter ein Ressort f\u00fcr Verteidigungsinnovationen im Rang eines Vizeministerpr\u00e4sidenten. Selenskyj best\u00e4tigte, dass er Ex-Ministerpr\u00e4sidentin Julija Swyrydenko den wichtigen Botschafterposten in den USA angeboten habe.<\/p>\n<p>Der bisherige Verteidigungsminister Fedorow, ein junger Technologieexperte, und der bisherige Oberbefehlshaber Olexander Syrskyj, ein altgedienter General sowjetischer Schule, hatten sich \u00f6ffentlich \u00fcberworfen. Daraufhin hatte Selenskyj zun\u00e4chst Fedorow und dann, nach \u00f6ffentlichen Protesten, auch Syrskyj entlassen. Im Zuge dessen hatte Selenskyj das Kabinett umgebildet. Der neue Verteidigungsminister Chmara, ein ehemaliger Geheimdienstler und Drohnenexperte, und der neue Milit\u00e4rchef Drapatyj sollen nach bisherigen Angaben Angriffe auf Russland verst\u00e4rken und Effizienzm\u00e4ngel beheben. Dazu z\u00e4hlen Rekrutierungsprobleme und Korruption. Chmara ist bisher nur gesch\u00e4ftsf\u00fchrend im Amt, weil seine Best\u00e4tigung durch das Parlament noch aussteht.<\/p>\n","protected":false},"excerpt":{"rendered":"Selenskyj: Neue Milit\u00e4rf\u00fchrung soll Mobilmachung verbessern Der ukrainische Pr\u00e4sident Wolodymyr Selenskyj beauftragt die neue Milit\u00e4rf\u00fchrung mit einer besseren&hellip;\n","protected":false},"author":2,"featured_media":1191135,"comment_status":"","ping_status":"","sticky":false,"template":"","format":"standard","meta":{"footnotes":"","_share_on_mastodon":"0"},"categories":[4013],"tags":[331,332,13,10977,14,15,4043,4044,850,307,12],"class_list":["post-1191134","post","type-post","status-publish","format-standard","has-post-thumbnail","category-russland","tag-aktuelle-nachrichten","tag-aktuelle-news","tag-headlines","tag-msc","tag-nachrichten","tag-news","tag-russia","tag-russian-federation","tag-russische-foederation","tag-russland","tag-schlagzeilen"],"share_on_mastodon":{"url":"https:\/\/pubeurope.com\/@de\/116978516472724283","error":""},"_links":{"self":[{"href":"https:\/\/www.europesays.com\/de\/wp-json\/wp\/v2\/posts\/1191134","targetHints":{"allow":["GET"]}}],"collection":[{"href":"https:\/\/www.europesays.com\/de\/wp-json\/wp\/v2\/posts"}],"about":[{"href":"https:\/\/www.europesays.com\/de\/wp-json\/wp\/v2\/types\/post"}],"author":[{"embeddable":true,"href":"https:\/\/www.europesays.com\/de\/wp-json\/wp\/v2\/users\/2"}],"replies":[{"embeddable":true,"href":"https:\/\/www.europesays.com\/de\/wp-json\/wp\/v2\/comments?post=1191134"}],"version-history":[{"count":0,"href":"https:\/\/www.europesays.com\/de\/wp-json\/wp\/v2\/posts\/1191134\/revisions"}],"wp:featuredmedia":[{"embeddable":true,"href":"https:\/\/www.europesays.com\/de\/wp-json\/wp\/v2\/media\/1191135"}],"wp:attachment":[{"href":"https:\/\/www.europesays.com\/de\/wp-json\/wp\/v2\/media?parent=1191134"}],"wp:term":[{"taxonomy":"category","embeddable":true,"href":"https:\/\/www.europesays.com\/de\/wp-json\/wp\/v2\/categories?post=1191134"},{"taxonomy":"post_tag","embeddable":true,"href":"https:\/\/www.europesays.com\/de\/wp-json\/wp\/v2\/tags?post=1191134"}],"curies":[{"name":"wp","href":"https:\/\/api.w.org\/{rel}","templated":true}]}}