{"id":1191381,"date":"2026-07-25T06:08:26","date_gmt":"2026-07-25T06:08:26","guid":{"rendered":"https:\/\/www.europesays.com\/de\/1191381\/"},"modified":"2026-07-25T06:08:26","modified_gmt":"2026-07-25T06:08:26","slug":"verfassungsschutz-warnt-vor-radikalisierung-durch-active-clubs-in-deutschland","status":"publish","type":"post","link":"https:\/\/www.europesays.com\/de\/1191381\/","title":{"rendered":"Verfassungsschutz warnt vor Radikalisierung durch Active Clubs in Deutschland"},"content":{"rendered":"<p>Vorbereitung auf &#8222;Rassenkrieg&#8220;Verfassungsschutz beobachtet Radikalisierung in Aktivklubs<\/p>\n<p>25.07.2026, 06:55 Uhr <\/p>\n<p>Artikel anh\u00f6ren(03:16 min)<\/p>\n<p><img decoding=\"async\" class=\"Image_img__fQCi0 Image_Img_16_9__4BLfH widget-picture-inline_maximizable__t_E7h\" loading=\"eager\" fetchpriority=\"high\" src=\"https:\/\/www.europesays.com\/de\/wp-content\/uploads\/2026\/07\/Wandern-im-Sauerland-Weg-bei-Jagdhaus-Wanderzeichen-Rothaarsteig-Ortsteil-von-Schmallenberg-NRW-Deut.webp\" alt=\"Wandern-im-Sauerland-Weg-bei-Jagdhaus-Wanderzeichen-Rothaarsteig-Ortsteil-von-Schmallenberg-NRW-Deutschland\"\/>Auch der gemeinsame Wanderausflug kann laut Verfassungsschutz f\u00fcr die Anbindung an rechtsextreme Netzwerke missbraucht werden. (Foto: picture alliance \/ Jochen Tack)TeilenFolgen auf:<a href=\"https:\/\/www.whatsapp.com\/channel\/0029Va5cdVJD8SDp5YZgYF01\" title=\"Auf WhatsApp folgen\" target=\"_blank\" rel=\"nofollow noopener\"><img decoding=\"async\" src=\"https:\/\/www.n-tv.de\/socialIcons\/whatsapp.svg\" alt=\"whatsapp\" class=\"ArticleShare_icon__FsrC2\"\/><\/a><a href=\"https:\/\/www.google.com\/preferences\/source?q=n-tv.de\" title=\"ntv als bevorzugte Quelle auf Google hinzuf\u00fcgen\" target=\"_blank\" rel=\"nofollow noopener\"><img decoding=\"async\" src=\"https:\/\/www.n-tv.de\/socialIcons\/google.svg\" alt=\"whatsapp\" class=\"ArticleShare_icon__FsrC2\"\/><\/a><\/p>\n<p class=\"Typography_text-m__XI0da Typography_weight-bold__uT6mq storyline_lead_text_leadtext__q_wg8\">Sport und Bewegung sind gesund. In sozialen Medien laden 22 &#8222;Active Clubs&#8220; junge M\u00e4nner zum gemeinsamen Trainieren oder Wandern ein. Der Verfassungsschutz warnt: Es handelt sich um einen Versuch, Nachwuchs durch Leitmotive wie Disziplin und \u00c4sthetik f\u00fcr das rechtsextremistische Spektrum zu gewinnen.<\/p>\n<p class=\"Typography_text-default__P3otY Typography_weight-normal__pqUbH storyline_paragraph_p__qSR5N\">Deutsche Sicherheitsbeh\u00f6rden warnen vor der Radikalisierung junger M\u00e4nner in Aktivklubs. &#8222;Seit dem Fr\u00fchjahr 2024&#8220; lasse sich die &#8222;Gr\u00fcndung einer Vielzahl an regionalen <a class=\"inline_link\" href=\"https:\/\/www.verfassungsschutz.de\/SharedDocs\/glossareintraege\/DE\/A\/active-clubs.html?utm_source=chatgpt.com\" target=\"_blank\" rel=\"nofollow noopener\">&#8218;Active Clubs&#8216;<\/a> in Deutschland feststellen&#8220;, teilt das Bundesamt f\u00fcr Verfassungsschutz der &#8222;S\u00fcddeutschen Zeitung&#8220; mit. Diese Sportgemeinschaften sind demzufolge ein Versuch, junge M\u00e4nner f\u00fcr das rechtsextremistische Spektrum zu gewinnen. Die Beh\u00f6rden haben die Szene eigenen Angaben zufolge im Blick: Dem Verfassungsschutz seien &#8222;Erkenntnisse zu diversen relevanten Personen mit einem entsprechenden Bezug bekannt&#8220;.<\/p>\n<p class=\"Typography_text-default__P3otY Typography_weight-normal__pqUbH storyline_paragraph_p__qSR5N\">Bei ihren Untersuchungen haben Sicherheitsbeh\u00f6rden dem Bericht zufolge Verbindungen der Aktivszene zu rechtsextremen Parteien festgestellt. Laut dem Bayerischen Landesamt f\u00fcr Verfassungsschutz hat Patrick Schr\u00f6der einen &#8222;Fahrplan&#8220; f\u00fcr den Aufbau dieser Klubs in Deutschland erarbeitet. Schr\u00f6der ist der stellvertretende Chef der Partei &#8222;Die Heimat&#8220; in Bayern. &#8222;Die Heimat&#8220; ist eine rechtsextreme und neonazistische Partei, die 1964 als Nationaldemokratische Partei Deutschlands (NPD) gegr\u00fcndet und im Juni 2023 umbenannt wurde.\u00a0<\/p>\n<p class=\"Typography_text-default__P3otY Typography_weight-normal__pqUbH storyline_paragraph_p__qSR5N\">Die Aktivklubs dienen der engeren partei- und organisations\u00fcbergreifenden Vernetzung der Szene, wie der Landesverfassungsschutz mitteilt. Das Ziel: Junge M\u00e4nner sollen \u00fcber k\u00f6rperliche Fitness und einer Ideologie &#8222;wei\u00dfer \u00dcberlegenheit schleichend radikalisiert und in die Szene integriert werden&#8220;. Der Bundes- und der Landesverband von &#8222;Die Heimat&#8220; sowie Schr\u00f6der lie\u00dfen Anfragen zu Schr\u00f6ders Rolle und die der Partei unbeantwortet.<\/p>\n<p class=\"Typography_text-default__P3otY Typography_weight-normal__pqUbH storyline_paragraph_p__qSR5N\">In einschl\u00e4gigen sozialen Medien werden in Deutschland 22 solcher Klubs aufgef\u00fchrt. Wie viele wirklich aktiv sind, ist f\u00fcr Au\u00dfenstehende nicht erkennbar. Beh\u00f6rden f\u00fcrchten dennoch das Gewaltpotenzial. Ziel ist es laut Bayerischem Landesamt f\u00fcr Verfassungsschutz, Kampfsport zu trainieren, um &#8222;auf einen angeblich bevorstehenden Rassenkrieg vorbereitet zu sein&#8220;. <\/p>\n<p class=\"Typography_text-default__P3otY Typography_weight-normal__pqUbH storyline_paragraph_p__qSR5N\">Das Konzept der &#8222;Active Clubs&#8220; stammt urspr\u00fcnglich aus den USA. In den vergangenen Jahren breitete es sich auch in mehreren europ\u00e4ischen L\u00e4ndern aus. Lokale Gruppen pr\u00e4sentieren sich nach au\u00dfen h\u00e4ufig \u00fcber Kraftsport, Kampfsport, Wandern, Disziplin und Gemeinschaft. Gleichzeitig sollen die Klubs eine Br\u00fccke zwischen dem virtuellen Raum und dem pers\u00f6nlichen Kennenlernen schlagen. Junge M\u00e4nner sollten durch gemeinsames Training und gemeinsame Aktivit\u00e4ten f\u00fcr das rechtsextremistische Spektrum gewonnen werden. <\/p>\n<p class=\"Typography_text-s__wu_cm Typography_weight-normal__pqUbH Typography_color-darkgrey__sZEnP article-detail-footer_source__KslPc\">Quelle: ntv.de, chr<\/p>\n","protected":false},"excerpt":{"rendered":"Vorbereitung auf &#8222;Rassenkrieg&#8220;Verfassungsschutz beobachtet Radikalisierung in Aktivklubs 25.07.2026, 06:55 Uhr Artikel anh\u00f6ren(03:16 min) Auch der gemeinsame Wanderausflug kann&hellip;\n","protected":false},"author":2,"featured_media":1191382,"comment_status":"","ping_status":"","sticky":false,"template":"","format":"standard","meta":{"footnotes":"","_share_on_mastodon":"0"},"categories":[2],"tags":[29,30,13,14,3393,15,15691,16,770,12,10,8,9,11,419],"class_list":["post-1191381","post","type-post","status-publish","format-standard","has-post-thumbnail","category-deutschland","tag-deutschland","tag-germany","tag-headlines","tag-nachrichten","tag-neonazis","tag-news","tag-npd","tag-politik","tag-rechtsextremismus","tag-schlagzeilen","tag-top-news","tag-top-meldungen","tag-topmeldungen","tag-topnews","tag-verfassungsschutz"],"share_on_mastodon":{"url":"https:\/\/pubeurope.com\/@de\/116979127653324748","error":""},"_links":{"self":[{"href":"https:\/\/www.europesays.com\/de\/wp-json\/wp\/v2\/posts\/1191381","targetHints":{"allow":["GET"]}}],"collection":[{"href":"https:\/\/www.europesays.com\/de\/wp-json\/wp\/v2\/posts"}],"about":[{"href":"https:\/\/www.europesays.com\/de\/wp-json\/wp\/v2\/types\/post"}],"author":[{"embeddable":true,"href":"https:\/\/www.europesays.com\/de\/wp-json\/wp\/v2\/users\/2"}],"replies":[{"embeddable":true,"href":"https:\/\/www.europesays.com\/de\/wp-json\/wp\/v2\/comments?post=1191381"}],"version-history":[{"count":0,"href":"https:\/\/www.europesays.com\/de\/wp-json\/wp\/v2\/posts\/1191381\/revisions"}],"wp:featuredmedia":[{"embeddable":true,"href":"https:\/\/www.europesays.com\/de\/wp-json\/wp\/v2\/media\/1191382"}],"wp:attachment":[{"href":"https:\/\/www.europesays.com\/de\/wp-json\/wp\/v2\/media?parent=1191381"}],"wp:term":[{"taxonomy":"category","embeddable":true,"href":"https:\/\/www.europesays.com\/de\/wp-json\/wp\/v2\/categories?post=1191381"},{"taxonomy":"post_tag","embeddable":true,"href":"https:\/\/www.europesays.com\/de\/wp-json\/wp\/v2\/tags?post=1191381"}],"curies":[{"name":"wp","href":"https:\/\/api.w.org\/{rel}","templated":true}]}}