{"id":1191783,"date":"2026-07-25T10:08:17","date_gmt":"2026-07-25T10:08:17","guid":{"rendered":"https:\/\/www.europesays.com\/de\/1191783\/"},"modified":"2026-07-25T10:08:17","modified_gmt":"2026-07-25T10:08:17","slug":"aussteigerin-ursula-laedt-100-kilometer-vor-berlin-zum-abschalten-und-tanzen-ein","status":"publish","type":"post","link":"https:\/\/www.europesays.com\/de\/1191783\/","title":{"rendered":"Aussteigerin Ursula l\u00e4dt 100 Kilometer vor Berlin zum Abschalten und Tanzen ein"},"content":{"rendered":"<p class=\"paragraph tw-mx-auto tw-mb-6\">Die <a data-li-document-ref=\"2909066\" href=\"https:\/\/www.nordkurier.de\/regional\/uckermark\/die-haengematte-zum-glueck-2909066\" rel=\"nofollow noopener\" target=\"_blank\">Akademikerin Ursula Macht<\/a> gab vor 20 Jahren ihr komfortables Leben in <a class=\"rtr-entity\" data-rtr-entity=\"Berlin\" data-rtr-id=\"d0f8ca37195d12bf55f612c03cb5ae6e0ea21dfa\" data-rtr-score=\"42.46129624770401\" data-rtr-etype=\"location\" data-rtr-index=\"8\" href=\"https:\/\/www.nordkurier.de\/thema\/berlin\" rel=\"nofollow noopener\" target=\"_blank\">Berlin<\/a> auf, um in der Uckermark Neues zu wagen. Sie baute 100 Kilometer von der Hauptstadt entfernt einen alten Hof zur Kulturst\u00e4tte um. Die promovierte Literatur-Wissenschaftlerin freut sich seitdem jede Saison aufs Neue auf viele Besucher.<\/p>\n<p>Guter Start in die neue Saison<\/p>\n<p class=\"paragraph tw-mx-auto tw-mb-6\">2026 hat bereits hervorragend gestartet, wie die 71-J\u00e4hrige sagt: \u201eUnsere letzten beiden Konzerte waren wunderbar, wer die \u201aKlangbande\u201b mit ihrem tollen neuen Programm verpasst hat, tut mir leid. Aber vor allem das Konzert mit Karola Nitsch und Bertold Karsten Troyke hat das Publikum so mitgerissen, dass wir beinahe eine Tanzfl\u00e4che frei ger\u00e4umt h\u00e4tten.\u201c<\/p>\n<p class=\"tw-text-neutral-10 tw-py-2 tw-border-t tw-mb-0 tw-text-title-md tw-font-medium tw-border-solid tw-border-b-neutral-10 tw-font-primary\">Empfohlene Artikel<\/p>\n<p class=\"paragraph tw-mx-auto tw-mb-6\">Nun aber zum n\u00e4chsten Highlight: \u201eImmer wieder werde ich gefragt, ob die gro\u00dfartige Flamenco-T\u00e4nzerin nicht auch mal wieder zu uns kommt\u201c, sagte Ursula Macht zu Wochenbeginn dem Nordkurier: \u201eNun ist es endlich soweit &#8211; am Sonnabend, dem 1. August, zeigt Laura La Canela um 16 Uhr auf dem Artemishof ihre mitrei\u00dfende Performance unter dem Titel \u201aFlamenco Bohemio\u201b.\u201c<\/p>\n<p><img src=\"https:\/\/www.europesays.com\/de\/wp-content\/uploads\/2026\/07\/ca61cea1-5506-401e-8eaf-5226b4a5e38f.jpeg\" alt=\"Ursula Macht liebt ihr Leben auf dem Land.\" fetchpriority=\"auto\" loading=\"lazy\" decoding=\"async\"\/><img decoding=\"async\" alt=\"Bild vergr\u00f6\u00dfern\" class=\"sm:tw-w-9 sm:tw-h-9\" src=\"data:image\/svg+xml,%3csvg%20width='48'%20height='48'%20viewBox='0%200%2048%2048'%20fill='none'%20xmlns='http:\/\/www.w3.org\/2000\/svg'%3e%3crect%20width='48'%20height='48'%20rx='24'%20fill='white'%20fill-opacity='0.8'\/%3e%3cmask%20id='mask0_13797_3251'%20style='mask-type:alpha'%20maskUnits='userSpaceOnUse'%20x='12'%20y='12'%20width='24'%20height='24'%3e%3crect%20x='12'%20y='12'%20width='24'%20height='24'%20fill='%23D9D9D9'\/%3e%3c\/mask%3e%3cg%20mask='url(%23mask0_13797_3251)'%3e%3cpath%20d='M15%2033V25H17V29.6L29.6%2017H25V15H33V23H31V18.4L18.4%2031H23V33H15Z'%20fill='%231C1B1F'\/%3e%3c\/g%3e%3c\/svg%3e\"\/><\/p>\n<p>Ursula Macht liebt ihr Leben auf dem Land. (Foto: Privat)<\/p>\n<p class=\"paragraph tw-mx-auto tw-mb-6\">Doch damit nicht genug, am Sonntag, dem 2. August, von 12 bis 16 Uhr gibt es noch einen Workshop, \u201eFlamenco Rumba\u201c, zu dem man sich m\u00f6glichst zeitnah anmelden sollte, denn die Pl\u00e4tze sind begrenzt.<\/p>\n<p class=\"paragraph tw-mx-auto tw-mb-6\">Sie und ihre Mitstreiter Chris und Simon \u00f6ffnen den Hof am Samstag wie gewohnt um 15.30 Uhr, f\u00fcr die T\u00e4nzerin geht sp\u00e4ter der Hut herum, f\u00fcr Kaffee, Tee und gekr\u00e4utertes Wasser bittet der Verein um Spenden.<\/p>\n<p class=\"paragraph tw-mx-auto tw-mb-6\">Ursula Macht gibt auch schon\u00a0eine kleine Vorschau auf die n\u00e4chsten Veranstaltungen: Am 15. August wird der K\u00fcnstler Michael Seidel  mit seinem Volksliederprogramm in Flieth zu Gast sein, den \u00c4lteren vielleicht noch bekannt vom \u201eSchauorchester Ungelenk\u201c aus DDR-Zeiten oder neuerdings mit dem YouTube-Podcast \u201eBiertrinken mit Micha\u201c, in dem er interessante Menschen zu Wort kommen l\u00e4sst.<\/p>\n<p class=\"tw-text-neutral-10 tw-py-2 tw-border-t tw-mb-0 tw-text-title-md tw-font-medium tw-border-solid tw-border-b-neutral-10 tw-font-primary\">Empfohlene Artikel<\/p>\n<p class=\"paragraph tw-mx-auto tw-mb-6\">Aber es sei vorab gewarnt: Deutsche G\u00e4rten sehen gemeinhin so aus: getrimmter Rasen, beschnittene Rosen und schnurgerade Beete. Wehe, es macht sich Unkraut und Wildwuchs breit. Der Hof von <a target=\"_blank\" href=\"https:\/\/www.nordkurier.de\/regional\/uckermark\/aussteigerin-setzt-auf-selbstversorgung-mit-permakultur-1402422\" data-li-document-ref=\"1402422\" rel=\"nofollow noopener\">Ursula Macht in Flieth<\/a> kommt wie der absolute Gegenentwurf daher. Hier bleibt offenbar alles dem Zufall, also der Natur, \u00fcberlassen. Aber genau das macht auch den Reiz des Anwesens aus. Wer durchs Tor tritt, wirft beinahe unbemerkt die Last des stressigen Alltags von sich ab. Hier muss man langsam gehen, dem holprigen Pflaster sei Dank. Und hier erwartet G\u00e4ste auch sonst fast nichts, was in anderen Beherbergungsh\u00e4usern Usus ist. Vermutlich darum kommen die Besucher so gern, bevorzugt aus gro\u00dfen St\u00e4dten wie Berlin, wo Steing\u00e4rten l\u00e4ngst naturnahe Refugien abgel\u00f6st zu haben scheinen.<\/p>\n<p>Schafe streicheln und f\u00fcttern<\/p>\n<p class=\"paragraph tw-mx-auto tw-mb-6\">Ursula Macht glaubt, dass <a target=\"_blank\" href=\"https:\/\/www.artemishof-flieth.de\/\" rel=\"nofollow noopener\">ihr Refugium<\/a> auch wie gemacht f\u00fcr Gro\u00dfeltern-Enkel-Ausfl\u00fcge ist: \u201eMorgens k\u00f6nnen die Kinder sich ihr Fr\u00fchst\u00fccksei selbst aus dem Nest holen, danach die Schafe streicheln und f\u00fcttern, an der Familienwanderung teilnehmen und vieles mehr. Am Abend nach einem erlebnisreichen Tag k\u00f6nnen sie zwar nicht fernsehen &#8211; daf\u00fcr aber am Lagerfeuer Stockbrot backen, singen und Geschichten erz\u00e4hlen oder ihnen lauschen &#8230;\u201c<\/p>\n<p class=\"paragraph tw-mx-auto tw-mb-6\">Bei schlechtem Wetter gibt es die Garagengalerie, einen gem\u00fctlichen Salon mit B\u00fcchern und einen \u201eLesespeicher\u201c mit vielen Kinder- und Jugendb\u00fcchern zum St\u00f6bern. Einen WLAN-Anschluss hat der Artemishof allerdings auch.<\/p>\n<p class=\"paragraph tw-mx-auto tw-mb-6\">Kontakt: <a href=\"https:\/\/www.nordkurier.de\/regional\/uckermark\/tel:01793944825\" rel=\"nofollow noopener\" target=\"_blank\">0179 3944825<\/a><\/p><\/p>\n","protected":false},"excerpt":{"rendered":"Die Akademikerin Ursula Macht gab vor 20 Jahren ihr komfortables Leben in Berlin auf, um in der Uckermark&hellip;\n","protected":false},"author":2,"featured_media":1191784,"comment_status":"","ping_status":"","sticky":false,"template":"","format":"standard","meta":{"footnotes":"","_share_on_mastodon":"0"},"categories":[1825],"tags":[248755,296,29,30,3741,80,6237,6907],"class_list":["post-1191783","post","type-post","status-publish","format-standard","has-post-thumbnail","category-berlin","tag-austeiger","tag-berlin","tag-deutschland","tag-germany","tag-hof","tag-kultur","tag-natur","tag-tanz"],"share_on_mastodon":{"url":"https:\/\/pubeurope.com\/@de\/116980071396760794","error":""},"_links":{"self":[{"href":"https:\/\/www.europesays.com\/de\/wp-json\/wp\/v2\/posts\/1191783","targetHints":{"allow":["GET"]}}],"collection":[{"href":"https:\/\/www.europesays.com\/de\/wp-json\/wp\/v2\/posts"}],"about":[{"href":"https:\/\/www.europesays.com\/de\/wp-json\/wp\/v2\/types\/post"}],"author":[{"embeddable":true,"href":"https:\/\/www.europesays.com\/de\/wp-json\/wp\/v2\/users\/2"}],"replies":[{"embeddable":true,"href":"https:\/\/www.europesays.com\/de\/wp-json\/wp\/v2\/comments?post=1191783"}],"version-history":[{"count":0,"href":"https:\/\/www.europesays.com\/de\/wp-json\/wp\/v2\/posts\/1191783\/revisions"}],"wp:featuredmedia":[{"embeddable":true,"href":"https:\/\/www.europesays.com\/de\/wp-json\/wp\/v2\/media\/1191784"}],"wp:attachment":[{"href":"https:\/\/www.europesays.com\/de\/wp-json\/wp\/v2\/media?parent=1191783"}],"wp:term":[{"taxonomy":"category","embeddable":true,"href":"https:\/\/www.europesays.com\/de\/wp-json\/wp\/v2\/categories?post=1191783"},{"taxonomy":"post_tag","embeddable":true,"href":"https:\/\/www.europesays.com\/de\/wp-json\/wp\/v2\/tags?post=1191783"}],"curies":[{"name":"wp","href":"https:\/\/api.w.org\/{rel}","templated":true}]}}