{"id":1192407,"date":"2026-07-25T16:32:32","date_gmt":"2026-07-25T16:32:32","guid":{"rendered":"https:\/\/www.europesays.com\/de\/1192407\/"},"modified":"2026-07-25T16:32:32","modified_gmt":"2026-07-25T16:32:32","slug":"finals-2026-turn-kueken-kevric-kroent-comeback-mit-gold","status":"publish","type":"post","link":"https:\/\/www.europesays.com\/de\/1192407\/","title":{"rendered":"Finals 2026: Turn-K\u00fcken Kevric kr\u00f6nt Comeback mit Gold"},"content":{"rendered":"<p>            <img loading=\"lazy\" decoding=\"async\" class=\"ts-image\" src=\"https:\/\/www.europesays.com\/de\/wp-content\/uploads\/2026\/07\/stufenbarren-helen-kevric-100.jpg\" alt=\"Helen Kevric wird deutsche Meisterin am Stufenbarren\" title=\"Helen Kevric wird deutsche Meisterin am Stufenbarren | IMAGO \/ Kessler-Sportfotografie\"\/><\/p>\n<p class=\"metatextline\">Stand: 25.07.2026 \u2022 17:48 Uhr<\/p>\n<p class=\"article-head__shorttext\">\n        <strong>Die deutsche Turn-Hoffnung Helen Kevric hat sich nach langer Leidenszeit bei den Finals 2026 in Hannover mit dem Titel am Stufenbarren eindrucksvoll zur\u00fcckgemeldet. Ganz zufrieden ist sie selbst jedoch noch nicht.<\/strong>\n    <\/p>\n<p class=\"textabsatz m-ten m-offset-one l-eight l-offset-two columns twelve\">Als Helen Kevric (MTV Stuttgart) auf dem Siegertreppchen steht, h\u00e4lt sie ihre goldene Medaille in Richtung Trib\u00fcne. Es ist ein ganz bewusster Moment des Dankes. Denn auf den R\u00e4ngen der ZAG Arena sitzen die Menschen, ohne die dieser Triumph &#8211; der Deutsche Meistertitel am Stufenbarren &#8211; undenkbar w\u00e4re. &#8222;Meine Familie ist generell immer f\u00fcr mich da, in dieser schweren Zeit war sie es aber nochmal extra. Und auch meine Physios sind heute mit dabei&#8220;, sagt die 18-J\u00e4hrige im Sportschau-Interview.<\/p>\n<p class=\"textabsatz m-ten m-offset-one l-eight l-offset-two columns twelve\">Sie haben Kevric durch das vergangene Jahr geholfen &#8211; mental und k\u00f6rperlich. Durch eine lange Leidenszeit, hei\u00dft es zumeist vage. Konkret wurde der jungen Athletin bei der Heim-EM in Leipzig im Mai 2025 der (Turn-)Boden unter den F\u00fc\u00dfen weggezogen. Kevric st\u00fcrzte bei der Landung am Sprung und verletzte sich schwer am Knie. Die Durchstarterin war mit einem Moment komplett ausgebremst. An Turnen war nicht zu denken, denn sie konnte sich ja &#8211; f\u00fcr fast zw\u00f6lf Wochen &#8211; nicht einmal ohne Kr\u00fccken bewegen.<\/p>\n<p>    Turn-K\u00fcken Kevric schlug schon US-Star Biles<\/p>\n<p class=\"textabsatz m-ten m-offset-one l-eight l-offset-two columns twelve\">Ein brutaler Bruch in der jungen Karriere. Denn mit 16 Jahren hatte Kevric 2024 als j\u00fcngste von 429 deutschen Teilnehmern in Paris bei den Olympischen Spielen gegl\u00e4nzt. Hatte als Sechste am Stufenbarren sogar den US-Star Simone Biles hinter sich gelassen. Kevric &#8211; altersbedingter Spitzname: das K\u00fcken &#8211; begeisterte die (Turn-)Welt. Ein Jahr sp\u00e4ter musste sie dann pl\u00f6tzlich, wie sie selbst erz\u00e4hlt, wieder laufen lernen. &#8222;Die Zeit war extrem hart. Aber ich habe es geschafft und jetzt stehe ich wieder hier&#8220;, sagt sie.<\/p>\n<blockquote class=\"zitat\">\n<p>                    Ich konnte nichts machen, was ich sonst t\u00e4glich tue. Umso stolzer bin ich jetzt, dass ich bei den Meisterschaften bin, wieder normal laufen, landen und springen kann.<\/p>\n<\/blockquote>\n<p class=\"textabsatz m-ten m-offset-one l-eight l-offset-two columns twelve\">Hier, das hei\u00dft in Hannover. Auf der gro\u00dfen B\u00fchne der Finals. &#8222;Es ist einfach nur Wahnsinn&#8220;, sagt sie selbst, wenn sie an die vergangenen Monate denkt: &#8222;Ich konnte nichts machen, was ich sonst t\u00e4glich tue. Umso stolzer bin ich jetzt, dass ich bei den Meisterschaften bin, wieder normal laufen, landen und springen kann.&#8220; Es zeigt ihre Dankbarkeit und ist gleichzeitig eine Untertreibung. Sie ist nicht nur zur\u00fcck. Sie zeigt direkt wieder Weltklasse.<\/p>\n<p>    Stolz auf die Medaille, nicht zufrieden mit der Leistung<\/p>\n<p class=\"textabsatz m-ten m-offset-one l-eight l-offset-two columns twelve\">Schon im <a href=\"https:\/\/www.sportschau.de\/die-finals\/schoenmaier-entthront-stoehr-stuerzt-favoritin-in-mehrkampf-krimi-bei-finals,die-finals-2026-geraetturnen-mehrkampf-frauen-100.html\" title=\"Finals 2026: St\u00f6hr st\u00fcrzt Favoritin Sch\u00f6nmaier in Turn-Krimi\" rel=\"nofollow noopener\" target=\"_blank\">Mehrkampf am Freitag<\/a>, bei dem Kevric einen halben Vierkampf absolvierte, lieferte sie am Stufenbarren ein Fabel-Comeback ab (14,833 Z\u00e4hler). Nun kr\u00f6nt sie es im Ger\u00e4tefinale mit Gold. Trotz leichter Wackler dominiert sie einmal mehr an ihrem Paradeger\u00e4t mit 14,475 Punkten. W\u00e4hrend die Beobachter staunen, erscheint Kevric selbst dabei wie ihre gr\u00f6\u00dfte Kritikerin.<\/p>\n<p class=\"textabsatz m-ten m-offset-one l-eight l-offset-two columns twelve\">&#8222;Extrem stolz&#8220; sei sie zwar auf die Gold-Medaille, sagt sie. Mit ihrer Leistung aber hadert sie fast. &#8222;Ich war schon extrem nerv\u00f6s und ich glaube, dass deshalb auch nicht alles so rund lief. Sie habe sich vorgenommen, &#8222;heute die Verbindung zu machen und das habe ich auch geschafft. Der Rest war noch nicht ganz so gut, aber ich habe ja jetzt noch ein bisschen Zeit.&#8220;<\/p>\n<p class=\"textabsatz m-ten m-offset-one l-eight l-offset-two columns twelve\">Das n\u00e4chste Zwischenziel auf dem Weg zu den Olympischen Spielen 2028 in Los Angeles sind die Europameisterschaften im August (13. bis 23.8.) in Zagreb. Bundestrainer Gerben Wiersma r\u00e4umt ihr dort &#8211; mit noch zwei Wochen mehr Training &#8211; sogar Medaillenchancen ein. &#8222;Dann hat sie sehr gute Werte f\u00fcr das Team und f\u00fcr sich selbst mit einer Final\u00fcbung. Mindestens&#8220;, sagt der Niederl\u00e4nder. Die Tage bei den Finals in Hannover haben gezeigt: Das ist alles andere als eine gewagte Prognose.<\/p>\n<p>    Sch\u00f6nmaier verteidigt ihren Sprung-Titel<\/p>\n<p class=\"textabsatz m-ten m-offset-one l-eight l-offset-two columns twelve\">Aussichten auf eine EM-Medaille hat dann auch Karina Sch\u00f6nmaier. Sie verteidigt &#8211; unmittelbar vor Kevrics Triumph am Stufenbarren &#8211; souver\u00e4n ihren Titel am Sprung. Einen Tag, nachdem sich die 20-J\u00e4hrige in einem Herzschlag-Finale im <a href=\"https:\/\/www.sportschau.de\/die-finals\/schoenmaier-entthront-stoehr-stuerzt-favoritin-in-mehrkampf-krimi-bei-finals,die-finals-2026-geraetturnen-mehrkampf-frauen-100.html\" title=\"Finals 2026: St\u00f6hr st\u00fcrzt Favoritin Sch\u00f6nmaier in Turn-Krimi\" rel=\"nofollow noopener\" target=\"_blank\">Mehrkampf geschlagen geben musste<\/a>, erh\u00e4lt die Europameisterin aus Chemnitz f\u00fcr ihre beiden Spr\u00fcnge die Durchschnittsnote von 14.063 Punkten und hat damit fast einen Z\u00e4hler Vorsprung auf die Zweitplatzierte Mia Reimann.<\/p>\n<p class=\"textabsatz m-ten m-offset-one l-eight l-offset-two columns twelve\">&#8222;Sprung ist mein Lieblingsger\u00e4t&#8220;, sagt eine strahlende Sch\u00f6nmaier im Sportschau-Interview. Ihr Ergebnis sei &#8222;sehr, sehr gut&#8220;. Sie habe dabei zum ersten Mal ihren neuen zweiten Sprung gezeigt. &#8222;Das war mir auf jeden Fall sehr wichtig. Jetzt mit einer Goldmedaille rauszugehen, macht mich sehr stolz und gibt mir ein sehr gutes Gef\u00fchl&#8220;, so Sch\u00f6nmaier, die zudem das Hannoveraner Publikum lobt: &#8222;Es macht so viel Spa\u00df, hier zu turnen. Das gibt mir Energie und Kraft.&#8220;<\/p>\n<p>    Turn-Rentner Toba schrammt an zweiter Medaille vorbei<\/p>\n<p class=\"textabsatz m-ten m-offset-one l-eight l-offset-two columns twelve\">Am ersten Tag der Ger\u00e4tefinals der M\u00e4nner holt Radomyr Stelmakh vom SC Cottbus seinen zweiten Titel bei den Finals 2026. Er sichert sich &#8211; nach Gold im Mehrkampf am Donnerstag &#8211; \u00fcberlegen auch den Meistertitel am Pauschenpferd (14,050 Punkte). Der Mannschafts-Europameister von 2024 mit der Ukraine ist erst seit zwei Wochen f\u00fcr Deutschland startberechtigt, nachdem er die Freigabe vom ukrainischen Turnverband erhalten hatte.<\/p>\n<p class=\"textabsatz m-ten m-offset-one l-eight l-offset-two columns twelve\">&#8222;Die Goldmedaille zeigt, dass ich viel gearbeitet habe. Ich bin wirklich zufrieden&#8220;, sagt Stelmakh. Es habe bei ihm am Pauschenpferd &#8222;fast alles gut geklappt. Meine Arbeit lohnt sich.&#8220; Am Boden, wo sich Alexander Kunz (Turn- und Sportverein Pfuhl 1894) \u00fcber den Meistertitel freut, und an den Ringen mit dem Bochumer Sieger Artur Sahakyan bleibt der 20-J\u00e4hrige medaillenlos.<\/p>\n<p class=\"textabsatz m-ten m-offset-one l-eight l-offset-two columns twelve\">Vierter an den Ringen wird \u00fcbrigens <a href=\"https:\/\/www.sportschau.de\/die-finals\/als-rentner-aufs-podest-dauer-grinser-toba-glaenzt-im-turn-wettbewerb,die-finals-2026-geraeteturnen-toba-100.html\" title=\"Finals 2026: Turn-Rentner Toba gl\u00e4nzt mit Bronze-Medaille\" rel=\"nofollow noopener\" target=\"_blank\">Turn-Rentner Andreas Toba<\/a>, der bei seiner gro\u00dfen Abschieds-Show in seiner Heimat Hannover im Mehrkampf am Donnerstag mit Bronze gegl\u00e4nzt hatte. Dass er nun haarscharf an einer zweiten Medaille vorbeischrammt, st\u00f6rt den 35-J\u00e4hrigen &#8211; eigentlich bereits in Vollzeit Landestrainer &#8211; keineswegs. &#8222;Ganz im Gegenteil. Ich bin mehr als gl\u00fccklich und dankbar dar\u00fcber, dass ich es \u00fcberhaupt noch einmal ins Finale geschafft habe. Und dann habe ich wirklich noch einmal eine f\u00fcr mich sehr vern\u00fcnftige \u00dcbung geturnt&#8220;, sagt Toba &#8211; und l\u00e4chelt dabei so gl\u00fccklich und beseelt, wie er es in jeder Sekunde der Finals tut.<\/p>\n","protected":false},"excerpt":{"rendered":"Stand: 25.07.2026 \u2022 17:48 Uhr Die deutsche Turn-Hoffnung Helen Kevric hat sich nach langer Leidenszeit bei den Finals&hellip;\n","protected":false},"author":2,"featured_media":1192408,"comment_status":"","ping_status":"","sticky":false,"template":"","format":"standard","meta":{"footnotes":"","_share_on_mastodon":"0"},"categories":[5],"tags":[89007,55289,13,14,15,12,10,8,9,11,27381],"class_list":["post-1192407","post","type-post","status-publish","format-standard","has-post-thumbnail","category-nachrichten","tag-die-finals","tag-geraetturnen","tag-headlines","tag-nachrichten","tag-news","tag-schlagzeilen","tag-top-news","tag-top-meldungen","tag-topmeldungen","tag-topnews","tag-turnen"],"share_on_mastodon":{"url":"https:\/\/pubeurope.com\/@de\/116981581445410496","error":""},"_links":{"self":[{"href":"https:\/\/www.europesays.com\/de\/wp-json\/wp\/v2\/posts\/1192407","targetHints":{"allow":["GET"]}}],"collection":[{"href":"https:\/\/www.europesays.com\/de\/wp-json\/wp\/v2\/posts"}],"about":[{"href":"https:\/\/www.europesays.com\/de\/wp-json\/wp\/v2\/types\/post"}],"author":[{"embeddable":true,"href":"https:\/\/www.europesays.com\/de\/wp-json\/wp\/v2\/users\/2"}],"replies":[{"embeddable":true,"href":"https:\/\/www.europesays.com\/de\/wp-json\/wp\/v2\/comments?post=1192407"}],"version-history":[{"count":0,"href":"https:\/\/www.europesays.com\/de\/wp-json\/wp\/v2\/posts\/1192407\/revisions"}],"wp:featuredmedia":[{"embeddable":true,"href":"https:\/\/www.europesays.com\/de\/wp-json\/wp\/v2\/media\/1192408"}],"wp:attachment":[{"href":"https:\/\/www.europesays.com\/de\/wp-json\/wp\/v2\/media?parent=1192407"}],"wp:term":[{"taxonomy":"category","embeddable":true,"href":"https:\/\/www.europesays.com\/de\/wp-json\/wp\/v2\/categories?post=1192407"},{"taxonomy":"post_tag","embeddable":true,"href":"https:\/\/www.europesays.com\/de\/wp-json\/wp\/v2\/tags?post=1192407"}],"curies":[{"name":"wp","href":"https:\/\/api.w.org\/{rel}","templated":true}]}}