{"id":1192794,"date":"2026-07-25T20:58:17","date_gmt":"2026-07-25T20:58:17","guid":{"rendered":"https:\/\/www.europesays.com\/de\/1192794\/"},"modified":"2026-07-25T20:58:17","modified_gmt":"2026-07-25T20:58:17","slug":"seniorin-und-mann-sterben-nach-schweren-unfaellen-in-koeln","status":"publish","type":"post","link":"https:\/\/www.europesays.com\/de\/1192794\/","title":{"rendered":"Seniorin und Mann sterben nach schweren Unf\u00e4llen in K\u00f6ln"},"content":{"rendered":"<p>&#13;<br \/>\n            <b>K\u00f6ln. <\/b>Die Staatsanwaltschaft und Polizei K\u00f6ln haben mitgeteilt, dass die 89-j\u00e4hrige Fu\u00dfg\u00e4ngerin, die am 8. Juli in K\u00f6ln-Westhoven von einer Stadtbahn erfasst wurde, am Freitagmorgen, dem 24. Juli, im Krankenhaus ihren schweren Verletzungen erlegen ist. <\/p>\n<p>Der Unfall ereignete sich gegen 12:15 Uhr an der Haltestelle Westhoven Berliner Stra\u00dfe, als die Seniorin trotz geschlossener Schranken den Bahn\u00fcbergang \u00fcberquerte und von einer in Richtung Poll fahrenden Stadtbahn erfasst wurde. <\/p>\n<p>In einem weiteren tragischen Vorfall ist ein 64-j\u00e4hriger Mann am Mittwoch, dem 22. Juli, gestorben. <\/p>\n<p>Er war am 13. Juli bei einem Rangierunfall auf dem Gel\u00e4nde eines Recyclingunternehmens in K\u00f6ln-Hahnwald schwer verletzt worden. Nach bisherigen Erkenntnissen wurde er gegen 7:40 Uhr von einem rangierenden Lastwagen erfasst, wobei er mit den Beinen unter die R\u00e4der geriet. Trotz sofortiger Einlieferung in ein Krankenhaus erlag er dort seinen Verletzungen. <\/p>\n<p>Das Verkehrskommissariat 2 f\u00fchrt in beiden F\u00e4llen weiterhin Ermittlungen durch, um die genauen Umst\u00e4nde der Unf\u00e4lle zu kl\u00e4ren. BA <\/p>\n<p>                <a href=\"https:\/\/www.blick-aktuell.de\/Nachrichten\/Eskalation-in-Deutz-Polizei-sichert-Waffen-nach-Auseinandersetzung-670165.html?StoryId=670193\" rel=\"nofollow noopener\" target=\"_blank\">&#13;<br \/>\n                  <img decoding=\"async\" class=\"img-responsive WebStoryLink-Image\" src=\"https:\/\/www.europesays.com\/de\/wp-content\/uploads\/2026\/07\/Eskalation-in-Deutz-Polizei-sichert-Waffen-nach-Auseinandersetzung-670165t.jpg\" alt=\"24.07.: Eskalation in Deutz: Polizei sichert Waffen nach Auseinandersetzung\"\/>&#13;<br \/>\n                <\/a><\/p>\n<p>                <a href=\"https:\/\/www.blick-aktuell.de\/Nachrichten\/2407-Maskierte-Taeter-entwenden-Bargeld-aus-Bank-in-Bad-Honnef-670164.html?StoryId=670193\" rel=\"nofollow noopener\" target=\"_blank\">&#13;<br \/>\n                  <img decoding=\"async\" class=\"img-responsive WebStoryLink-Image\" src=\"https:\/\/www.europesays.com\/de\/wp-content\/uploads\/2026\/07\/2407-Maskierte-Taeter-entwenden-Bargeld-aus-Bank-in-Bad-Honnef-670164t.jpg\" alt=\"24.07.: Maskierte T\u00e4ter entwenden Bargeld aus Bank in Bad Honnef\"\/>&#13;<br \/>\n                <\/a><\/p>\n","protected":false},"excerpt":{"rendered":"&#13; K\u00f6ln. Die Staatsanwaltschaft und Polizei K\u00f6ln haben mitgeteilt, dass die 89-j\u00e4hrige Fu\u00dfg\u00e4ngerin, die am 8. Juli in&hellip;\n","protected":false},"author":2,"featured_media":1192795,"comment_status":"","ping_status":"","sticky":false,"template":"","format":"standard","meta":{"footnotes":"","_share_on_mastodon":"0"},"categories":[1828],"tags":[2499,29,30,1420,1209,121],"class_list":["post-1192794","post","type-post","status-publish","format-standard","has-post-thumbnail","category-koeln","tag-kln","tag-deutschland","tag-germany","tag-koeln","tag-nordrhein-westfalen","tag-polizei"],"share_on_mastodon":{"url":"https:\/\/pubeurope.com\/@de\/116982627686264107","error":""},"_links":{"self":[{"href":"https:\/\/www.europesays.com\/de\/wp-json\/wp\/v2\/posts\/1192794","targetHints":{"allow":["GET"]}}],"collection":[{"href":"https:\/\/www.europesays.com\/de\/wp-json\/wp\/v2\/posts"}],"about":[{"href":"https:\/\/www.europesays.com\/de\/wp-json\/wp\/v2\/types\/post"}],"author":[{"embeddable":true,"href":"https:\/\/www.europesays.com\/de\/wp-json\/wp\/v2\/users\/2"}],"replies":[{"embeddable":true,"href":"https:\/\/www.europesays.com\/de\/wp-json\/wp\/v2\/comments?post=1192794"}],"version-history":[{"count":0,"href":"https:\/\/www.europesays.com\/de\/wp-json\/wp\/v2\/posts\/1192794\/revisions"}],"wp:featuredmedia":[{"embeddable":true,"href":"https:\/\/www.europesays.com\/de\/wp-json\/wp\/v2\/media\/1192795"}],"wp:attachment":[{"href":"https:\/\/www.europesays.com\/de\/wp-json\/wp\/v2\/media?parent=1192794"}],"wp:term":[{"taxonomy":"category","embeddable":true,"href":"https:\/\/www.europesays.com\/de\/wp-json\/wp\/v2\/categories?post=1192794"},{"taxonomy":"post_tag","embeddable":true,"href":"https:\/\/www.europesays.com\/de\/wp-json\/wp\/v2\/tags?post=1192794"}],"curies":[{"name":"wp","href":"https:\/\/api.w.org\/{rel}","templated":true}]}}