{"id":1192876,"date":"2026-07-25T21:52:24","date_gmt":"2026-07-25T21:52:24","guid":{"rendered":"https:\/\/www.europesays.com\/de\/1192876\/"},"modified":"2026-07-25T21:52:24","modified_gmt":"2026-07-25T21:52:24","slug":"video-tote-bei-luftangriffen-in-der-ukraine-und-russland","status":"publish","type":"post","link":"https:\/\/www.europesays.com\/de\/1192876\/","title":{"rendered":"Video: Tote bei Luftangriffen in der Ukraine und Russland"},"content":{"rendered":"<p>Ukraine-Krieg<\/p>\n<p>                <strong>Sendung: <\/strong>MDR (non-linear) | 25.07.2026 | 15:38 Uhr<\/p>\n<p>                    <strong>1 Min<\/strong><br \/>\n                     | Verf\u00fcgbar bis 25.07.2027<\/p>\n<p class=\"supersize\">Bei ukrainischen Drohnenangriffen sind im russisch besetzten Teil des s\u00fcdukrainischen Gebiets Saporischschja mindestens elf Menschen get\u00f6tet worden. Auch Russland hat erneut Luftangriffe auf die Ukraine ver\u00fcbt. <\/p>\n","protected":false},"excerpt":{"rendered":"Ukraine-Krieg Sendung: MDR (non-linear) | 25.07.2026 | 15:38 Uhr 1 Min | Verf\u00fcgbar bis 25.07.2027 Bei ukrainischen Drohnenangriffen&hellip;\n","protected":false},"author":2,"featured_media":1192877,"comment_status":"","ping_status":"","sticky":false,"template":"","format":"standard","meta":{"footnotes":"","_share_on_mastodon":"0"},"categories":[4013],"tags":[331,332,8050,25711,13,14,15,4043,4044,850,307,25102,12,116,11904,317],"class_list":["post-1192876","post","type-post","status-publish","format-standard","has-post-thumbnail","category-russland","tag-aktuelle-nachrichten","tag-aktuelle-news","tag-cherson","tag-drohnenangriffe","tag-headlines","tag-nachrichten","tag-news","tag-russia","tag-russian-federation","tag-russische-foederation","tag-russland","tag-saporischschja","tag-schlagzeilen","tag-selenskyj","tag-sumy","tag-ukraine"],"share_on_mastodon":{"url":"https:\/\/pubeurope.com\/@de\/116982837947930159","error":""},"_links":{"self":[{"href":"https:\/\/www.europesays.com\/de\/wp-json\/wp\/v2\/posts\/1192876","targetHints":{"allow":["GET"]}}],"collection":[{"href":"https:\/\/www.europesays.com\/de\/wp-json\/wp\/v2\/posts"}],"about":[{"href":"https:\/\/www.europesays.com\/de\/wp-json\/wp\/v2\/types\/post"}],"author":[{"embeddable":true,"href":"https:\/\/www.europesays.com\/de\/wp-json\/wp\/v2\/users\/2"}],"replies":[{"embeddable":true,"href":"https:\/\/www.europesays.com\/de\/wp-json\/wp\/v2\/comments?post=1192876"}],"version-history":[{"count":0,"href":"https:\/\/www.europesays.com\/de\/wp-json\/wp\/v2\/posts\/1192876\/revisions"}],"wp:featuredmedia":[{"embeddable":true,"href":"https:\/\/www.europesays.com\/de\/wp-json\/wp\/v2\/media\/1192877"}],"wp:attachment":[{"href":"https:\/\/www.europesays.com\/de\/wp-json\/wp\/v2\/media?parent=1192876"}],"wp:term":[{"taxonomy":"category","embeddable":true,"href":"https:\/\/www.europesays.com\/de\/wp-json\/wp\/v2\/categories?post=1192876"},{"taxonomy":"post_tag","embeddable":true,"href":"https:\/\/www.europesays.com\/de\/wp-json\/wp\/v2\/tags?post=1192876"}],"curies":[{"name":"wp","href":"https:\/\/api.w.org\/{rel}","templated":true}]}}