{"id":1192946,"date":"2026-07-25T22:43:17","date_gmt":"2026-07-25T22:43:17","guid":{"rendered":"https:\/\/www.europesays.com\/de\/1192946\/"},"modified":"2026-07-25T22:43:17","modified_gmt":"2026-07-25T22:43:17","slug":"polizeieinsatz-in-berlin-innensenatorin-spranger-entsetzt-ueber-die-furchtbare-tat","status":"publish","type":"post","link":"https:\/\/www.europesays.com\/de\/1192946\/","title":{"rendered":"Polizeieinsatz in Berlin: Innensenatorin Spranger: \u00abEntsetzt \u00fcber die furchtbare Tat\u00bb"},"content":{"rendered":"<p>Quelle: dpa Berlin\/Brandenburg<br \/>\n        26. Juli 2026, 0:31 Uhr\n    <\/p>\n<p>        Sie k\u00f6nnen sich Artikel der ZEIT in der Google-Suche nun bevorzugt anzeigen lassen.<\/p>\n<p>        <a class=\"zps-widget__icon\" href=\"https:\/\/www.google.com\/preferences\/source?q=zeit.de\" data-ct-label=\"Google Preferred Source Onboarding Widget Icon\" id=\"zps-link-icon-activate\" aria-label=\"ZEIT als bevorzugte Quelle bei Google aktivieren\" target=\"_blank\" rel=\"nofollow noopener\"><\/p>\n<p>        <\/a><\/p>\n<p>        Hinweis<\/p>\n<p class=\"article-notice__text\">DIE ZEIT hat diese Meldung redaktionell nicht bearbeitet. Sie wurde automatisch von der Deutschen Presse-Agentur (dpa) \u00fcbernommen.<\/p>\n<p>            <img decoding=\"async\" class=\"article__media-item\" src=\"https:\/\/www.europesays.com\/de\/wp-content\/uploads\/2026\/07\/1785019397_527_wide__660x371.jpeg\" alt=\"Polizeieinsatz in Berlin: \u00abIch bin entsetzt \u00fcber die furchtbare Tat\u00bb: Berlins Innensenatorin Iris Spranger reagiert auf den Vorfall am Rande des Christopher Street Days. (Archivbild)\"\/><\/p>\n<p>                    \u00abIch bin entsetzt \u00fcber die furchtbare Tat\u00bb: Berlins Innensenatorin Iris Spranger reagiert auf den Vorfall am Rande des Christopher Street Days. (Archivbild)<br \/>\n            \u00a9\u00a0Britta Pedersen\/\u200bdpa<\/p>\n<p class=\"paragraph article__item\"><a class=\"rtr-entity\" href=\"https:\/\/www.zeit.de\/thema\/berlin\" rel=\"nofollow noopener\" target=\"_blank\">Berlins<\/a> Innensenatorin Iris Spranger (SPD) hat nach dem Vorfall am Rande des Christopher Street Days in Berlin betroffen reagiert. \u00abIch bin entsetzt \u00fcber die furchtbare Tat w\u00e4hrend des CSD in Berlin, den Tausende von Teilnehmenden friedlich gefeiert haben\u00bb, erkl\u00e4rte sie. Sie stehe mit den Sicherheitsbeh\u00f6rden in engem Kontakt. \u00abDie Sicherheit der Berlinerinnen und Berliner und der G\u00e4ste der Stadt hat h\u00f6chste Priorit\u00e4t.\u00bb\n<\/p>\n<p>Aktuelles<\/p>\n<p>                <a href=\"https:\/\/www.zeit.de\/politik\/deutschland\/2026-07\/wahlen-deutschland-berlin-sachsen-anhalt-mecklenburg-vorpommern\" data-ct-label=\"Wahlen in Deutschland  : Schaut auf Berlin! \" data-uuid=\"52ea7804-f533-4f9d-b6cf-da97a4cb864c\" rel=\"nofollow noopener\" target=\"_blank\"><\/p>\n<p>                        Wahlen in Deutschland  :<br \/>\n                        Schaut auf Berlin! <\/p>\n<p>                <\/a><\/p>\n<p>                <a href=\"https:\/\/www.zeit.de\/2026\/29\/flughafen-ber-berlin-airlines-ryanair-passagiere\" data-ct-label=\"Flughafen BER: Dit is unser Fluchhafen\" data-uuid=\"768baae9-1ab0-4531-9255-a1986c9f3303\" rel=\"nofollow noopener\" target=\"_blank\"><\/p>\n<p>        Z+ (abopflichtiger Inhalt);<\/p>\n<p>    Flughafen BER:<br \/>\n                        Dit is unser Fluchhafen<\/p>\n<p>                <\/a><\/p>\n<p>                <a href=\"https:\/\/www.zeit.de\/wirtschaft\/2026-07\/mietenkataster-berlin-wohnraum-register-wuchermittel-transparenz\" data-ct-label=\"Mietenkataster f\u00fcr Berlin: So einfach findet ihr die Abzocker nicht\" data-uuid=\"6c0ee415-3c9c-4e9d-9ada-aaa48d112e57\" rel=\"nofollow noopener\" target=\"_blank\"><\/p>\n<p>        Z+ (abopflichtiger Inhalt);<\/p>\n<p>    Mietenkataster f\u00fcr Berlin:<br \/>\n                        So einfach findet ihr die Abzocker nicht<\/p>\n<p>                <\/a><\/p>\n<p class=\"paragraph article__item\">\u00a9 dpa-infocom, dpa:260725-930-438314\/1<\/p>\n","protected":false},"excerpt":{"rendered":"Quelle: dpa Berlin\/Brandenburg 26. Juli 2026, 0:31 Uhr Sie k\u00f6nnen sich Artikel der ZEIT in der Google-Suche nun&hellip;\n","protected":false},"author":2,"featured_media":1192947,"comment_status":"","ping_status":"","sticky":false,"template":"","format":"standard","meta":{"footnotes":"","_share_on_mastodon":"0"},"categories":[1825],"tags":[1941,1939,296,1937,30485,29,30,21425,1940,15,1938,4908,242954],"class_list":["post-1192946","post","type-post","status-publish","format-standard","has-post-thumbnail","category-berlin","tag-aktuelle-nachrichten-aus-berlin","tag-aktuelle-news-aus-berlin","tag-berlin","tag-berlin-news","tag-christopher-street-day","tag-deutschland","tag-germany","tag-iris-spranger","tag-nachrichten-aus-berlin","tag-news","tag-news-aus-berlin","tag-polizeieinsatz","tag-polizeieinsatz-in-berlin"],"share_on_mastodon":{"url":"https:\/\/pubeurope.com\/@de\/116983039396559098","error":""},"_links":{"self":[{"href":"https:\/\/www.europesays.com\/de\/wp-json\/wp\/v2\/posts\/1192946","targetHints":{"allow":["GET"]}}],"collection":[{"href":"https:\/\/www.europesays.com\/de\/wp-json\/wp\/v2\/posts"}],"about":[{"href":"https:\/\/www.europesays.com\/de\/wp-json\/wp\/v2\/types\/post"}],"author":[{"embeddable":true,"href":"https:\/\/www.europesays.com\/de\/wp-json\/wp\/v2\/users\/2"}],"replies":[{"embeddable":true,"href":"https:\/\/www.europesays.com\/de\/wp-json\/wp\/v2\/comments?post=1192946"}],"version-history":[{"count":0,"href":"https:\/\/www.europesays.com\/de\/wp-json\/wp\/v2\/posts\/1192946\/revisions"}],"wp:featuredmedia":[{"embeddable":true,"href":"https:\/\/www.europesays.com\/de\/wp-json\/wp\/v2\/media\/1192947"}],"wp:attachment":[{"href":"https:\/\/www.europesays.com\/de\/wp-json\/wp\/v2\/media?parent=1192946"}],"wp:term":[{"taxonomy":"category","embeddable":true,"href":"https:\/\/www.europesays.com\/de\/wp-json\/wp\/v2\/categories?post=1192946"},{"taxonomy":"post_tag","embeddable":true,"href":"https:\/\/www.europesays.com\/de\/wp-json\/wp\/v2\/tags?post=1192946"}],"curies":[{"name":"wp","href":"https:\/\/api.w.org\/{rel}","templated":true}]}}