{"id":1193141,"date":"2026-07-26T00:44:45","date_gmt":"2026-07-26T00:44:45","guid":{"rendered":"https:\/\/www.europesays.com\/de\/1193141\/"},"modified":"2026-07-26T00:44:45","modified_gmt":"2026-07-26T00:44:45","slug":"motorradfahrer-bei-unfall-am-woerther-kreuz-lebensgefaehrlich-verletzt-woerth","status":"publish","type":"post","link":"https:\/\/www.europesays.com\/de\/1193141\/","title":{"rendered":"Motorradfahrer bei Unfall am W\u00f6rther Kreuz lebensgef\u00e4hrlich verletzt &#8211; W\u00f6rth"},"content":{"rendered":"<p><b\/>Ein 82 Jahre alter Motorradfahrer ist am W\u00f6rther Kreuz bei einem  Unfall lebensgef\u00e4hrlich verletzt worden. Der Mann war am Freitag gegen 13.15 Uhr zun\u00e4chst auf der B10 in Richtung <a class=\"rtr-entity\" data-rtr-entity=\"Landau\" data-rtr-id=\"dc4c0b5a6e4250ad76dbb49bbfbb0f5ce3caf12d\" data-rtr-score=\"5.738065326633166\" data-rtr-etype=\"location\" data-rtr-index=\"2\" href=\"http:\/\/rheinpfalz.de\/lokal\/landau.html\" rel=\"nofollow noopener\" target=\"_blank\">Landau<\/a> unterwegs und fuhr anschlie\u00dfend auf die Auffahrt zur B9 in Richtung <a class=\"rtr-entity\" data-rtr-entity=\"Germersheim\" data-rtr-id=\"d7b602fbab4b8b937cfc27c1ac1879f6b4ca215d\" data-rtr-score=\"5.03140703517588\" data-rtr-etype=\"location\" data-rtr-index=\"0\" href=\"http:\/\/rheinpfalz.de\/lokal\/kreis-germersheim.html\" rel=\"nofollow noopener\" target=\"_blank\">Germersheim<\/a>. Danach wollte er wieder auf die B10 fahren. Dabei \u00fcberquerte er laut Polizei die dortige Sperrfl\u00e4che und stie\u00df mit einer auf dem rechten Fahrstreifen fahrenden Sattelzugmaschine zusammen.<\/p>\n<p>Der Motorradfahrer touchierte den rechten hinteren Reifen des Aufliegers und st\u00fcrzte. Dabei erlitt er lebensgef\u00e4hrliche Verletzungen. Der Schaden wird auf etwa 4000 Euro gesch\u00e4tzt. F\u00fcr die Dauer der Unfallaufnahme wurde der Verkehr rund 1,5 Stunden lang auf die B9 abgeleitet. Dadurch kam es zu Verkehrsbeeintr\u00e4chtigungen. <\/p>\n","protected":false},"excerpt":{"rendered":"Ein 82 Jahre alter Motorradfahrer ist am W\u00f6rther Kreuz bei einem Unfall lebensgef\u00e4hrlich verletzt worden. Der Mann war&hellip;\n","protected":false},"author":2,"featured_media":1193142,"comment_status":"","ping_status":"","sticky":false,"template":"","format":"standard","meta":{"footnotes":"","_share_on_mastodon":"0"},"categories":[1844],"tags":[1634,3364,29,30,16534,8903,16535,4060,1284,26148],"class_list":["post-1193141","post","type-post","status-publish","format-standard","has-post-thumbnail","category-karlsruhe","tag-baden-wuerttemberg","tag-de","tag-deutschland","tag-germany","tag-germersheim","tag-karlsruhe","tag-landau","tag-lokal","tag-unfall","tag-woerth"],"share_on_mastodon":{"url":"https:\/\/pubeurope.com\/@de\/116983514251081237","error":""},"_links":{"self":[{"href":"https:\/\/www.europesays.com\/de\/wp-json\/wp\/v2\/posts\/1193141","targetHints":{"allow":["GET"]}}],"collection":[{"href":"https:\/\/www.europesays.com\/de\/wp-json\/wp\/v2\/posts"}],"about":[{"href":"https:\/\/www.europesays.com\/de\/wp-json\/wp\/v2\/types\/post"}],"author":[{"embeddable":true,"href":"https:\/\/www.europesays.com\/de\/wp-json\/wp\/v2\/users\/2"}],"replies":[{"embeddable":true,"href":"https:\/\/www.europesays.com\/de\/wp-json\/wp\/v2\/comments?post=1193141"}],"version-history":[{"count":0,"href":"https:\/\/www.europesays.com\/de\/wp-json\/wp\/v2\/posts\/1193141\/revisions"}],"wp:featuredmedia":[{"embeddable":true,"href":"https:\/\/www.europesays.com\/de\/wp-json\/wp\/v2\/media\/1193142"}],"wp:attachment":[{"href":"https:\/\/www.europesays.com\/de\/wp-json\/wp\/v2\/media?parent=1193141"}],"wp:term":[{"taxonomy":"category","embeddable":true,"href":"https:\/\/www.europesays.com\/de\/wp-json\/wp\/v2\/categories?post=1193141"},{"taxonomy":"post_tag","embeddable":true,"href":"https:\/\/www.europesays.com\/de\/wp-json\/wp\/v2\/tags?post=1193141"}],"curies":[{"name":"wp","href":"https:\/\/api.w.org\/{rel}","templated":true}]}}