{"id":1193255,"date":"2026-07-26T02:06:17","date_gmt":"2026-07-26T02:06:17","guid":{"rendered":"https:\/\/www.europesays.com\/de\/1193255\/"},"modified":"2026-07-26T02:06:17","modified_gmt":"2026-07-26T02:06:17","slug":"retter-sprechen-von-kritischer-lage-grosser-wal-strandet-auf-sandbank-bei-buenos-aires","status":"publish","type":"post","link":"https:\/\/www.europesays.com\/de\/1193255\/","title":{"rendered":"Retter sprechen von \u201ekritischer\u201c Lage: Gro\u00dfer Wal strandet auf Sandbank\u00a0bei Buenos Aires"},"content":{"rendered":"<p class=\"tspBLlp tspBLlq\">In Argentinien ist ein gro\u00dfer <strong>Seiwal auf einer Sandbank im Fluss R\u00edo de la Plata gestrandet.<\/strong> In einer schwierigen Aktion versuchen Rettungsteams, das Tier vor der K\u00fcste von San Fernando \u2013 einem Vorort n\u00f6rdlich der Hauptstadt Buenos Aires \u2013 zu befreien, wie die Naturschutzstiftung Temaik\u00e9n mitteilte.<\/p>\n<p class=\"tspBLlp\">Die Situation sei \u201ekritisch\u201c. Der Wal trage sein gesamtes Gewicht auf seinem Bauch, was die Funktion seiner Organe beeintr\u00e4chtige, hie\u00df es. Das Gebiet sei zudem durch<strong> gro\u00dfe Gezeitenschwankungen und zahlreiche Sandb\u00e4nke <\/strong>gekennzeichnet.<\/p>\n<p class=\"tspBLlp\">Die Teams haben den Angaben zufolge vor, den Anstieg des Wasserstands zu nutzen, <a href=\"https:\/\/www.tagesspiegel.de\/gesellschaft\/panorama\/wal-steuerte-erneut-ostsee-an-buckelwal-lebte-nach-freisetzung-nur-noch-maximal-funf-tage-15707306.html?icid=in-text-link_15880827\" class=\"link link--internal\" data-gtm-class=\"article-text-link\" data-gtm-val=\"internal\" rel=\"nofollow noopener\" target=\"_blank\">um das Tier freizubekommen<\/a> und in tiefere Bereiche zu leiten, von wo aus es ins Meer zur\u00fcckkehren kann. Sie halten die Haut des Wals feucht, um den Stress zu verringern.<\/p>\n<p> Saisonale Wanderung im Atlantik vor Argentinien <\/p>\n<p class=\"tspBLlp\">Der Wal (Balaenoptera borealis) war am Freitag (Ortszeit) erstmals gesichtet worden. Im s\u00fcdlichen Winter wandern Seiwale vor der argentinischen Atlantikk\u00fcste saisonal nordw\u00e4rts. Es sei deshalb \u00fcblich, sie zwischen Argentinien, Uruguay und Brasilien in der N\u00e4he der M\u00fcndung des R\u00edo de la Plata zu sichten, teilte Temaik\u00e9n mit.<\/p>\n<p>Lesen Sie auch<a href=\"https:\/\/www.tagesspiegel.de\/wissen\/arabische-walkuh-auf-besuch-in-indien-wenn-ortstreue-wale-auf-wanderschaft-gehen-15732345.html?icid=topic-list_15880827___\" data-gtm-class=\"article-mzt-link\" data-hydrate-fingerprint=\"09740a54944caac75fd2c0c63fd5c5df\" data-hydrate-props=\"{&amp;escapedquot;element&amp;escapedquot;:{&amp;escapedquot;type&amp;escapedquot;:&amp;escapedquot;relatedContent&amp;escapedquot;,&amp;escapedquot;fieldMap&amp;escapedquot;:{},&amp;escapedquot;relation&amp;escapedquot;:{&amp;escapedquot;fields&amp;escapedquot;:{&amp;escapedquot;isPaid&amp;escapedquot;:true},&amp;escapedquot;href&amp;escapedquot;:&amp;escapedquot;\/wissen\/arabische-walkuh-auf-besuch-in-indien-wenn-ortstreue-wale-auf-wanderschaft-gehen-15732345.html&amp;escapedquot;,&amp;escapedquot;teaserTitle&amp;escapedquot;:{&amp;escapedquot;kicker&amp;escapedquot;:&amp;escapedquot;Arabische Walkuh auf Besuch in Indien&amp;escapedquot;,&amp;escapedquot;headline&amp;escapedquot;:&amp;escapedquot;Wenn ortstreue Wale auf Wanderschaft gehen&amp;escapedquot;},&amp;escapedquot;id&amp;escapedquot;:&amp;escapedquot;15732345&amp;escapedquot;,&amp;escapedquot;type&amp;escapedquot;:&amp;escapedquot;story&amp;escapedquot;},&amp;escapedquot;isPartOfList&amp;escapedquot;:true,&amp;escapedquot;topicListType&amp;escapedquot;:&amp;escapedquot;topic-list&amp;escapedquot;},&amp;escapedquot;showArrow&amp;escapedquot;:true}\" data-hydrate-slots=\"{&#039;default&#039;:[]}\" class=\"tspCXqc tspCYqj\" rel=\"nofollow noopener\" target=\"_blank\">Arabische Walkuh auf Besuch in Indien Wenn ortstreue Wale auf Wanderschaft gehen <\/a><a href=\"https:\/\/www.tagesspiegel.de\/internationales\/wir-sehen-das-eher-amusiert-ironisch-alle-lieben-buckelwal-timmy-nur-die-danen-nicht-15677566.html?icid=topic-list_15880827___\" data-gtm-class=\"article-mzt-link\" data-hydrate-fingerprint=\"09740a54944caac75fd2c0c63fd5c5df\" data-hydrate-props=\"{&amp;escapedquot;element&amp;escapedquot;:{&amp;escapedquot;type&amp;escapedquot;:&amp;escapedquot;relatedContent&amp;escapedquot;,&amp;escapedquot;fieldMap&amp;escapedquot;:{},&amp;escapedquot;relation&amp;escapedquot;:{&amp;escapedquot;fields&amp;escapedquot;:{&amp;escapedquot;isPaid&amp;escapedquot;:true},&amp;escapedquot;href&amp;escapedquot;:&amp;escapedquot;\/internationales\/wir-sehen-das-eher-amusiert-ironisch-alle-lieben-buckelwal-timmy-nur-die-danen-nicht-15677566.html&amp;escapedquot;,&amp;escapedquot;teaserTitle&amp;escapedquot;:{&amp;escapedquot;kicker&amp;escapedquot;:&amp;escapedquot;\u201eWir sehen das eher am\u00fcsiert-ironisch\u201c&amp;escapedquot;,&amp;escapedquot;headline&amp;escapedquot;:&amp;escapedquot;Alle lieben Buckelwal Timmy, nur die D\u00e4nen nicht?&amp;escapedquot;},&amp;escapedquot;id&amp;escapedquot;:&amp;escapedquot;15677566&amp;escapedquot;,&amp;escapedquot;type&amp;escapedquot;:&amp;escapedquot;story&amp;escapedquot;},&amp;escapedquot;isPartOfList&amp;escapedquot;:true,&amp;escapedquot;topicListType&amp;escapedquot;:&amp;escapedquot;topic-list&amp;escapedquot;},&amp;escapedquot;showArrow&amp;escapedquot;:true}\" data-hydrate-slots=\"{&#039;default&#039;:[]}\" class=\"tspCXqc tspCYqj\" rel=\"nofollow noopener\" target=\"_blank\">\u201eWir sehen das eher am\u00fcsiert-ironisch\u201c Alle lieben Buckelwal Timmy, nur die D\u00e4nen nicht? <\/a><a href=\"https:\/\/www.tagesspiegel.de\/kultur\/timmy-und-moby-dick-die-fatale-wal-wut-des-menschen-15533677.html?icid=topic-list_15880827___\" data-gtm-class=\"article-mzt-link\" data-hydrate-fingerprint=\"09740a54944caac75fd2c0c63fd5c5df\" data-hydrate-props=\"{&amp;escapedquot;element&amp;escapedquot;:{&amp;escapedquot;type&amp;escapedquot;:&amp;escapedquot;relatedContent&amp;escapedquot;,&amp;escapedquot;fieldMap&amp;escapedquot;:{},&amp;escapedquot;relation&amp;escapedquot;:{&amp;escapedquot;fields&amp;escapedquot;:{&amp;escapedquot;isPaid&amp;escapedquot;:true},&amp;escapedquot;href&amp;escapedquot;:&amp;escapedquot;\/kultur\/timmy-und-moby-dick-die-fatale-wal-wut-des-menschen-15533677.html&amp;escapedquot;,&amp;escapedquot;teaserTitle&amp;escapedquot;:{&amp;escapedquot;kicker&amp;escapedquot;:&amp;escapedquot;\u201eTimmy\u201c und \u201eMoby-Dick\u201c&amp;escapedquot;,&amp;escapedquot;headline&amp;escapedquot;:&amp;escapedquot;Die fatale Wal-Wut des Menschen&amp;escapedquot;},&amp;escapedquot;id&amp;escapedquot;:&amp;escapedquot;15533677&amp;escapedquot;,&amp;escapedquot;type&amp;escapedquot;:&amp;escapedquot;story&amp;escapedquot;},&amp;escapedquot;isPartOfList&amp;escapedquot;:true,&amp;escapedquot;topicListType&amp;escapedquot;:&amp;escapedquot;topic-list&amp;escapedquot;},&amp;escapedquot;showArrow&amp;escapedquot;:true}\" data-hydrate-slots=\"{&#039;default&#039;:[]}\" class=\"tspCXqc tspCYqj\" rel=\"nofollow noopener\" target=\"_blank\">\u201eTimmy\u201c und \u201eMoby-Dick\u201c Die fatale Wal-Wut des Menschen <\/a><\/p>\n<p class=\"tspBLlp\">Allerdings d\u00fcrfte der gestrandete Seiwal demnach <a href=\"https:\/\/www.tagesspiegel.de\/gesellschaft\/panorama\/wal-steuerte-erneut-ostsee-an-buckelwal-lebte-nach-freisetzung-nur-noch-maximal-funf-tage-15707306.html?icid=in-text-link_15880827\" class=\"link link--internal\" data-gtm-class=\"article-text-link\" data-gtm-val=\"internal\" rel=\"nofollow noopener\" target=\"_blank\">die Orientierung verloren<\/a> haben. \u201eEs ist wahrscheinlich, dass dieses Tier aufgrund einer Kombination von Umweltfaktoren oder eines Gesundheitsproblems desorientiert wurde, flussaufw\u00e4rts gelangte und schlie\u00dflich auf einer Sandbank strandete\u201c, so die Stiftung. (dpa)<\/p>\n","protected":false},"excerpt":{"rendered":"In Argentinien ist ein gro\u00dfer Seiwal auf einer Sandbank im Fluss R\u00edo de la Plata gestrandet. In einer&hellip;\n","protected":false},"author":2,"featured_media":1193256,"comment_status":"","ping_status":"","sticky":false,"template":"","format":"standard","meta":{"footnotes":"","_share_on_mastodon":"0"},"categories":[3],"tags":[12932,13,14,15,12,1886,10,8,9,11,103,104],"class_list":["post-1193255","post","type-post","status-publish","format-standard","has-post-thumbnail","category-welt","tag-argentinien","tag-headlines","tag-nachrichten","tag-news","tag-schlagzeilen","tag-tiere","tag-top-news","tag-top-meldungen","tag-topmeldungen","tag-topnews","tag-welt","tag-world"],"share_on_mastodon":{"url":"https:\/\/pubeurope.com\/@de\/116983836625816338","error":""},"_links":{"self":[{"href":"https:\/\/www.europesays.com\/de\/wp-json\/wp\/v2\/posts\/1193255","targetHints":{"allow":["GET"]}}],"collection":[{"href":"https:\/\/www.europesays.com\/de\/wp-json\/wp\/v2\/posts"}],"about":[{"href":"https:\/\/www.europesays.com\/de\/wp-json\/wp\/v2\/types\/post"}],"author":[{"embeddable":true,"href":"https:\/\/www.europesays.com\/de\/wp-json\/wp\/v2\/users\/2"}],"replies":[{"embeddable":true,"href":"https:\/\/www.europesays.com\/de\/wp-json\/wp\/v2\/comments?post=1193255"}],"version-history":[{"count":0,"href":"https:\/\/www.europesays.com\/de\/wp-json\/wp\/v2\/posts\/1193255\/revisions"}],"wp:featuredmedia":[{"embeddable":true,"href":"https:\/\/www.europesays.com\/de\/wp-json\/wp\/v2\/media\/1193256"}],"wp:attachment":[{"href":"https:\/\/www.europesays.com\/de\/wp-json\/wp\/v2\/media?parent=1193255"}],"wp:term":[{"taxonomy":"category","embeddable":true,"href":"https:\/\/www.europesays.com\/de\/wp-json\/wp\/v2\/categories?post=1193255"},{"taxonomy":"post_tag","embeddable":true,"href":"https:\/\/www.europesays.com\/de\/wp-json\/wp\/v2\/tags?post=1193255"}],"curies":[{"name":"wp","href":"https:\/\/api.w.org\/{rel}","templated":true}]}}