{"id":1193287,"date":"2026-07-26T02:29:07","date_gmt":"2026-07-26T02:29:07","guid":{"rendered":"https:\/\/www.europesays.com\/de\/1193287\/"},"modified":"2026-07-26T02:29:07","modified_gmt":"2026-07-26T02:29:07","slug":"amateurfussball-im-livestream-die-nw-bietet-bald-noch-mehr-uebertragungen-an","status":"publish","type":"post","link":"https:\/\/www.europesays.com\/de\/1193287\/","title":{"rendered":"Amateurfu\u00dfball im Livestream: Die NW bietet bald noch mehr \u00dcbertragungen an"},"content":{"rendered":"<p id=\"absatz1\" class=\"em_text\">Bielefeld. Fans des Amateurfu\u00dfballs in Ostwestfalen, die nicht selbst am Fu\u00dfballplatz stehen k\u00f6nnen, haben seit Beginn des Jahres die M\u00f6glichkeit, Spiele live auf nw.de zu verfolgen. Nach dem gro\u00dfen Erfolg zum Auftakt weitet die NW nun ihr Livestreaming-Projekt aus.<\/p>\n<p id=\"absatz2\" class=\"em_text\">Im Februar 2026 startete unsere Redaktion mit dem Spiel TuS Dornberg gegen RW Kirchlengern mit der Live\u00fcbertragung auf nw.de. Bis zur Sommerpause standen schlie\u00dflich 16 Livestreams aus dem Fu\u00dfballkreis Bielefeld zu Buche \u2013 von der Kreisliga A bis zur Oberliga. Mehr als 70.000 Menschen erreichte die NW in dieser Zeit mit dem neuen Service.<\/p>\n<p id=\"absatz3\" class=\"em_text\">Der gro\u00dfe Erfolg zum Auftakt macht Lust auf mehr: Die NW wird die \u00dcbertragungen aus Bielefeld in der Saison 2026\/27 fortf\u00fchren. Zus\u00e4tzlich sollen Spiele aus den Fu\u00dfballkreisen G\u00fctersloh und Herford zu sehen sein. Andrea Rolfes, Chefredakteurin der Neuen Westf\u00e4lischen erkl\u00e4rt: \u201eLokaljournalismus hei\u00dft f\u00fcr uns heute mehr, als \u00fcber ein Spiel zu berichten. Wir wollen Menschen die M\u00f6glichkeit geben, live dabei zu sein inklusive unterhaltsamer Kommentation. Gleichzeitig machen wir den lokalen Sport sichtbarer und st\u00e4rken die Vereine. Deshalb freuen wir uns, dass wir dieses erfolgreiche Angebot fortsetzen k\u00f6nnen.\u201c<\/p>\n<p>Fu\u00dfballtrainer nutzen Re-Live-M\u00f6glichkeit<\/p>\n<p class=\"em_text\">In der Bielefelder Amateurfu\u00dfball-Szene kam das Projekt sehr gut an. Dreimal waren wir mit unserer Kamera beim TuS Dornberg in der Landesliga zu Gast. F\u00fcr Dornberg-Trainer Jens Horstmann eine gute Gelegenheit, sich das Geschehen auf dem Platz sp\u00e4ter \u00fcber die Aufzeichnung noch einmal in Ruhe anzuschauen. \u201eIch habe unsere Spiele im Anschluss noch einmal im Re-Live geschaut. Als Trainer hat man ja das Gl\u00fcck, dass man selbst vor Ort am Platz ist.\u201c <\/p>\n<p id=\"absatz5\" class=\"em_text\">Was Horstmann besonders interessiere und f\u00fcr ihn die besondere Note ausmache, sei, wenn die Experten \u2013 wie in Dornberg Thies Kambach \u2013 Geschichten und Infos zur Mannschaft einbauen. \u201eDas macht f\u00fcr mich den Unterschied aus und macht das Projekt zu einem runden Event.\u201c<\/p>\n<p id=\"absatz6\"><b class=\"bold\">Livestream zum Nachschauen:<\/b> <a href=\"https:\/\/www.nw.de\/lokal\/bielefeld\/mitte\/24320791_Livestream-zum-Nachschauen-TuS-Dornberg-verliert-mit-3-4-gegen-TuS-Lohe.html\" rel=\"nofollow noopener\" target=\"_blank\">TuS Dornberg verliert mit 3:4 gegen TuS Lohe<\/a><\/p>\n<p>Mitarbeiter f\u00fcr Kamera und Kommentar gesucht<\/p>\n<p id=\"absatz7\" class=\"em_text\">\u00c4hnlich sieht es Timo Niermann, Trainer des Westfalenligisten VfL Theesen: \u201eIch finde das Livestream-Projekt der NW total super. Das Format hat Potenzial. Cool daran ist, dass der Amateurfu\u00dfball dadurch mehr Reichweite bekommt.\u201c Auch Niermann nutzt die M\u00f6glichkeit, die Partie im Re-Live zu sehen. \u201eDie Kameraperspektive ist f\u00fcr mich als Trainer super, weil sie einfach eine andere ist, als die, die wir mit unserer Vereinskamera haben.\u201c Das sei ein zus\u00e4tzlicher Mehrwert. <\/p>\n<p id=\"absatz8\" class=\"em_text\">\u201eWas mir auch richtig gut gef\u00e4llt sind die Experten. Das ist eine super Sache. Wenn demn\u00e4chst auch noch Interviews dazu kommen, dann wird die N\u00e4he zum Amateurfu\u00dfball bestimmt noch einmal verbessert. F\u00fcr mich ist das Livestream-Projekt der NW eine super Geschichte.\u201c<\/p>\n<p id=\"absatz9\"><b class=\"bold\">Livestream zum Nachschauen:<\/b><a href=\"https:\/\/www.nw.de\/lokal\/bielefeld\/mitte\/24310952_Livestream-zum-Nachschauen-VfL-Theesen-verliert-gegen-SC-Peckeloh.html\" rel=\"nofollow noopener\" target=\"_blank\"> VfL Theesen verliert gegen SC Peckeloh<\/a><\/p>\n<p>Weitere Mitarbeiter f\u00fcr das Livestreaming gesucht<\/p>\n<p id=\"absatz10\" class=\"em_text\">Um das Projekt weiter ausweiten zu k\u00f6nnen, sind wir weiterhin auf der Suche nach freien Mitarbeitern (m\/w\/d), die Interesse am Filmen oder Kommentieren haben. Falls Sie sich eine der Aufgaben vorstellen k\u00f6nnen, bewerben Sie sich gern direkt \u00fcber unser Portal.<\/p>\n<p id=\"absatz11\"><b class=\"bold\">Fu\u00dfball, Kamera, Livestream:<\/b> <a href=\"https:\/\/karriere.nw.de\/de?id=78e515\" rel=\"nofollow noopener\" target=\"_blank\">Wir suchen Verst\u00e4rkung f\u00fcr unser Streaming-Team<\/a><\/p>\n<p id=\"absatz12\" class=\"em_text\">Dar\u00fcber hinaus suchen wir einen Projektmanager f\u00fcr Amateurfu\u00dfball und Streaming (m\/w\/d). Wenn Sie Lust darauf haben, unser erfolgreiches Projekt zu koordinieren und weiterzuentwickeln, und dar\u00fcber hinaus ein Faible f\u00fcr Amateurfu\u00dfball und Videotechnik haben, dann melden Sie sich gern bei uns.<\/p>\n<p id=\"absatz13\"><b class=\"bold\">Gesucht:<\/b> <a href=\"https:\/\/karriere.nw.de\/de?id=a17674\" rel=\"nofollow noopener\" target=\"_blank\">Projektmanager Amateurfu\u00dfball &amp; Streaming (m\/w\/d)<\/a> <\/p>\n","protected":false},"excerpt":{"rendered":"Bielefeld. Fans des Amateurfu\u00dfballs in Ostwestfalen, die nicht selbst am Fu\u00dfballplatz stehen k\u00f6nnen, haben seit Beginn des Jahres&hellip;\n","protected":false},"author":2,"featured_media":1193288,"comment_status":"","ping_status":"","sticky":false,"template":"","format":"standard","meta":{"footnotes":"","_share_on_mastodon":"0"},"categories":[1841],"tags":[5580,57387,1605,3364,29,33043,248970,31253,30,23744,16398,123937,3523,9428,732,1611,4280,1608,9150,198343,736,164252,7774,1613,124602,1209,3144,158105,139893],"class_list":["post-1193287","post","type-post","status-publish","format-standard","has-post-thumbnail","category-bielefeld","tag-amateurfussball","tag-andrea-rolfes","tag-bielefeld","tag-de","tag-deutschland","tag-dornberg","tag-fc-rot-weiss-kirchlengern","tag-fussballkreis","tag-germany","tag-guetersloh","tag-herford","tag-jens-horstmann","tag-kamera","tag-kreisliga","tag-label_frei","tag-label_informiere-mich","tag-label_l-120","tag-label_top-news","tag-livestream","tag-meta_artikelklasse_aboanker","tag-meta_copyrights_nw","tag-meta_eo_zusammenfassung","tag-meta_themen_sport","tag-meta_userneeds_informieremich","tag-neue-westfaelische","tag-nordrhein-westfalen","tag-ostwestfalen","tag-timo-niermann","tag-vfl-theesen"],"share_on_mastodon":{"url":"","error":"Validation failed: Text character limit of 500 exceeded"},"_links":{"self":[{"href":"https:\/\/www.europesays.com\/de\/wp-json\/wp\/v2\/posts\/1193287","targetHints":{"allow":["GET"]}}],"collection":[{"href":"https:\/\/www.europesays.com\/de\/wp-json\/wp\/v2\/posts"}],"about":[{"href":"https:\/\/www.europesays.com\/de\/wp-json\/wp\/v2\/types\/post"}],"author":[{"embeddable":true,"href":"https:\/\/www.europesays.com\/de\/wp-json\/wp\/v2\/users\/2"}],"replies":[{"embeddable":true,"href":"https:\/\/www.europesays.com\/de\/wp-json\/wp\/v2\/comments?post=1193287"}],"version-history":[{"count":0,"href":"https:\/\/www.europesays.com\/de\/wp-json\/wp\/v2\/posts\/1193287\/revisions"}],"wp:featuredmedia":[{"embeddable":true,"href":"https:\/\/www.europesays.com\/de\/wp-json\/wp\/v2\/media\/1193288"}],"wp:attachment":[{"href":"https:\/\/www.europesays.com\/de\/wp-json\/wp\/v2\/media?parent=1193287"}],"wp:term":[{"taxonomy":"category","embeddable":true,"href":"https:\/\/www.europesays.com\/de\/wp-json\/wp\/v2\/categories?post=1193287"},{"taxonomy":"post_tag","embeddable":true,"href":"https:\/\/www.europesays.com\/de\/wp-json\/wp\/v2\/tags?post=1193287"}],"curies":[{"name":"wp","href":"https:\/\/api.w.org\/{rel}","templated":true}]}}