{"id":1193320,"date":"2026-07-26T02:59:58","date_gmt":"2026-07-26T02:59:58","guid":{"rendered":"https:\/\/www.europesays.com\/de\/1193320\/"},"modified":"2026-07-26T02:59:58","modified_gmt":"2026-07-26T02:59:58","slug":"finals-2026-in-hannover-startschuss-fuer-die-finals-besser-wird-es-nicht","status":"publish","type":"post","link":"https:\/\/www.europesays.com\/de\/1193320\/","title":{"rendered":"Finals 2026 in Hannover: Startschuss f\u00fcr die Finals &#8211; &#8222;Besser wird es nicht&#8220;"},"content":{"rendered":"<p>            <img loading=\"lazy\" decoding=\"async\" class=\"ts-image\" src=\"https:\/\/www.europesays.com\/de\/wp-content\/uploads\/2026\/07\/die-finals-214.jpg\" alt=\"7er Rugby\" title=\"7er Rugby | IMAGO \/ Jan Guenther\"\/><\/p>\n<p>                    <strong>Reportage<\/strong><\/p>\n<p class=\"metatextline\">Stand: 23.07.2026 \u2022 16:21 Uhr<\/p>\n<p class=\"article-head__shorttext\">\n        <strong>Seit Donnerstagmorgen geht es bei den Finals 2026 in Hannover in 24 Sportarten um die Deutschen Meisterschaften. Die Erwartungen der Aktiven wurden dabei sogar noch \u00fcbertroffen.<\/strong>\n    <\/p>\n<p class=\"textabsatz m-ten m-offset-one l-eight l-offset-two columns twelve\">Es ist ein Werktag und es ist Vormittag &#8211; aber die Beachvolleyball-Arena auf dem Opernplatz ist gerappelt voll. Und die Stimmung auf den R\u00e4ngen bei den deutschen Vereinsmeisterschaften ist bestens. &#8222;Das kann sich definitiv sehen lassen. Es ist ausverkauft. Das haben wir auf der World Tour so nicht, da ist zu der Zeit noch g\u00e4hnende Leere auf den Trib\u00fcnen&#8220;, sagt Clemens Wickler.<\/p>\n<p class=\"textabsatz m-ten m-offset-one l-eight l-offset-two columns twelve\">Der Silbermedaillengewinner von Paris betont: &#8222;Da braucht sich Hannover nicht zu verstecken.&#8220; Der Centercourt sei &#8222;klein, aber fein&#8220; &#8211; und in perfekter Lage. Eine &#8222;coole Location&#8220; nennt der 31-J\u00e4hrige das.<\/p>\n<p class=\"textabsatz m-ten m-offset-one l-eight l-offset-two columns twelve\">Beachvolleyball ist zum ersten Mal bei den Finals dabei &#8211; der 31-J\u00e4hrige kann wegen einer Schulterverletzung zwar nicht selbst im Sand stehen, ist aber als Co-Kommentator von Ex-Spieler und Trainer Tim Noack f\u00fcr den Deutschen Volleyball-Verband doch mittendrin.<\/p>\n<p>    Seit einem Jahr den Finals entgegengefiebert<\/p>\n<p class=\"textabsatz m-ten m-offset-one l-eight l-offset-two columns twelve\">Am Donnerstag haben die Finals so richtig begonnen &#8211; schon um 8.45 Uhr mit den ersten Spielen im 7er-Rugby. Und auch die Pl\u00e4tze im Erika-Fisch-Stadion, das extra f\u00fcr die Veranstaltung mit zus\u00e4tzlichen Trib\u00fcnen aufgeh\u00fcbscht und vergr\u00f6\u00dfert worden ist, waren schon gut besetzt. Sehr zur Freude der Spielerinnen und Spieler &#8211; besonders aus den Teams der Stadt, die extra lautstark unterst\u00fctzt werden.<\/p>\n<p class=\"textabsatz m-ten m-offset-one l-eight l-offset-two columns twelve\">&#8222;Als ich heute morgen aufgewacht bin, habe ich gleich gedacht: &#8218;Jetzt geht es endlich los.&#8216; Ich fiebere im Prinzip schon seit einem Jahr den Finals entgegen&#8220;, sagt Katharina Epp vom SC Germania List aus Hannover. &#8222;Und es haben sich anscheinend echt viele extra freigenommen, um an einem Werktag so fr\u00fch dabei sein zu k\u00f6nnen&#8220;, staunt ihre Mitspielerin Laura Dervari-Mau.<\/p>\n<p class=\"absatzbild__info__text\">\n                        Schon am Donnerstagvormittag waren die Trib\u00fcnen im Rugby-Stadion sehr gut besucht.\n                    <\/p>\n<p>    &#8222;Rugby-Stadt&#8220; Hannover feiert den Sport<\/p>\n<p class=\"textabsatz m-ten m-offset-one l-eight l-offset-two columns twelve\">Wie die Frauen freut sich auch ihr Vereinskollege Moritz Clasen \u00fcber die professionelle Aufmachung der Veranstaltung. Das Stadion sei nach dem Umbau kaum wiederzuerkennen. Bei der Stimmung ger\u00e4t er ins Schw\u00e4rmen: &#8222;Die war auch letztes Jahr in Dresden schon gut. Aber da waren die Fans eher Laufkundschaft von den anderen Sportarten. Man merkt, dass Hannover eine richtige Rugby-Stadt ist.&#8220;<\/p>\n<blockquote class=\"zitat\">\n<p>                    F\u00fcr mich ist das heute wie Weihnachten. Besser wird es nicht mehr.<\/p>\n<p>Germania-Rugbyspieler Moritz Clasen<\/p>\n<\/blockquote>\n<p class=\"textabsatz m-ten m-offset-one l-eight l-offset-two columns twelve\">Dieses Erlebnis dann auch noch mit vielen Freunden und der Familie teilen zu k\u00f6nnen, sei \u00fcberragend. &#8222;F\u00fcr mich ist das heute wie Weihnachten. Besser wird es nicht mehr.&#8220;<\/p>\n<p>    Wickler: &#8222;Der Mehrwert f\u00fcr die Sportarten ist riesig&#8220;<\/p>\n<p class=\"textabsatz m-ten m-offset-one l-eight l-offset-two columns twelve\">Die Beachvolleyballerinnen und Beachvolleyballer sind die Aufmerksamkeit schon eher gewohnt. Aber Wickler schr\u00e4nkt ein: &#8222;Das ist auch f\u00fcr uns eine richtig coole Sache. Durch die Finals k\u00f6nnen wir auch noch mal ganz andere Zuschauer auf unseren Sport aufmerksam machen. Ich bin super gl\u00fccklich, dass Beachvolleyball ein Teil von den Finals, von dieser Mini-Olympiade sein darf.&#8220; Der Mehrwert f\u00fcr alle Sportarten, die bei den Finals dabei sind, sei &#8222;einfach riesig&#8220;.<\/p>\n<p>    Kanu und Rudern als Teil des Maschseefestes<\/p>\n<p class=\"textabsatz m-ten m-offset-one l-eight l-offset-two columns twelve\">Nicht nur beim Beach-Volleyball und Rugby ging es am Donnerstag schon rund. Auch beim Flag-Football, Turnen, Windsurfen, Coastal Rowing und Karate fanden bereits Wettk\u00e4mpfe statt. Besondere Aufmerksamkeit bekamen die Kanuten. Ihre Regatta-Strecke, extra f\u00fcr die Finals auf 160 Meter verk\u00fcrzt, f\u00fchrt direkt an der Promenade des Maschseefestes vorbei. Auch die Ruderer und Ruderinnen starten ab Freitag auf dem Maschsee. Derma\u00dfen im Zentrum des Interesses zu stehen, ist besonders f\u00fcr die Para-Sportlerinnen und Sportler in den Booten ein besonders seltenes Gef\u00fchl.<\/p>\n<blockquote class=\"zitat\">\n<p>                    Rudern ist eine Randsport, und Para-Rudern nicht noch mal mehr am Rand.<\/p>\n<p>Para-Ruderin Kathrin Marchand<\/p>\n<\/blockquote>\n<p class=\"textabsatz m-ten m-offset-one l-eight l-offset-two columns twelve\">Das Fest war extra vorverlegt worden, laut Oberb\u00fcrgermeister Belit Onay sollen beide Veranstaltungen voneinander profitieren. Und so forderte der Sprecher an der Kanustrecke die Besucher rechtzeitig vor den Starts auf, sich vom Essenstisch oder mit ihren Getr\u00e4nken zu erheben und zum Wasser zu kommen. Klatschpappen waren dabei explizit erlaubt.<\/p>\n<p class=\"absatzbild__info__text\">\n                        Die Regattastrecke liegt direkt neben der Promenade des Maschseefestes.\n                    <\/p>\n<p>    Toba holt beim letzten Heimspiel Bronze<\/p>\n<p class=\"textabsatz m-ten m-offset-one l-eight l-offset-two columns twelve\">F\u00fcr die Finals in seiner Heimatstadt hat Turner Andreas Toba, eigentlich bereits als Trainer aktiv, seine Karriere extra noch verl\u00e4ngert. Und weil er &#8222;eigentlich nur Spa\u00df haben wollte&#8220;, freut er sich umso mehr, als er im Mehrkampf sensationell noch mal Bronze gewinnt. &#8222;Ich bin sprachlos und sehr dankbar, dass das hier zu Hause bei mir in Hannover funktioniert hat.&#8220;<\/p>\n<p class=\"textabsatz m-ten m-offset-one l-eight l-offset-two columns twelve\">F\u00fcr keine andere Stadt h\u00e4tte er sich noch mal zur H\u00f6chstform gepusht. Aber weil er nie zuvor einen gro\u00dfen Wettkampf in seiner Heimatstadt turnen konnte, &#8222;wollte ich mir das nicht nehmen lassen&#8220;.<\/p>\n<p>    Wickler: &#8222;Trotz Verletzung Teil des Events&#8220;<\/p>\n<p class=\"textabsatz m-ten m-offset-one l-eight l-offset-two columns twelve\">Beachvolleyballer Wickler hofft, schnell selbst wieder im Sand stehen zu k\u00f6nnen. Die Reha ist so gut wie abgeschlossen, die Olympia-Quali im November das gro\u00dfe Ziel. Bis dahin hei\u00dft es, hart zu arbeiten, auch bei den Finals.<\/p>\n<p class=\"textabsatz m-ten m-offset-one l-eight l-offset-two columns twelve\">Als Co-Kommentator schl\u00e4gt er sich gut. Oder doch nicht? &#8222;Gerade hatte er noch ein paar Artikulationsprobleme bei dem einen oder anderen Beachvolleyball-Fachbegriff. Aber ich nehme ihn da unter meine Fittiche&#8220;, antwortet Noack und grinst breit. &#8222;Nein, nat\u00fcrlich nur ein Scherz. Clemens ist nicht auf den Mund gefallen. Er kennt alles und jeden; und es macht Spa\u00df mit ihm zu kommentieren.&#8220;<\/p>\n<p class=\"textabsatz m-ten m-offset-one l-eight l-offset-two columns twelve\">Wickler steht daneben und lacht: &#8222;Meine Komfortzone ist eher unten auf dem Sand und ich kann ein bisschen Wehmut nicht leugnen, dass ich bei den Finals nicht dabei bin. Aber es ist schon cool, trotz Verletzung Teil des Events sein zu k\u00f6nnen.&#8220;<\/p>\n","protected":false},"excerpt":{"rendered":"Reportage Stand: 23.07.2026 \u2022 16:21 Uhr Seit Donnerstagmorgen geht es bei den Finals 2026 in Hannover in 24&hellip;\n","protected":false},"author":2,"featured_media":1193321,"comment_status":"","ping_status":"","sticky":false,"template":"","format":"standard","meta":{"footnotes":"","_share_on_mastodon":"0"},"categories":[1836],"tags":[3364,29,89007,30,46,1411],"class_list":["post-1193320","post","type-post","status-publish","format-standard","has-post-thumbnail","category-hannover","tag-de","tag-deutschland","tag-die-finals","tag-germany","tag-hannover","tag-niedersachsen"],"share_on_mastodon":{"url":"https:\/\/pubeurope.com\/@de\/116984050143271183","error":""},"_links":{"self":[{"href":"https:\/\/www.europesays.com\/de\/wp-json\/wp\/v2\/posts\/1193320","targetHints":{"allow":["GET"]}}],"collection":[{"href":"https:\/\/www.europesays.com\/de\/wp-json\/wp\/v2\/posts"}],"about":[{"href":"https:\/\/www.europesays.com\/de\/wp-json\/wp\/v2\/types\/post"}],"author":[{"embeddable":true,"href":"https:\/\/www.europesays.com\/de\/wp-json\/wp\/v2\/users\/2"}],"replies":[{"embeddable":true,"href":"https:\/\/www.europesays.com\/de\/wp-json\/wp\/v2\/comments?post=1193320"}],"version-history":[{"count":0,"href":"https:\/\/www.europesays.com\/de\/wp-json\/wp\/v2\/posts\/1193320\/revisions"}],"wp:featuredmedia":[{"embeddable":true,"href":"https:\/\/www.europesays.com\/de\/wp-json\/wp\/v2\/media\/1193321"}],"wp:attachment":[{"href":"https:\/\/www.europesays.com\/de\/wp-json\/wp\/v2\/media?parent=1193320"}],"wp:term":[{"taxonomy":"category","embeddable":true,"href":"https:\/\/www.europesays.com\/de\/wp-json\/wp\/v2\/categories?post=1193320"},{"taxonomy":"post_tag","embeddable":true,"href":"https:\/\/www.europesays.com\/de\/wp-json\/wp\/v2\/tags?post=1193320"}],"curies":[{"name":"wp","href":"https:\/\/api.w.org\/{rel}","templated":true}]}}