{"id":1193422,"date":"2026-07-26T04:12:19","date_gmt":"2026-07-26T04:12:19","guid":{"rendered":"https:\/\/www.europesays.com\/de\/1193422\/"},"modified":"2026-07-26T04:12:19","modified_gmt":"2026-07-26T04:12:19","slug":"der-ukrainische-praesident-sagt-russland-wird-in-kuerze-30-000-nordkoreanische-soldaten-erhalten","status":"publish","type":"post","link":"https:\/\/www.europesays.com\/de\/1193422\/","title":{"rendered":"Der ukrainische Pr\u00e4sident sagt: \u201eRussland wird in K\u00fcrze 30.000 nordkoreanische Soldaten erhalten.\u201c"},"content":{"rendered":"<p><img loading=\"lazy\" decoding=\"async\" style=\"cursor:pointer\" id=\"6492574\" alt=\"img-2242.jpg\" data-width=\"1290\" data-height=\"862\" data-image-id=\"6492574\" class=\"lazyload cms-photo\" data-large-src=\"https:\/\/cdn.tienphong.vn\/images\/cf216f3f141173ab89c1dfef82f000da46ee9a4c90e939cfcdade0991108806d10e0da2aaf07d532f930caa0c430ce97\/img-2242.jpg.avif\" src=\"https:\/\/cdn.tienphong.vn\/images\/e1a235bd5f5c3e01eeaf2af6896f344946ee9a4c90e939cfcdade0991108806d10e0da2aaf07d532f930caa0c430ce97\/img-2242.jpg.avif\" title=\"Der ukrainische Pr\u00e4sident Wolodymyr Selenskyj. (Foto: Reuters)\" width=\"1290\" height=\"862\"\/> Der <a class=\"data-link\" data-org-href=\"https:\/\/www.vietnam.vn\/de\/tag\/ukraine\" href=\"https:\/\/www.vietnam.vn\/de\/tag\/ukraine\" title=\"Ukraine\" target=\"_blank\" rel=\"nofollow noopener\">ukrainische<\/a> Pr\u00e4sident Wolodymyr Selenskyj. (Foto: Reuters)<\/p>\n<p> Gem\u00e4\u00df dem gegenseitigen Verteidigungspakt zwischen den beiden L\u00e4ndern soll Nordkorea im Jahr 2024 etwa 14.000 Soldaten in die russische Provinz Kursk entsandt haben, um Moskau bei der Abwehr einer gro\u00dfangelegten Offensive ukrainischer Streitkr\u00e4fte zu unterst\u00fctzen.<\/p>\n<p> \u201eWir beobachten auch eine Zusammenarbeit zwischen Russland und Nordkorea. Russland m\u00f6chte zus\u00e4tzlich 30.000 nordkoreanische Soldaten entsenden. Seit Juni trifft Russland in der Region Woronesch Vorbereitungen zur Aufnahme dieser Truppen\u201c, sagte Selenskyj in einer <a class=\"data-link\" data-org-href=\"https:\/\/www.vietnam.vn\/de\/category\/video\" href=\"https:\/\/www.vietnam.vn\/de\/category\/video\" title=\"Video\" target=\"_blank\" rel=\"nofollow noopener\">Videobotschaft<\/a> am Abend des 25. Juli.<\/p>\n<p> Der ukrainische Staatschef sagte au\u00dferdem, Nordkorea bereite die Lieferung neuer Startplattformen f\u00fcr ballistische Raketen an Russland vor.<\/p>\n<p> \u201eRussland hilft Nordkorea dabei, Kampftechniken zu erlernen, seine Waffen zu verbessern und praktische Kampferfahrung im Umgang mit diesen Waffen zu sammeln\u201c, sagte Selenskyj.<\/p>\n<p> Der ukrainische Staatschef erkl\u00e4rte, Kiew werde \u201eMa\u00dfnahmen ergreifen, um auf diese Bedrohung zu reagieren\u201c.<\/p>\n<p> <b>Russland und Nordkorea haben die Informationen nicht kommentiert.<\/b><\/p>\n<p> Am selben Tag, dem 25. Juli, sagte Dmitri Peskow, Pressesprecher des russischen Pr\u00e4sidenten, dass Kiew die M\u00f6glichkeit gehabt habe, den Konflikt zwischen den beiden L\u00e4ndern innerhalb weniger Stunden durch die richtigen Entscheidungen zu beenden.<\/p>\n<p> Er betonte, Russland habe Vorbedingungen f\u00fcr einen Waffenstillstand gestellt und bekr\u00e4ftigte, diese Bedingungen seien \u201eklar und einheitlich\u201c.<\/p>\n<p> \u201eDeshalb k\u00f6nnte alles noch heute Nacht vor Mitternacht gestoppt werden, wenn die Kiewer Beh\u00f6rden eine entsprechende Entscheidung treffen\u201c, sagte Peskow.<\/p>\n<p> Die von Russland eingesetzten Beh\u00f6rden in der Region Saporischschja beschuldigten die Ukraine, den Ferienort in der Nacht des 25. Juli mit Drohnen angegriffen und dabei zw\u00f6lf Menschen, darunter f\u00fcnf Kinder, get\u00f6tet zu haben. Kiew hat sich dazu noch nicht ge\u00e4u\u00dfert. <\/p>\n<p class=\"mb-0\"> Quelle: https:\/\/tienphong.vn\/tong-thong-ukraine-noi-nga-sap-tiep-nhan-30000-binh-si-trieu-tien-post1862635.tpo<\/p>\n","protected":false},"excerpt":{"rendered":"Der ukrainische Pr\u00e4sident Wolodymyr Selenskyj. (Foto: Reuters) Gem\u00e4\u00df dem gegenseitigen Verteidigungspakt zwischen den beiden L\u00e4ndern soll Nordkorea im&hellip;\n","protected":false},"author":2,"featured_media":1193423,"comment_status":"","ping_status":"","sticky":false,"template":"","format":"standard","meta":{"footnotes":"","_share_on_mastodon":"0"},"categories":[4013],"tags":[331,332,248996,31254,13,14,15,4043,4044,850,307,4030,12,317],"class_list":["post-1193422","post","type-post","status-publish","format-standard","has-post-thumbnail","category-russland","tag-aktuelle-nachrichten","tag-aktuelle-news","tag-beziehungen-zwischen-russland-und-nordkorea","tag-gewaehlt","tag-headlines","tag-nachrichten","tag-news","tag-russia","tag-russian-federation","tag-russische-foederation","tag-russland","tag-russland-ukraine-krieg","tag-schlagzeilen","tag-ukraine"],"share_on_mastodon":{"url":"https:\/\/pubeurope.com\/@de\/116984334389174118","error":""},"_links":{"self":[{"href":"https:\/\/www.europesays.com\/de\/wp-json\/wp\/v2\/posts\/1193422","targetHints":{"allow":["GET"]}}],"collection":[{"href":"https:\/\/www.europesays.com\/de\/wp-json\/wp\/v2\/posts"}],"about":[{"href":"https:\/\/www.europesays.com\/de\/wp-json\/wp\/v2\/types\/post"}],"author":[{"embeddable":true,"href":"https:\/\/www.europesays.com\/de\/wp-json\/wp\/v2\/users\/2"}],"replies":[{"embeddable":true,"href":"https:\/\/www.europesays.com\/de\/wp-json\/wp\/v2\/comments?post=1193422"}],"version-history":[{"count":0,"href":"https:\/\/www.europesays.com\/de\/wp-json\/wp\/v2\/posts\/1193422\/revisions"}],"wp:featuredmedia":[{"embeddable":true,"href":"https:\/\/www.europesays.com\/de\/wp-json\/wp\/v2\/media\/1193423"}],"wp:attachment":[{"href":"https:\/\/www.europesays.com\/de\/wp-json\/wp\/v2\/media?parent=1193422"}],"wp:term":[{"taxonomy":"category","embeddable":true,"href":"https:\/\/www.europesays.com\/de\/wp-json\/wp\/v2\/categories?post=1193422"},{"taxonomy":"post_tag","embeddable":true,"href":"https:\/\/www.europesays.com\/de\/wp-json\/wp\/v2\/tags?post=1193422"}],"curies":[{"name":"wp","href":"https:\/\/api.w.org\/{rel}","templated":true}]}}