{"id":1193520,"date":"2026-07-26T05:21:12","date_gmt":"2026-07-26T05:21:12","guid":{"rendered":"https:\/\/www.europesays.com\/de\/1193520\/"},"modified":"2026-07-26T05:21:12","modified_gmt":"2026-07-26T05:21:12","slug":"20-jahre-core-2-duo-der-prozessor-der-intel-zurueck-in-die-spur-brachte","status":"publish","type":"post","link":"https:\/\/www.europesays.com\/de\/1193520\/","title":{"rendered":"20 Jahre Core 2 Duo: Der Prozessor, der Intel zur\u00fcck in die Spur brachte"},"content":{"rendered":"<ol class=\"a-toc__list\">\n<li class=\"a-toc__item&#10;          &#10;            a-toc__item--counter&#10;          &#10;            a-toc__item--current\">\n<p>              20 Jahre Core 2 Duo: Der Prozessor, der Intel zur\u00fcck in die Spur brachte<\/p>\n<\/li>\n<li class=\"a-toc__item&#10;          &#10;            a-toc__item--counter&#10;          \">\n<p>              Leistung und Energiebedarf<\/p>\n<\/li>\n<li class=\"a-toc__item&#10;          &#10;            a-toc__item--counter&#10;          \">\n<p>              Architektur-Verbesserungen<\/p>\n<\/li>\n<li class=\"a-toc__item&#10;          &#10;            a-toc__item--counter&#10;          \">\n<p>              Jahrzehntelange Fortentwicklung<\/p>\n<\/li>\n<\/ol>\n<p>Am 26. Juli 2006 begann Intel mit dem Verkauf der Core-2-Duo-Prozessoren. Nach dem Flop der Baureihe Pentium 4 mit hohem Energiebedarf und zu niedrigen Taktraten sowie dem Erfolg der Athlon 64 X2 von AMD stand Intel unter massivem Zugzwang. Die R\u00fcckschau offenbart, wie aus einer Notl\u00f6sung die Basis f\u00fcr alle nachfolgenden Core-Generationen bis zu den aktuellen Intel-CPUs entstand.<\/p>\n<p>Wir beleuchten auch die Vorgeschichte, wie ein sparsames Mobildesign den Chiphersteller rettete, welchen enormen Performancesprung die Core 2 Duo brachten und wie es um die Effizienz bestellt war. Zudem gehen wir auf die wesentlichen Unterschiede und vor allem Verbesserungen zum Netburst-Design der Pentium 4 ein.<\/p>\n<ul class=\"rte__list rte__list--unordered\">\n<li>Nach dem Pentium-4-Schlamassel und unter massivem Druck durch AMDs Athlon 64 X2 adaptierte Intel das effiziente Mobil-Design der Pentium M als kurzfristige Basis des Core 2.<\/li>\n<li>Mit drastischen Architektur\u00e4nderungen verdoppelte der Core 2 Duo die Effizienz und rechnete deutlich schneller als die Vorg\u00e4nger.<\/li>\n<li>Der Erfolg von 2006 zementierte das Design f\u00fcr Jahrzehnte bis hin zu den kommenden, f\u00fcr 2027 geplanten \u201eNova Lake\u201c-Prozessoren.<\/li>\n<\/ul>\n<p>Die <a href=\"https:\/\/www.heise.de\/thema\/Prozessoren\" rel=\"external noopener nofollow\" target=\"_blank\">Prozessoren<\/a> der Serie Core 2 Duo brachten viele Neuerungen bei der Kernarchitektur, richteten den Fokus st\u00e4rker auf den Energiebedarf und f\u00fchrten CPU-Schlafzust\u00e4nde wie C-States bei Desktop-Prozessoren ein.<\/p>\n<p>            Das war die Leseprobe unseres heise-Plus-Artikels &#8222;20 Jahre Core 2 Duo: Der Prozessor, der Intel zur\u00fcck in die Spur brachte&#8220;.<br \/>\n            Mit einem heise-Plus-Abo k\u00f6nnen Sie den ganzen Artikel lesen.<\/p>\n<p>\n      Dieser Link ist leider nicht mehr g\u00fcltig.\n    <\/p>\n<p>Links zu verschenkten Artikeln werden ung\u00fcltig,<br \/>\n      wenn diese \u00e4lter als 7\u00a0Tage sind oder zu oft aufgerufen wurden.\n    <\/p>\n<p><strong>Sie ben\u00f6tigen ein heise+ Paket, um diesen Artikel zu lesen. Jetzt eine Woche unverbindlich testen \u2013 ohne Verpflichtung!<\/strong><\/p>\n","protected":false},"excerpt":{"rendered":"20 Jahre Core 2 Duo: Der Prozessor, der Intel zur\u00fcck in die Spur brachte Leistung und Energiebedarf Architektur-Verbesserungen&hellip;\n","protected":false},"author":2,"featured_media":1193521,"comment_status":"","ping_status":"","sticky":false,"template":"","format":"standard","meta":{"footnotes":"","_share_on_mastodon":"0"},"categories":[135],"tags":[2250,249003,29,30,2989,11172,19229,196,262,190,189,194,191,193,192],"class_list":["post-1193520","post","type-post","status-publish","format-standard","has-post-thumbnail","category-wissenschaft-technik","tag-architektur","tag-core-2-duo","tag-deutschland","tag-germany","tag-geschichte","tag-hardware","tag-intel","tag-it","tag-prozessoren","tag-science","tag-science-technology","tag-technik","tag-technology","tag-wissenschaft","tag-wissenschaft-technik"],"share_on_mastodon":{"url":"https:\/\/pubeurope.com\/@de\/116984603460952439","error":""},"_links":{"self":[{"href":"https:\/\/www.europesays.com\/de\/wp-json\/wp\/v2\/posts\/1193520","targetHints":{"allow":["GET"]}}],"collection":[{"href":"https:\/\/www.europesays.com\/de\/wp-json\/wp\/v2\/posts"}],"about":[{"href":"https:\/\/www.europesays.com\/de\/wp-json\/wp\/v2\/types\/post"}],"author":[{"embeddable":true,"href":"https:\/\/www.europesays.com\/de\/wp-json\/wp\/v2\/users\/2"}],"replies":[{"embeddable":true,"href":"https:\/\/www.europesays.com\/de\/wp-json\/wp\/v2\/comments?post=1193520"}],"version-history":[{"count":0,"href":"https:\/\/www.europesays.com\/de\/wp-json\/wp\/v2\/posts\/1193520\/revisions"}],"wp:featuredmedia":[{"embeddable":true,"href":"https:\/\/www.europesays.com\/de\/wp-json\/wp\/v2\/media\/1193521"}],"wp:attachment":[{"href":"https:\/\/www.europesays.com\/de\/wp-json\/wp\/v2\/media?parent=1193520"}],"wp:term":[{"taxonomy":"category","embeddable":true,"href":"https:\/\/www.europesays.com\/de\/wp-json\/wp\/v2\/categories?post=1193520"},{"taxonomy":"post_tag","embeddable":true,"href":"https:\/\/www.europesays.com\/de\/wp-json\/wp\/v2\/tags?post=1193520"}],"curies":[{"name":"wp","href":"https:\/\/api.w.org\/{rel}","templated":true}]}}