{"id":1193677,"date":"2026-07-26T07:07:11","date_gmt":"2026-07-26T07:07:11","guid":{"rendered":"https:\/\/www.europesays.com\/de\/1193677\/"},"modified":"2026-07-26T07:07:11","modified_gmt":"2026-07-26T07:07:11","slug":"brand-in-augsburg-dachstuhl-steht-in-flammen","status":"publish","type":"post","link":"https:\/\/www.europesays.com\/de\/1193677\/","title":{"rendered":"Brand in Augsburg: Dachstuhl steht in Flammen"},"content":{"rendered":"<p class=\"mb-6 text-xs-varying md:text-m lg:text-l font-serif group-[.font-sans]:font-sans \">\n    Ein Dachstuhlbrand in der Firnhaber Stra\u00dfe im Stadtteil Hochfeld hat in der Nacht auf Sonntag die Einsatzkr\u00e4fte der Berufsfeuerwehr <a href=\"https:\/\/www.augsburger-allgemeine.de\/augsburg\/\" target=\"_self\" class=\"underline \" rel=\"nofollow noopener\">Augsburg<\/a> besch\u00e4ftigt. Wie die Berufsfeuerwehr mitteilt, wurden sie gegen 21.51 Uhr alarmiert. In einer ersten Meldung habe es gehei\u00dfen, es brenne etwas neben einem leerstehenden Geb\u00e4ude. Die erste Streife der Polizei konnte diese Meldung best\u00e4tigen und erg\u00e4nzte laut Pressebericht der Berufsfeuerwehr mit den Worten: \u201eEs brennt im Geb\u00e4ude lichterloh\u201c.\n  <\/p>\n<p>            Feuer in Augsburg: Das Dach des Geb\u00e4udes brannte auf 30 Metern L\u00e4nge<\/p>\n<p class=\"mb-6 text-xs-varying md:text-m lg:text-l font-serif group-[.font-sans]:font-sans \">\n    Als die Einsatzkr\u00e4fte vor Ort ankamen, konnte demnach in einer etwa 100 Meter langen Halle auf einer L\u00e4nge von 30 Metern ein Dachstuhl im Vollbrand festgestellt werden. Die Brandbek\u00e4mpfung wurde mit zwei L\u00f6schrohren im Innenangriff und einem L\u00f6schrohr von der Drehleiter eingeleitet. Parallel wurde das weitl\u00e4ufige Geb\u00e4ude auf eventuelle Personen durchsucht. Auf Grund der erschwerten Zug\u00e4nglichkeit zum Objekt und er schlechten Wasserversorgung auf dem Gel\u00e4nde wurden weitere Einheiten der Feuerwehr nachgefordert.\n  <\/p>\n<p class=\"mb-6 text-xs-varying md:text-m lg:text-l font-serif group-[.font-sans]:font-sans \">\n    Gegen 22.24 Uhr konnte der Brand des Dachstuhls schlie\u00dflich unter Kontrolle gebracht und eine Ausbreitung auf den gesamten Dachstuhl verhindert werden. Kurz nach Mitternacht war das Feuer dann endg\u00fcltig gel\u00f6scht und die letzten Glutnester konnten mit Hilfe der W\u00e4rmebildkamera zielgerichtet gel\u00f6scht werden. Aufgrund der Konstruktion des Geb\u00e4udes und der verbauten Materialien mussten an der Einsatzstelle erweiterte Hygienema\u00dfnahmen f\u00fcr die Kr\u00e4fte der Feuerwehr durchgef\u00fchrt werden. Zur Brandbek\u00e4mpfung wurden insgesamt elf Einsatzkr\u00e4fte mit Atemschutz eingesetzt. Zur Brandursache hat die Kriminalpolizei Augsburg die Ermittlungen aufgenommen. Der durch den Brand entstandene Sachschaden bewegt sich ersten Sch\u00e4tzungen zufolge im sechsstelligen Bereich. Verletzt wurde bei dem Feuer laut Polizei niemand. (gau)\n  <\/p>\n","protected":false},"excerpt":{"rendered":"Ein Dachstuhlbrand in der Firnhaber Stra\u00dfe im Stadtteil Hochfeld hat in der Nacht auf Sonntag die Einsatzkr\u00e4fte der&hellip;\n","protected":false},"author":2,"featured_media":1193678,"comment_status":"","ping_status":"","sticky":false,"template":"","format":"standard","meta":{"footnotes":"","_share_on_mastodon":"0"},"categories":[1846],"tags":[680,772,2775,18937,3364,29,2540,243157,548,663,3934,985,30,13,983,14,15,121,12],"class_list":["post-1193677","post","type-post","status-publish","format-standard","has-post-thumbnail","category-augsburg","tag-augsburg","tag-bayern","tag-berufsfeuerwehr","tag-dachstuhlbrand","tag-de","tag-deutschland","tag-einsatzkraft","tag-erstmeldung","tag-eu","tag-europa","tag-europe","tag-feuerwehr","tag-germany","tag-headlines","tag-kripo","tag-nachrichten","tag-news","tag-polizei","tag-schlagzeilen"],"share_on_mastodon":{"url":"https:\/\/pubeurope.com\/@de\/116985020150335704","error":""},"_links":{"self":[{"href":"https:\/\/www.europesays.com\/de\/wp-json\/wp\/v2\/posts\/1193677","targetHints":{"allow":["GET"]}}],"collection":[{"href":"https:\/\/www.europesays.com\/de\/wp-json\/wp\/v2\/posts"}],"about":[{"href":"https:\/\/www.europesays.com\/de\/wp-json\/wp\/v2\/types\/post"}],"author":[{"embeddable":true,"href":"https:\/\/www.europesays.com\/de\/wp-json\/wp\/v2\/users\/2"}],"replies":[{"embeddable":true,"href":"https:\/\/www.europesays.com\/de\/wp-json\/wp\/v2\/comments?post=1193677"}],"version-history":[{"count":0,"href":"https:\/\/www.europesays.com\/de\/wp-json\/wp\/v2\/posts\/1193677\/revisions"}],"wp:featuredmedia":[{"embeddable":true,"href":"https:\/\/www.europesays.com\/de\/wp-json\/wp\/v2\/media\/1193678"}],"wp:attachment":[{"href":"https:\/\/www.europesays.com\/de\/wp-json\/wp\/v2\/media?parent=1193677"}],"wp:term":[{"taxonomy":"category","embeddable":true,"href":"https:\/\/www.europesays.com\/de\/wp-json\/wp\/v2\/categories?post=1193677"},{"taxonomy":"post_tag","embeddable":true,"href":"https:\/\/www.europesays.com\/de\/wp-json\/wp\/v2\/tags?post=1193677"}],"curies":[{"name":"wp","href":"https:\/\/api.w.org\/{rel}","templated":true}]}}