{"id":1193799,"date":"2026-07-26T08:27:18","date_gmt":"2026-07-26T08:27:18","guid":{"rendered":"https:\/\/www.europesays.com\/de\/1193799\/"},"modified":"2026-07-26T08:27:18","modified_gmt":"2026-07-26T08:27:18","slug":"fc-bayern-palhinha-irritiert-mit-zukunftsaussage-position-halten","status":"publish","type":"post","link":"https:\/\/www.europesays.com\/de\/1193799\/","title":{"rendered":"FC Bayern: Palhinha irritiert mit Zukunftsaussage \u2013 &#8222;Position halten&#8220;"},"content":{"rendered":"<p>\u00dcberraschende Aussage <\/p>\n<p>Bayern-Boss verk\u00fcndet Aus von Profi \u2013 der will aber bleiben<\/p>\n<p>26.07.2026 &#8211; 08:52 UhrLesedauer: 2 Min.<\/p>\n<p><a href=\"#focus-0\" class=\"transition-colors block text-current relative\" data-sctrack=\"FocusGalleryImage.Reference\"><img fetchpriority=\"high\" data-testid=\"Opener.Image\"   loading=\"eager\" src=\"https:\/\/www.europesays.com\/de\/wp-content\/uploads\/2026\/07\/joao-palhinha-sein-vertrag-in-muenchen-laeuft-noch-bis-2028.jpg\" alt=\"Jo\u00e3o Palhinha: Sein Vertrag in M\u00fcnchen l\u00e4uft noch bis 2028.\" title=\"Jo\u00e3o Palhinha: Sein Vertrag in M\u00fcnchen l\u00e4uft noch bis 2028.\" width=\"2176\" height=\"1224\" class=\"bg-[url:var(--lqipURL)] bg-cover bg-center flex h-full w-full max-w-full\" style=\"--lqipURL:url('https:\/\/images.t-online.de\/2026\/07\/3djtxnq5cqfo\/108x58:2176x1224\/fit-in\/150x0\/filters:blur(25)\/joao-palhinha-sein-vertrag-in-muenchen-laeuft-noch-bis-2028.jpg')\" decoding=\"async\"\/><img loading=\"lazy\" src=\"https:\/\/www.t-online.de\/s\/paper\/_next\/static\/media\/zoom-in.f7dae02f.svg\" alt=\"Vergr\u00f6\u00dfern des Bildes\" title=\"Vergr\u00f6\u00dfern des Bildes\" class=\"block h-[calc(var(--height)_\/_16_*_1rem)] w-[calc(var(--width)_\/_16_*_1rem)] max-w-none absolute right-8 bottom-8 rounded-4 bg-snow p-8\" style=\"--width:32;--height:32\" decoding=\"async\"\/><\/a><\/p>\n<p>Jo\u00e3o Palhinha: Sein Vertrag in M\u00fcnchen l\u00e4uft noch bis 2028. (Quelle: IMAGO\/Eibner-Pressefoto\/Joerg Nieberga)<\/p>\n<p><img loading=\"lazy\" src=\"https:\/\/www.t-online.de\/s\/paper\/_next\/static\/media\/audio-volume.6689034c.svg\" alt=\"\" title=\"\" class=\"block h-[calc(var(--height)_\/_16_*_1rem)] w-[calc(var(--width)_\/_16_*_1rem)] max-w-none group-hover:brightness-0 group-hover:invert\" style=\"--width:16;--height:16\" decoding=\"async\"\/>Vorlesen<\/p>\n<p>Aktuelle Zeit:0:00Gesamtdauer:0:00<\/p>\n<p>1x<\/p>\n<p class=\"text-center\">Jetzt neu bei t-online:<\/p>\n<p class=\"text-center\">Schriftgr\u00f6\u00dfe anpassen!<\/p>\n<p><img loading=\"lazy\" src=\"https:\/\/www.t-online.de\/s\/paper\/_next\/static\/media\/font-sizes.32942e33.svg\" alt=\"\" title=\"\" class=\"block h-[calc(var(--height)_\/_16_*_1rem)] w-[calc(var(--width)_\/_16_*_1rem)] max-w-none group-hover:hidden group-aria-expanded:hidden\" style=\"--width:16;--height:16\" decoding=\"async\"\/><img loading=\"lazy\" src=\"https:\/\/www.t-online.de\/s\/paper\/_next\/static\/media\/font-sizes-dark-mode.e382645c.svg\" alt=\"\" title=\"\" class=\"block h-[calc(var(--height)_\/_16_*_1rem)] w-[calc(var(--width)_\/_16_*_1rem)] max-w-none hidden group-hover:block group-aria-expanded:block\" style=\"--width:16;--height:16\" decoding=\"async\"\/><img loading=\"lazy\" src=\"https:\/\/www.t-online.de\/s\/paper\/_next\/static\/media\/sharing-menu-icon.1eb71368.svg\" alt=\"\" title=\"\" class=\"block h-[calc(var(--height)_\/_16_*_1rem)] w-[calc(var(--width)_\/_16_*_1rem)] max-w-none group-hover:brightness-0 group-hover:invert\" style=\"--width:16;--height:16\" decoding=\"async\"\/>Artikel teilen<\/p>\n<p class=\"font-bold text-18 leading-17 user-text-lg:text-22 user-text-xl:text-24\">Eigentlich standen die Zeichen auf Abschied. Hat Jo\u00e3o Palhinha nun aber einen anderen Plan als die Bayern?<\/p>\n<p class=\"text-18 leading-17 user-text-lg:text-22 user-text-xl:text-24\">Mittelfeldakteur Jo\u00e3o Palhinha hat mit einer Aussage zu seiner sportlichen Zukunft \u00fcberrascht. &#8222;Der Plan ist, meine Position hier zu behalten&#8220;, sagte der Spieler des <a href=\"https:\/\/www.t-online.de\/themen\/fc-bayern-muenchen\/\" class=\"transition-colors cursor-pointer no-underline md:hover:text-magenta md:focus:text-magenta border-b border-solid border-current text-salemsfur md:hover:border-magenta\" data-tracking=\"{&quot;action&quot;:&quot;click&quot;,&quot;category&quot;:&quot;intextLink&quot;,&quot;label&quot;:&quot;\/themen\/fc-bayern-muenchen\/&quot;}\" data-sctrack=\"BodyAnchor\" rel=\"nofollow noopener\" target=\"_blank\">FC Bayern<\/a> nach dem verlorenen Testspiel bei Wehen Wiesbaden (1:2) laut &#8222;Abendzeitung&#8220;. Palhinha war zuletzt an <a href=\"https:\/\/www.t-online.de\/themen\/tottenham-hotspur\/\" class=\"transition-colors cursor-pointer no-underline md:hover:text-magenta md:focus:text-magenta border-b border-solid border-current text-salemsfur md:hover:border-magenta\" data-tracking=\"{&quot;action&quot;:&quot;click&quot;,&quot;category&quot;:&quot;intextLink&quot;,&quot;label&quot;:&quot;\/themen\/tottenham-hotspur\/&quot;}\" data-sctrack=\"BodyAnchor\" rel=\"nofollow noopener\" target=\"_blank\">Tottenham Hotspur<\/a> ausgeliehen, trainiert seit Kurzem wieder beim deutschen Rekordmeister. Sein Vertrag in M\u00fcnchen l\u00e4uft noch bis 2028.<\/p>\n<p class=\"text-18 leading-17 user-text-lg:text-22 user-text-xl:text-24\">Seit Wochen schien eigentlich klar zu sein, dass sich die Bayern und der 31-J\u00e4hrige in diesem Sommer endg\u00fcltig trennen wollen. Kurz vor Palhinhas Aussage bekr\u00e4ftigte Sportdirektor <a href=\"https:\/\/www.t-online.de\/themen\/christoph-freund\/\" class=\"transition-colors cursor-pointer no-underline md:hover:text-magenta md:focus:text-magenta border-b border-solid border-current text-salemsfur md:hover:border-magenta\" data-tracking=\"{&quot;action&quot;:&quot;click&quot;,&quot;category&quot;:&quot;intextLink&quot;,&quot;label&quot;:&quot;\/themen\/christoph-freund\/&quot;}\" data-sctrack=\"BodyAnchor\" rel=\"nofollow noopener\" target=\"_blank\">Christoph Freund<\/a> noch die Verkaufsabsicht. &#8222;Sie wissen Bescheid. Sie trainieren jetzt mit, aber sie werden in unserer Planung keine gro\u00dfe Rolle mehr spielen&#8220;, schloss der \u00d6sterreicher Sacha Boey mit ein. Der Franzose war zuletzt an <a href=\"https:\/\/www.t-online.de\/themen\/galatasaray-istanbul\/\" class=\"transition-colors cursor-pointer no-underline md:hover:text-magenta md:focus:text-magenta border-b border-solid border-current text-salemsfur md:hover:border-magenta\" data-tracking=\"{&quot;action&quot;:&quot;click&quot;,&quot;category&quot;:&quot;intextLink&quot;,&quot;label&quot;:&quot;\/themen\/galatasaray-istanbul\/&quot;}\" data-sctrack=\"BodyAnchor\" rel=\"nofollow noopener\" target=\"_blank\">Galatasaray Istanbul<\/a> verliehen.<\/p>\n<p>&#8222;Nicht die Chancen, die ich verdient h\u00e4tte&#8220;<\/p>\n<p class=\"text-18 leading-17 user-text-lg:text-22 user-text-xl:text-24\">&#8222;Sie sind gute Spieler, sie trainieren ordentlich, sie werden jetzt bleiben. Aber der Plan ist, dass sie die n\u00e4chsten Schritte woanders gehen&#8220;, f\u00fchrte Freund aus. Bayern-Trainer <a href=\"https:\/\/www.t-online.de\/themen\/vincent-kompany\/\" class=\"transition-colors cursor-pointer no-underline md:hover:text-magenta md:focus:text-magenta border-b border-solid border-current text-salemsfur md:hover:border-magenta\" data-tracking=\"{&quot;action&quot;:&quot;click&quot;,&quot;category&quot;:&quot;intextLink&quot;,&quot;label&quot;:&quot;\/themen\/vincent-kompany\/&quot;}\" data-sctrack=\"BodyAnchor\" rel=\"nofollow noopener\" target=\"_blank\">Vincent Kompany<\/a> plant mit keinem der beiden Profis. Eine erneute Leihe sei nicht beabsichtigt, &#8222;aber wir schlie\u00dfen aktuell gar nichts aus&#8220;.<\/p>\n<p class=\"text-18 leading-17 user-text-lg:text-22 user-text-xl:text-24\">Palhinha schloss sich im Sommer 2024 dem FC Bayern an. Unter Kompany kam er auf nur 25 Pflichtspiele f\u00fcr die M\u00fcnchner, blieb ohne Torbeteiligung. &#8222;Ich hatte nicht die Chancen, die ich meiner Meinung nach verdient h\u00e4tte&#8220;, sagte er im Herbst letzten Jahres \u00fcber seine damals zur\u00fcckliegende Zeit.<\/p>\n<p class=\"text-18 leading-17 user-text-lg:text-22 user-text-xl:text-24\">Wie es mit ihm nun weitergeht, ist vorerst unklar. Tottenham zog die Kaufoption in H\u00f6he von rund 30 Millionen Euro nicht. Laut &#8222;Bild&#8220;-Zeitung verhandelte sein Umfeld zuletzt unter anderem mit Sporting und <a href=\"https:\/\/www.t-online.de\/themen\/benfica-lissabon\/\" class=\"transition-colors cursor-pointer no-underline md:hover:text-magenta md:focus:text-magenta border-b border-solid border-current text-salemsfur md:hover:border-magenta\" data-tracking=\"{&quot;action&quot;:&quot;click&quot;,&quot;category&quot;:&quot;intextLink&quot;,&quot;label&quot;:&quot;\/themen\/benfica-lissabon\/&quot;}\" data-sctrack=\"BodyAnchor\" rel=\"nofollow noopener\" target=\"_blank\">Benfica Lissabon<\/a> sowie Premier-League-Klub <a href=\"https:\/\/www.t-online.de\/themen\/aston-villa\/\" class=\"transition-colors cursor-pointer no-underline md:hover:text-magenta md:focus:text-magenta border-b border-solid border-current text-salemsfur md:hover:border-magenta\" data-tracking=\"{&quot;action&quot;:&quot;click&quot;,&quot;category&quot;:&quot;intextLink&quot;,&quot;label&quot;:&quot;\/themen\/aston-villa\/&quot;}\" data-sctrack=\"BodyAnchor\" rel=\"nofollow noopener\" target=\"_blank\">Aston Villa<\/a>.<\/p>\n","protected":false},"excerpt":{"rendered":"\u00dcberraschende Aussage Bayern-Boss verk\u00fcndet Aus von Profi \u2013 der will aber bleiben 26.07.2026 &#8211; 08:52 UhrLesedauer: 2 Min.&hellip;\n","protected":false},"author":2,"featured_media":1193800,"comment_status":"","ping_status":"","sticky":false,"template":"","format":"standard","meta":{"footnotes":"","_share_on_mastodon":"0"},"categories":[5],"tags":[772,35857,458,13,81101,1268,14,15,12,10,8,9,11,13382,11896,1086,4544],"class_list":["post-1193799","post","type-post","status-publish","format-standard","has-post-thumbnail","category-nachrichten","tag-bayern","tag-christoph-freund","tag-fc-bayern-muenchen","tag-headlines","tag-joao-palhinha","tag-muenchen","tag-nachrichten","tag-news","tag-schlagzeilen","tag-top-news","tag-top-meldungen","tag-topmeldungen","tag-topnews","tag-tottenham","tag-tottenham-hotspur","tag-vincent-kompany","tag-wiesbaden"],"share_on_mastodon":{"url":"https:\/\/pubeurope.com\/@de\/116985337825881042","error":""},"_links":{"self":[{"href":"https:\/\/www.europesays.com\/de\/wp-json\/wp\/v2\/posts\/1193799","targetHints":{"allow":["GET"]}}],"collection":[{"href":"https:\/\/www.europesays.com\/de\/wp-json\/wp\/v2\/posts"}],"about":[{"href":"https:\/\/www.europesays.com\/de\/wp-json\/wp\/v2\/types\/post"}],"author":[{"embeddable":true,"href":"https:\/\/www.europesays.com\/de\/wp-json\/wp\/v2\/users\/2"}],"replies":[{"embeddable":true,"href":"https:\/\/www.europesays.com\/de\/wp-json\/wp\/v2\/comments?post=1193799"}],"version-history":[{"count":0,"href":"https:\/\/www.europesays.com\/de\/wp-json\/wp\/v2\/posts\/1193799\/revisions"}],"wp:featuredmedia":[{"embeddable":true,"href":"https:\/\/www.europesays.com\/de\/wp-json\/wp\/v2\/media\/1193800"}],"wp:attachment":[{"href":"https:\/\/www.europesays.com\/de\/wp-json\/wp\/v2\/media?parent=1193799"}],"wp:term":[{"taxonomy":"category","embeddable":true,"href":"https:\/\/www.europesays.com\/de\/wp-json\/wp\/v2\/categories?post=1193799"},{"taxonomy":"post_tag","embeddable":true,"href":"https:\/\/www.europesays.com\/de\/wp-json\/wp\/v2\/tags?post=1193799"}],"curies":[{"name":"wp","href":"https:\/\/api.w.org\/{rel}","templated":true}]}}