{"id":1193990,"date":"2026-07-26T10:32:57","date_gmt":"2026-07-26T10:32:57","guid":{"rendered":"https:\/\/www.europesays.com\/de\/1193990\/"},"modified":"2026-07-26T10:32:57","modified_gmt":"2026-07-26T10:32:57","slug":"basketball-bayern-praesident-hainer-so-steht-es-um-die-nba-europe-2","status":"publish","type":"post","link":"https:\/\/www.europesays.com\/de\/1193990\/","title":{"rendered":"Basketball: Bayern-Pr\u00e4sident Hainer: So steht es um die NBA Europe"},"content":{"rendered":"<p class=\"paragraph article__item\">Beim Schritt der nordamerikanischen Basketball-Profiliga <a class=\"rtr-entity\" href=\"https:\/\/www.zeit.de\/thema\/nba\" rel=\"nofollow noopener\" target=\"_blank\">NBA<\/a> auf den europ\u00e4ischen Markt sieht Bayern-Pr\u00e4sident Herbert Hainer den deutschen Fu\u00dfball-Rekordmeister in einer privilegierten Rolle.\u00a0\n<\/p>\n<p>Aktuelles<\/p>\n<p>                <a href=\"https:\/\/www.zeit.de\/sport\/2026-07\/deloitte-fussballmarkt-europa-umsatz-premier-league-bundesliga\" data-ct-label=\"Deloitte-Studie: Europ\u00e4ischer Fu\u00dfball erzielt Rekordumsatz\" data-uuid=\"6409a61c-b025-4704-83f1-22714341fe56\" rel=\"nofollow noopener\" target=\"_blank\"><\/p>\n<p>                        Deloitte-Studie:<br \/>\n                        Europ\u00e4ischer Fu\u00dfball erzielt Rekordumsatz<\/p>\n<p>                <\/a><\/p>\n<p>                <a href=\"https:\/\/www.zeit.de\/sport\/2026-07\/lebron-james-philadelphia-76ers-los-angeles-lakers-wechsel\" data-ct-label=\"Basketball: LeBron James wechselt zu den Philadelphia 76ers\" data-uuid=\"fca340dc-af89-42fc-92a1-8fd3ec6f6453\" rel=\"nofollow noopener\" target=\"_blank\"><\/p>\n<p>                        Basketball:<br \/>\n                        LeBron James wechselt zu den Philadelphia 76ers<\/p>\n<p>                <\/a><\/p>\n<p>                <a href=\"https:\/\/www.zeit.de\/2026\/30\/dekret-837-china-investitionen-technologietransfer-aussenwirtschaft\" data-ct-label=\"Handelskrieg: Von China lernen? Das hat die Regierung in Peking jetzt verboten\" data-uuid=\"1737611b-293b-420c-b6e0-2b2d624c7071\" rel=\"nofollow noopener\" target=\"_blank\"><\/p>\n<p>        Z+ (abopflichtiger Inhalt);<\/p>\n<p>    Handelskrieg:<br \/>\n                        Von China lernen? Das hat die Regierung in Peking jetzt verboten<\/p>\n<p>                <\/a><\/p>\n<p class=\"paragraph article__item\">\u00abEin FC Bayern, ein Real Madrid oder ein FC Barcelona, wir bringen ja noch mal ganz was anderes ein in puncto Fan-Reichweite, Fanenthusiasmus als jetzt ein reiner Basketballclub. Und das muss alles bewertet werden, das ist auch der NBA klar\u00bb, sagte <a class=\"rtr-entity\" href=\"https:\/\/www.zeit.de\/thema\/herbert-hainer\" rel=\"nofollow noopener\" target=\"_blank\">Hainer<\/a> bei einer Pressekonferenz zur Vorstellung des neuen Sport-Gesch\u00e4ftsf\u00fchrers Thorsten Leibenath.\u00a0\n<\/p>\n<p>                        \u00abOhne den FC Bayern keinen wettbewerbsf\u00e4higen Basketball\u00bb            <\/p>\n<p class=\"paragraph article__item\">Nach dpa-Informationen haben mehr als 20 bestehende Basketball- und Fu\u00dfball-Clubs ihre Gebote f\u00fcr die NBA Europe eingereicht. Aus Deutschland gelten Berlin mit Basketballclub Alba und M\u00fcnchen mit dem <a class=\"rtr-entity\" href=\"https:\/\/www.zeit.de\/thema\/fc-bayern-muenchen\" rel=\"nofollow noopener\" target=\"_blank\">FC Bayern<\/a> die aussichtsreichsten Anw\u00e4rter f\u00fcr einen der zw\u00f6lf festen Startpl\u00e4tze.\u00a0\n<\/p>\n<p class=\"paragraph article__item\">Angesprochen, ob er angesichts eines kolportierten weiteren Angebots aus M\u00fcnchen Sorge habe, sagte Hainer: \u00abDefinitiv nicht. Ich gehe mal davon aus, dass es ohne den FC Bayern hier keinen wettbewerbsf\u00e4higen <a class=\"rtr-entity\" href=\"https:\/\/www.zeit.de\/thema\/basketball\" rel=\"nofollow noopener\" target=\"_blank\">Basketball<\/a> geben wird.\u00bb\n<\/p>\n<p class=\"paragraph article__item\">Die NBA Europe soll im Oktober 2027 an den Start gehen und neben den zw\u00f6lf fixen Startern auch vier \u00fcber die Champions League qualifizierte Teams vorsehen. Offen ist bislang, wie es mit der Euroleague &#8211; bislang die wichtigste europ\u00e4ische Liga im Vereinsbasketball &#8211; weitergeht.\n<\/p>\n<p>            Hainer berichtet von intensiven Gespr\u00e4chen            <\/p>\n<p class=\"paragraph article__item\">Hainer berichtete von Gespr\u00e4chen mit NBA-Boss Adam Silver und dem stellvertretenden Commissioner Mark Tatum. \u00abWir sprechen aber auch intensiv mit der Euroleague. Wir sind ja Shareholder der Euroleague und haben also auch eine Verpflichtung und ein Eigeninteresse, dass die Euroleague und die NBA zusammenarbeiten\u00bb, sagte der Bayern-Pr\u00e4sident. Mit einer Zusammenarbeit f\u00e4nde man \u00absicherlich auch die bestm\u00f6gliche L\u00f6sung f\u00fcr den europ\u00e4ischen Markt\u00bb.\n<\/p>\n<p class=\"paragraph article__item\">\u00abFakt ist, die NBA sagt permanent, dass sie den FC Bayern dabeihaben will. Wir sagen auch, wann immer wir gefragt werden, dass wir nat\u00fcrlich Interesse haben, als Basketballclub, als die deutsche Referenz, als <a class=\"rtr-entity\" href=\"https:\/\/www.zeit.de\/thema\/muenchen\" rel=\"nofollow noopener\" target=\"_blank\">M\u00fcnchen<\/a>, als Basketballstadt, dass wir dabei sein wollen. Aber die gesamten Rahmenbedingungen m\u00fcssen auch stimmen\u00bb, sagte Hainer. Die Ausgabe einer Franchisegeb\u00fchr m\u00fcsse sich auch irgendwann auszahlen.\u00a0\n<\/p>\n<p class=\"paragraph article__item\">\u00a9 dpa-infocom, dpa:260722-930-421617\/1<\/p>\n","protected":false},"excerpt":{"rendered":"Beim Schritt der nordamerikanischen Basketball-Profiliga NBA auf den europ\u00e4ischen Markt sieht Bayern-Pr\u00e4sident Herbert Hainer den deutschen Fu\u00dfball-Rekordmeister in&hellip;\n","protected":false},"author":2,"featured_media":1193991,"comment_status":"","ping_status":"","sticky":false,"template":"","format":"standard","meta":{"footnotes":"","_share_on_mastodon":"0"},"categories":[3933],"tags":[331,332,2493,91445,772,548,663,158,3934,249123,3935,8834,458,13,34756,1268,14,15918,15,3349,12],"class_list":["post-1193990","post","type-post","status-publish","format-standard","has-post-thumbnail","category-eu","tag-aktuelle-nachrichten","tag-aktuelle-news","tag-basketball","tag-basketball-profiliga","tag-bayern","tag-eu","tag-europa","tag-europaeische-union","tag-europe","tag-europe-beim","tag-european-union","tag-fc-barcelona","tag-fc-bayern-muenchen","tag-headlines","tag-herbert-hainer","tag-muenchen","tag-nachrichten","tag-nba","tag-news","tag-real-madrid","tag-schlagzeilen"],"share_on_mastodon":{"url":"https:\/\/pubeurope.com\/@de\/116985830226191280","error":""},"_links":{"self":[{"href":"https:\/\/www.europesays.com\/de\/wp-json\/wp\/v2\/posts\/1193990","targetHints":{"allow":["GET"]}}],"collection":[{"href":"https:\/\/www.europesays.com\/de\/wp-json\/wp\/v2\/posts"}],"about":[{"href":"https:\/\/www.europesays.com\/de\/wp-json\/wp\/v2\/types\/post"}],"author":[{"embeddable":true,"href":"https:\/\/www.europesays.com\/de\/wp-json\/wp\/v2\/users\/2"}],"replies":[{"embeddable":true,"href":"https:\/\/www.europesays.com\/de\/wp-json\/wp\/v2\/comments?post=1193990"}],"version-history":[{"count":0,"href":"https:\/\/www.europesays.com\/de\/wp-json\/wp\/v2\/posts\/1193990\/revisions"}],"wp:featuredmedia":[{"embeddable":true,"href":"https:\/\/www.europesays.com\/de\/wp-json\/wp\/v2\/media\/1193991"}],"wp:attachment":[{"href":"https:\/\/www.europesays.com\/de\/wp-json\/wp\/v2\/media?parent=1193990"}],"wp:term":[{"taxonomy":"category","embeddable":true,"href":"https:\/\/www.europesays.com\/de\/wp-json\/wp\/v2\/categories?post=1193990"},{"taxonomy":"post_tag","embeddable":true,"href":"https:\/\/www.europesays.com\/de\/wp-json\/wp\/v2\/tags?post=1193990"}],"curies":[{"name":"wp","href":"https:\/\/api.w.org\/{rel}","templated":true}]}}