{"id":1194056,"date":"2026-07-26T11:18:14","date_gmt":"2026-07-26T11:18:14","guid":{"rendered":"https:\/\/www.europesays.com\/de\/1194056\/"},"modified":"2026-07-26T11:18:14","modified_gmt":"2026-07-26T11:18:14","slug":"angriff-in-berlin-csd-in-stuttgart-wird-fortgesetzt-polizei-erhoeht-praesenz","status":"publish","type":"post","link":"https:\/\/www.europesays.com\/de\/1194056\/","title":{"rendered":"Angriff in Berlin: CSD in Stuttgart wird fortgesetzt &#8211; Polizei erh\u00f6ht Pr\u00e4senz"},"content":{"rendered":"<p class=\"paragraph article__item\">Trotz des Angriffs auf Passanten beim <a class=\"rtr-entity\" href=\"https:\/\/www.zeit.de\/thema\/christopher-street-day\" rel=\"nofollow noopener\" target=\"_blank\">Christopher Street Day<\/a> in Berlin sollen die CSD-Feierlichkeiten in Stuttgart auch am Sonntag wie geplant fortgesetzt werden. \u00abHass, Gewalt und Terror d\u00fcrfen nicht dar\u00fcber entscheiden, ob queere Menschen sichtbar sind oder ihren Platz im \u00f6ffentlichen Raum einnehmen\u00bb, hie\u00df es von den Organisatoren.\u00a0\n<\/p>\n<p>Aktuelles<\/p>\n<p>                <a href=\"https:\/\/www.zeit.de\/politik\/deutschland\/2026-07\/frank-walter-steinmeier-anschlag-csd-berlin-christopher-street-day-gxe\" data-ct-label=\"Frank-Walter Steinmeier: Politiker verurteilen Anschlag auf Berliner CSD\" data-uuid=\"b3d038cf-e760-41f9-b3a2-dcbdd8496277\" rel=\"nofollow noopener\" target=\"_blank\"><\/p>\n<p>                        Frank-Walter Steinmeier:<br \/>\n                        Politiker verurteilen Anschlag auf Berliner CSD<\/p>\n<p>                <\/a><\/p>\n<p>                <a href=\"https:\/\/www.zeit.de\/gesellschaft\/zeitgeschehen\/2026-07\/berliner-csd-laut-polizei-abgebrochen-offenbar-mehrere-verletzte\" data-ct-label=\"Christopher Street Day in Berlin: Fahrzeug rast in Menschenmenge beim Berliner CSD\" data-uuid=\"6cd86ed2-d311-4301-9479-d4d7b8a0ca53\" rel=\"nofollow noopener\" target=\"_blank\"><\/p>\n<p>                        Christopher Street Day in Berlin:<br \/>\n                        Fahrzeug rast in Menschenmenge beim Berliner CSD<\/p>\n<p>                <\/a><\/p>\n<p>                <a href=\"https:\/\/www.zeit.de\/gesellschaft\/zeitgeschehen\/2026-07\/csd-berlin-auto-menschenmenge-islamistisches-motiv-gxe\" data-ct-label=\"Christopher Street Day: Was wir \u00fcber den Anschlag auf den CSD in Berlin wissen\" data-uuid=\"87af7962-4901-46c3-a8e0-2035d34a5263\" rel=\"nofollow noopener\" target=\"_blank\"><\/p>\n<p>                        Christopher Street Day:<br \/>\n                        Was wir \u00fcber den Anschlag auf den CSD in Berlin wissen<\/p>\n<p>                <\/a><\/p>\n<p class=\"paragraph article__item\">Die Sicherheitslage f\u00fcr die Veranstaltungen sei von den Sicherheitsbeh\u00f6rden nicht neu eingestuft worden, dennoch erh\u00f6he die Polizei ihre Pr\u00e4senz. W\u00e4hrend des Programms soll der Opfer des Angriffs in <a class=\"rtr-entity\" href=\"https:\/\/www.zeit.de\/thema\/berlin\" rel=\"nofollow noopener\" target=\"_blank\">Berlin<\/a> gedacht werden.\n<\/p>\n<p class=\"paragraph article__item\">Nachdem ein Transporter in Berlin am Rande des CSD in Passanten fuhr, zeigten sich die Veranstalter des Stuttgarter Christopher Street Days ersch\u00fcttert. \u00abWir sind zutiefst erschrocken und traurig dar\u00fcber, was heute in Berlin geschehen ist\u00bb, hie\u00df es in der Nacht in einem Instagrampost. \u00abUnsere Gedanken und unser Mitgef\u00fchl sind bei den Opfern, Angeh\u00f6rigen und Zeugen der Tat.\u00bb\n<\/p>\n<p class=\"paragraph article__item\">\u00a0\n<\/p>\n<p class=\"paragraph article__item\">In <a class=\"rtr-entity\" href=\"https:\/\/www.zeit.de\/thema\/stuttgart\" rel=\"nofollow noopener\" target=\"_blank\">Stuttgart<\/a> findet seit Freitag der CSD statt, der H\u00f6hepunkt war die bunte Parade quer durch die Stadt am Samstag. Tausende Menschen zogen dabei f\u00fcr die Rechte von Schwulen, Lesben, transgeschlechtlichen und queeren Menschen durch die Stra\u00dfen der baden-w\u00fcrttembergischen Landeshauptstadt.\u00a0\n<\/p>\n<p class=\"paragraph article__item\">Bei dem Angriff auf den Berliner CSD am Samstagabend ist eine Frau get\u00f6tet worden. Weitere Menschen wurden verletzt, einige schwebten am Morgen noch in Lebensgefahr.\n<\/p>\n<p class=\"paragraph article__item\">\u00a9 dpa-infocom, dpa:260726-930-439058\/2<\/p>\n","protected":false},"excerpt":{"rendered":"Trotz des Angriffs auf Passanten beim Christopher Street Day in Berlin sollen die CSD-Feierlichkeiten in Stuttgart auch am&hellip;\n","protected":false},"author":2,"featured_media":1194057,"comment_status":"","ping_status":"","sticky":false,"template":"","format":"standard","meta":{"footnotes":"","_share_on_mastodon":"0"},"categories":[1825],"tags":[1941,1939,2139,296,1937,30485,29,30,1940,15,1938,1441,3603],"class_list":["post-1194056","post","type-post","status-publish","format-standard","has-post-thumbnail","category-berlin","tag-aktuelle-nachrichten-aus-berlin","tag-aktuelle-news-aus-berlin","tag-angriff-in-berlin","tag-berlin","tag-berlin-news","tag-christopher-street-day","tag-deutschland","tag-germany","tag-nachrichten-aus-berlin","tag-news","tag-news-aus-berlin","tag-stuttgart","tag-transporter"],"share_on_mastodon":{"url":"https:\/\/pubeurope.com\/@de\/116986007198791883","error":""},"_links":{"self":[{"href":"https:\/\/www.europesays.com\/de\/wp-json\/wp\/v2\/posts\/1194056","targetHints":{"allow":["GET"]}}],"collection":[{"href":"https:\/\/www.europesays.com\/de\/wp-json\/wp\/v2\/posts"}],"about":[{"href":"https:\/\/www.europesays.com\/de\/wp-json\/wp\/v2\/types\/post"}],"author":[{"embeddable":true,"href":"https:\/\/www.europesays.com\/de\/wp-json\/wp\/v2\/users\/2"}],"replies":[{"embeddable":true,"href":"https:\/\/www.europesays.com\/de\/wp-json\/wp\/v2\/comments?post=1194056"}],"version-history":[{"count":0,"href":"https:\/\/www.europesays.com\/de\/wp-json\/wp\/v2\/posts\/1194056\/revisions"}],"wp:featuredmedia":[{"embeddable":true,"href":"https:\/\/www.europesays.com\/de\/wp-json\/wp\/v2\/media\/1194057"}],"wp:attachment":[{"href":"https:\/\/www.europesays.com\/de\/wp-json\/wp\/v2\/media?parent=1194056"}],"wp:term":[{"taxonomy":"category","embeddable":true,"href":"https:\/\/www.europesays.com\/de\/wp-json\/wp\/v2\/categories?post=1194056"},{"taxonomy":"post_tag","embeddable":true,"href":"https:\/\/www.europesays.com\/de\/wp-json\/wp\/v2\/tags?post=1194056"}],"curies":[{"name":"wp","href":"https:\/\/api.w.org\/{rel}","templated":true}]}}