{"id":119411,"date":"2025-05-18T04:20:41","date_gmt":"2025-05-18T04:20:41","guid":{"rendered":"https:\/\/www.europesays.com\/de\/119411\/"},"modified":"2025-05-18T04:20:41","modified_gmt":"2025-05-18T04:20:41","slug":"gelsenkirchen-schulen-wegen-drohungen-geraeumt-regional","status":"publish","type":"post","link":"https:\/\/www.europesays.com\/de\/119411\/","title":{"rendered":"Gelsenkirchen: Schulen wegen Drohungen ger\u00e4umt | Regional"},"content":{"rendered":"<p>Gelsenkirchen \u2013 <b>Am 16. Mai 2025 wurden zwei Schulen in Gelsenkirchen aufgrund elektronischer Drohungen evakuiert.<\/b><\/p>\n<p>Die Polizei erhielt Informationen \u00fcber Bedrohungen gegen ein Berufskolleg an der Goldbergstra\u00dfe in Buer und eine Grundschule an der Marschallstra\u00dfe in Bismarck. Um die Sicherheit von Sch\u00fclern, Lehrern und Mitarbeitern zu gew\u00e4hrleisten, wurden die Schulen umgehend ger\u00e4umt. Es bestand jedoch zu keinem Zeitpunkt eine tats\u00e4chliche Gefahr f\u00fcr die Anwesenden. Zahlreiche Polizeikr\u00e4fte waren im Einsatz, und der Schulbetrieb wurde f\u00fcr diesen Tag eingestellt. Die Ermittlungen laufen weiter.<\/p>\n<p>Dieser Text basiert auf einer offiziellen Beh\u00f6rden-Information und wurde mit Hilfe von KI erstellt.<\/p>\n","protected":false},"excerpt":{"rendered":"Gelsenkirchen \u2013 Am 16. Mai 2025 wurden zwei Schulen in Gelsenkirchen aufgrund elektronischer Drohungen evakuiert. Die Polizei erhielt&hellip;\n","protected":false},"author":2,"featured_media":75455,"comment_status":"","ping_status":"","sticky":false,"template":"","format":"standard","meta":{"footnotes":""},"categories":[1839],"tags":[7507,3364,29,3658,30,2509,1209,121,45,1995],"class_list":{"0":"post-119411","1":"post","2":"type-post","3":"status-publish","4":"format-standard","5":"has-post-thumbnail","7":"category-bochum","8":"tag-bochum","9":"tag-de","10":"tag-deutschland","11":"tag-gelsenkirchen","12":"tag-germany","13":"tag-ki-ots","14":"tag-nordrhein-westfalen","15":"tag-polizei","16":"tag-texttospeech","17":"tag-verbrechen"},"share_on_mastodon":{"url":"https:\/\/pubeurope.com\/@de\/114526920572711828","error":""},"_links":{"self":[{"href":"https:\/\/www.europesays.com\/de\/wp-json\/wp\/v2\/posts\/119411","targetHints":{"allow":["GET"]}}],"collection":[{"href":"https:\/\/www.europesays.com\/de\/wp-json\/wp\/v2\/posts"}],"about":[{"href":"https:\/\/www.europesays.com\/de\/wp-json\/wp\/v2\/types\/post"}],"author":[{"embeddable":true,"href":"https:\/\/www.europesays.com\/de\/wp-json\/wp\/v2\/users\/2"}],"replies":[{"embeddable":true,"href":"https:\/\/www.europesays.com\/de\/wp-json\/wp\/v2\/comments?post=119411"}],"version-history":[{"count":0,"href":"https:\/\/www.europesays.com\/de\/wp-json\/wp\/v2\/posts\/119411\/revisions"}],"wp:featuredmedia":[{"embeddable":true,"href":"https:\/\/www.europesays.com\/de\/wp-json\/wp\/v2\/media\/75455"}],"wp:attachment":[{"href":"https:\/\/www.europesays.com\/de\/wp-json\/wp\/v2\/media?parent=119411"}],"wp:term":[{"taxonomy":"category","embeddable":true,"href":"https:\/\/www.europesays.com\/de\/wp-json\/wp\/v2\/categories?post=119411"},{"taxonomy":"post_tag","embeddable":true,"href":"https:\/\/www.europesays.com\/de\/wp-json\/wp\/v2\/tags?post=119411"}],"curies":[{"name":"wp","href":"https:\/\/api.w.org\/{rel}","templated":true}]}}