{"id":1194139,"date":"2026-07-26T12:13:03","date_gmt":"2026-07-26T12:13:03","guid":{"rendered":"https:\/\/www.europesays.com\/de\/1194139\/"},"modified":"2026-07-26T12:13:03","modified_gmt":"2026-07-26T12:13:03","slug":"industrie-kommt-made-in-europe-eu-stellt-vorschlag-erst-spaeter-vor","status":"publish","type":"post","link":"https:\/\/www.europesays.com\/de\/1194139\/","title":{"rendered":"Industrie: Kommt &#8222;Made in Europe&#8220;? EU stellt Vorschlag erst sp\u00e4ter vor"},"content":{"rendered":"<p class=\"paragraph article__item\">Die EU-Kommission wird ihren Vorschlag zur St\u00e4rkung der europ\u00e4ischen Industrie sp\u00e4ter vorstellen als angek\u00fcndigt. Nach den Gespr\u00e4chen der letzten Tage sei die Pr\u00e4sentation des Industrie-Beschleunigungsgesetzes (Industrial Accelerator Acts, IAA) nun f\u00fcr den 4. M\u00e4rz geplant, hie\u00df es aus dem Kabinett von EU-Industriekommissar St\u00e9phane S\u00e9journ\u00e9. &#8222;Wir hoffen, dass diese zus\u00e4tzliche Woche interner Diskussionen dazu beitragen wird, den Vorschlag noch solider zu machen.&#8220;\u00a0\n<\/p>\n<p>Aktuelles<\/p>\n<p>                <a href=\"https:\/\/www.zeit.de\/politik\/deutschland\/2026-07\/eu-emissionshandel-klimaschutz-industrie-emissionsrechte\" data-ct-label=\"EU-Emissionshandel: EU-Kommission will Industrie l\u00e4nger und mehr CO\u2082 aussto\u00dfen lassen\" data-uuid=\"98fa02c2-fdf9-45eb-a715-6dc90c678db8\" rel=\"nofollow noopener\" target=\"_blank\"><\/p>\n<p>                        EU-Emissionshandel:<br \/>\n                        EU-Kommission will Industrie l\u00e4nger und mehr CO\u2082 aussto\u00dfen lassen<\/p>\n<p>                <\/a><\/p>\n<p>                <a href=\"https:\/\/www.zeit.de\/politik\/deutschland\/2026-07\/ets-reform-eu-emissionshandel-kommisson-industrie\" data-ct-label=\"ETS-Reform der EU: Klimaschutz auf Europ\u00e4isch? Das ist m\u00f6glich!\" data-uuid=\"e030ec3b-d79c-4263-8cf2-1f38b31465a6\" rel=\"nofollow noopener\" target=\"_blank\"><\/p>\n<p>                        ETS-Reform der EU:<br \/>\n                        Klimaschutz auf Europ\u00e4isch? Das ist m\u00f6glich!<\/p>\n<p>                <\/a><\/p>\n<p>                <a href=\"https:\/\/www.zeit.de\/2026\/32\/abhaengigkeit-china-deutsche-industrie-bundesregierung\" data-ct-label=\"Abh\u00e4ngigkeit von China: \u00bbWir m\u00fcssen uns von der China-Droge entw\u00f6hnen\u00ab\" data-uuid=\"b7189c7b-9fb7-4644-992f-ec206f866362\" rel=\"nofollow noopener\" target=\"_blank\"><\/p>\n<p>        Z+ (abopflichtiger Inhalt);<\/p>\n<p>    Abh\u00e4ngigkeit von China:<br \/>\n                        \u00bbWir m\u00fcssen uns von der China-Droge entw\u00f6hnen\u00ab<\/p>\n<p>                <\/a><\/p>\n<p class=\"paragraph article__item\">F\u00fcr das neu geplante Gesetz kann die EU-Kommission einen Vorschlag vorlegen. Das Europ\u00e4ische Parlament und die europ\u00e4ischen Staats- und Regierungschefs beraten dann dar\u00fcber und k\u00f6nnen \u00c4nderungen durchsetzen. Ohne ihre Zustimmung kann der Vorschlag nicht Recht werden. Ziel ist es, die angeschlagene Wirtschaft in der Europ\u00e4ischen Union wettbewerbsf\u00e4higer zu machen. Zuletzt war die Vorstellung f\u00fcr diese Woche vorgesehen.\n<\/p>\n<p>                        &#8222;Made in Europe&#8220; f\u00fcr strategische Sektoren            <\/p>\n<p class=\"paragraph article__item\">EU-Kommissionspr\u00e4sidentin Ursula von der Leyen k\u00fcndigte an, dass der Vorschlag der Kommission unter anderem eine europ\u00e4ische Bevorzugung f\u00fcr strategische Sektoren enthalten werde. Konkrete Sektoren und eine genaue Ausgestaltung nannte sie nicht. Um den sogenannten Made-in-Europe- beziehungsweise Buy-European-Ansatz, mit dem bei \u00f6ffentlichen Investitionen europ\u00e4ische Produkte bevorzugt werden k\u00f6nnten, gibt es Diskussionen.\u00a0\n<\/p>\n<p class=\"paragraph article__item\">So bewertete Bundeskanzler Friedrich Merz weitreichende Vorschl\u00e4ge Frankreichs f\u00fcr ein verpflichtendes &#8222;Made in Europe&#8220;-Prinzip kritisch, mit dem europ\u00e4ische Anbieter bei \u00f6ffentlichen Investitionen bevorzugt w\u00fcrden. Derartige Vorgaben sollten nur f\u00fcr kritische, strategisch wichtige Sektoren und auch nur als letztes Mittel eingesetzt werden, forderte der CDU-Vorsitzende.\n<\/p>\n<p>            Mehrheit f\u00e4nde &#8222;Made in Europe&#8220;-Vorgaben f\u00fcr Firmen gut            <\/p>\n<p class=\"paragraph article__item\">In einer repr\u00e4sentativen Erhebung im Auftrag der IG Metall stimmten zuletzt 70 Prozent der Befragten in Deutschland der Aussage zu: &#8222;Unternehmen, die Produkte auf dem europ\u00e4ischen Markt verkaufen, sollten gesetzlich verpflichtet werden, einen Teil ihrer Produktion auch in der EU anzusiedeln.&#8220;\n<\/p>\n<p class=\"paragraph article__item\">\u00a9 dpa-infocom, dpa:260223-930-724017\/1<\/p>\n","protected":false},"excerpt":{"rendered":"Die EU-Kommission wird ihren Vorschlag zur St\u00e4rkung der europ\u00e4ischen Industrie sp\u00e4ter vorstellen als angek\u00fcndigt. Nach den Gespr\u00e4chen der&hellip;\n","protected":false},"author":2,"featured_media":1194140,"comment_status":"","ping_status":"","sticky":false,"template":"","format":"standard","meta":{"footnotes":"","_share_on_mastodon":"0"},"categories":[3933],"tags":[331,332,548,663,158,3934,3935,13,38033,54,14,15,12,144169],"class_list":["post-1194139","post","type-post","status-publish","format-standard","has-post-thumbnail","category-eu","tag-aktuelle-nachrichten","tag-aktuelle-news","tag-eu","tag-europa","tag-europaeische-union","tag-europe","tag-european-union","tag-headlines","tag-iaa","tag-industrie","tag-nachrichten","tag-news","tag-schlagzeilen","tag-stephane-sejourne"],"share_on_mastodon":{"url":"https:\/\/pubeurope.com\/@de\/116986223581195815","error":""},"_links":{"self":[{"href":"https:\/\/www.europesays.com\/de\/wp-json\/wp\/v2\/posts\/1194139","targetHints":{"allow":["GET"]}}],"collection":[{"href":"https:\/\/www.europesays.com\/de\/wp-json\/wp\/v2\/posts"}],"about":[{"href":"https:\/\/www.europesays.com\/de\/wp-json\/wp\/v2\/types\/post"}],"author":[{"embeddable":true,"href":"https:\/\/www.europesays.com\/de\/wp-json\/wp\/v2\/users\/2"}],"replies":[{"embeddable":true,"href":"https:\/\/www.europesays.com\/de\/wp-json\/wp\/v2\/comments?post=1194139"}],"version-history":[{"count":0,"href":"https:\/\/www.europesays.com\/de\/wp-json\/wp\/v2\/posts\/1194139\/revisions"}],"wp:featuredmedia":[{"embeddable":true,"href":"https:\/\/www.europesays.com\/de\/wp-json\/wp\/v2\/media\/1194140"}],"wp:attachment":[{"href":"https:\/\/www.europesays.com\/de\/wp-json\/wp\/v2\/media?parent=1194139"}],"wp:term":[{"taxonomy":"category","embeddable":true,"href":"https:\/\/www.europesays.com\/de\/wp-json\/wp\/v2\/categories?post=1194139"},{"taxonomy":"post_tag","embeddable":true,"href":"https:\/\/www.europesays.com\/de\/wp-json\/wp\/v2\/tags?post=1194139"}],"curies":[{"name":"wp","href":"https:\/\/api.w.org\/{rel}","templated":true}]}}