{"id":1194144,"date":"2026-07-26T12:17:17","date_gmt":"2026-07-26T12:17:17","guid":{"rendered":"https:\/\/www.europesays.com\/de\/1194144\/"},"modified":"2026-07-26T12:17:17","modified_gmt":"2026-07-26T12:17:17","slug":"bundeswehr-in-afghanistan-ermittlungen-gegen-fuenf-soldaten-der-evakuierungsmission-in-kabul","status":"publish","type":"post","link":"https:\/\/www.europesays.com\/de\/1194144\/","title":{"rendered":"Bundeswehr in Afghanistan: Ermittlungen gegen f\u00fcnf Soldaten der Evakuierungsmission in Kabul"},"content":{"rendered":"<p class=\"paragraph article__item\">Die Staatsanwaltschaft Kempten ermittelt gegen f\u00fcnf<br \/>\n<a href=\"https:\/\/www.zeit.de\/thema\/bundeswehr\" target=\"_blank\" rel=\"nofollow noopener\">Bundeswehrsoldaten<\/a> wegen des Verdachts des Diebstahls w\u00e4hrend der Evakuierungsmission in <a href=\"https:\/\/www.zeit.de\/thema\/afghanistan\" target=\"_blank\" rel=\"nofollow noopener\">Afghanistan<\/a> am Flughafen in<br \/>\n<a class=\"rtr-entity\" href=\"https:\/\/www.zeit.de\/thema\/afghanistan\" rel=\"nofollow noopener\" target=\"_blank\">Kabul<\/a>. Es handelt sich laut Bild am Sonntag unter Berufung<br \/>\nauf Bundeswehrkreise um Soldaten des<br \/>\nFallschirmj\u00e4gerregiment 31 der Luftlandebrigade 1, welche dem Einsatzkontingent<br \/>\nangeh\u00f6rten.\n<\/p>\n<p class=\"paragraph article__item\">Die Diebst\u00e4hle sollen sich im<br \/>\nmilit\u00e4rischen Teil des Flughafens ereignet haben, in dem unter anderem<br \/>\nmilit\u00e4rische Ausr\u00fcstung verkauft wird. Die bewaffneten Soldaten<br \/>\nsollen dort T-Shirts und Stoffabzeichen f\u00fcr die<br \/>\nUniform gestohlen haben. Auch von Messern sei in<br \/>\nBundeswehrkreisen die Rede. Die <a class=\"rtr-entity\" href=\"https:\/\/www.zeit.de\/thema\/ermittlung\" rel=\"nofollow noopener\" target=\"_blank\">Ermittlungen<\/a> dauern laut der Sprecher der<br \/>\nStaatsanwaltschaft an.\n<\/p>\n<p>                                    Ermittlungen durch andere Untersuchung angesto\u00dfen            <\/p>\n<p class=\"paragraph article__item\">Die Ermittlungen begannen dem Bericht zufolge im vergangenen Jahr, als gegen ein anderes Fallschirmj\u00e4gerregiment mit der Nummer 26 ermittelt wurde. In Befragungen innerhalb der <a class=\"rtr-entity\" href=\"https:\/\/www.zeit.de\/thema\/bundeswehr\" rel=\"nofollow noopener\" target=\"_blank\">Bundeswehr<\/a> berichteten Soldaten von den Vorf\u00e4llen in<br \/>\n<a href=\"https:\/\/www.zeit.de\/thema\/kabul\" target=\"_blank\" rel=\"nofollow noopener\">Kabul<\/a>.\n<\/p>\n<p class=\"paragraph article__item\">Die Wehrdisziplinaranwaltschaft schaltete <\/p>\n<p>unverz\u00fcglich<\/p>\n<p>nach Kenntnis eines<br \/>\nm\u00f6glichen Straftatbestands die Staatsanwaltschaft Kempten ein, wie eine Sprecherin<br \/>\ndes Verteidigungsministeriums der\u00a0Bild am Sonntag mitteilte. Die<br \/>\nStaatsanwaltschaft wiederum schaltete \u00fcber die Generalstaatsanwaltschaft M\u00fcnchen den<br \/>\nGeneralbundesanwalt ein, um ein etwaiges Vorliegen von Pl\u00fcnderungen zu untersuchen.\n<\/p>\n<p class=\"paragraph article__item\">Wie das <a href=\"https:\/\/www.zeit.de\/thema\/bundesministerium-der-verteidigung\" target=\"_blank\" rel=\"nofollow noopener\">Bundesverteidigungsministerium<\/a>\u00a0der\u00a0Bild am Sonntag best\u00e4tigte, sei im Zuge der Ermittlungen<br \/>\nauch Bildmaterial ausgewertet worden. Es wurden jedoch \u00bbkeine Handlungen<br \/>\nidentifiziert, die den Tatbestand der Pl\u00fcnderung erf\u00fcllen\u00ab. Der Verdacht m\u00f6glicher Verst\u00f6\u00dfe gegen das<br \/>\nV\u00f6lkerstrafgesetzbuch wurde damit von der Bundesanwaltschaft nach eigenen Angaben ausger\u00e4umt. Die Ermittlungen liegen nun<br \/>\nwieder in Kempten. <\/p>\n<p>Der<br \/>\nStraftatbestand Diebstahl mit Waffen k\u00f6nnte der Bild am Sonntag zufolge vorliegen, da die Soldaten<br \/>\nbei dem Einsatz am Flughafen bewaffnet waren.\n<\/p>\n<p>                            \u00a9\u00a0Lea Dohle<\/p>\n<p>\n                                        Newsletter<br \/>\n                                        Was jetzt? \u2013 Der t\u00e4gliche Morgen\u00fcberblick<\/p>\n<p class=\"newsletter-signup__text\">Starten Sie mit unserem kurzen Nachrichten-Newsletter in den Tag. Erhalten Sie zudem freitags das digitale Magazin ZEIT am Wochenende.<\/p>\n<p class=\"newsletter-signup__datapolicy\" hidden=\"\">\n            Mit Ihrer Registrierung nehmen Sie die <a href=\"https:\/\/datenschutz.zeit.de\/zon#Newsletter\" target=\"_blank\" rel=\"nofollow noopener\">Datenschutzerkl\u00e4rung<\/a> zur Kenntnis.\n        <\/p>\n<p>    Vielen Dank! Wir haben Ihnen eine E-Mail geschickt.<\/p>\n<p>Pr\u00fcfen Sie Ihr Postfach und best\u00e4tigen Sie das Newsletter-Abonnement.<\/p>\n<p class=\"paragraph article__item\">Laut dem Bericht wurden Verteidigungsminister <a href=\"https:\/\/www.zeit.de\/thema\/boris-pistorius\" target=\"_blank\" rel=\"nofollow noopener\">Boris<br \/>\nPistorius<\/a> (SPD) und der Inspekteur des Heeres,<br \/>\nGeneralleutnant Christian Freuding, \u00fcber das Ermittlungsverfahren informiert.\n<\/p>\n<p class=\"paragraph article__item\">Die <a class=\"rtr-entity\" href=\"https:\/\/www.zeit.de\/thema\/evakuierung\" rel=\"nofollow noopener\" target=\"_blank\">Evakuierung<\/a> der afghanischen Ortskr\u00e4fte nach dem Abzug der internationalen Truppen im Jahr 2021 steht <a href=\"https:\/\/www.zeit.de\/politik\/ausland\/2026-01\/evakuierungsmission-afghanistan-2021-bundeswehr-flughafen\" target=\"_blank\" rel=\"nofollow noopener\">unter Kritik<\/a>. Viele der afghanischen Ortskr\u00e4fte wurden nicht in Sicherheit gebracht. Tausende waren angereist, um vor den <a href=\"https:\/\/www.zeit.de\/thema\/taliban\" target=\"_blank\" rel=\"nofollow noopener\">Taliban<\/a> zu fliehen.\n<\/p>\n<p>Mehr zum Thema<\/p>\n<p>            Afghanistan        <\/p>\n<p>                <a href=\"https:\/\/www.zeit.de\/politik\/ausland\/2026-01\/evakuierungsmission-afghanistan-2021-bundeswehr-flughafen\" data-ct-label=\"Evakuierungsmission in Afghanistan: Mit deutscher B\u00fcrokratie gegen Chaos und Tod\" data-uuid=\"d661ad79-139f-4f34-9d73-f5005d9ab818\" rel=\"nofollow noopener\" target=\"_blank\"><\/p>\n<p>                        Evakuierungsmission in Afghanistan:<br \/>\n                        Mit deutscher B\u00fcrokratie gegen Chaos und Tod<\/p>\n<p>                <\/a><\/p>\n<p>                <a href=\"https:\/\/www.zeit.de\/politik\/ausland\/2026-06\/taliban-vertreter-bruessel-migration-menschenrechte-fluechtlingspolitik-5vor8\" data-ct-label=\"Taliban-Vertreter in Br\u00fcssel: Nicht nur von den Taliban l\u00e4sst sich Europa erpressen\" data-uuid=\"439ddc7f-c75b-4ec2-90b9-b04616a0c1ed\" rel=\"nofollow noopener\" target=\"_blank\"><\/p>\n<p>        Z+ (abopflichtiger Inhalt);<\/p>\n<p>    Taliban-Vertreter in Br\u00fcssel:<br \/>\n                        Nicht nur von den Taliban l\u00e4sst sich Europa erpressen<\/p>\n<p>                <\/a><\/p>\n<p>                <a href=\"https:\/\/www.zeit.de\/politik\/ausland\/2026-07\/bundesverfassungsgericht-afghanistan-aufnahmestopp-schutz-alexander-dobrindt\" data-ct-label=\"Bundesverfassungsgericht: D\u00e4mpfer f\u00fcr Dobrindt \" data-uuid=\"da868513-5253-48f7-bcb7-50184f69c693\" rel=\"nofollow noopener\" target=\"_blank\"><\/p>\n<p>        Z+ (abopflichtiger Inhalt);<\/p>\n<p>    Bundesverfassungsgericht:<br \/>\n                        D\u00e4mpfer f\u00fcr Dobrindt <\/p>\n<p>                <\/a><\/p>\n","protected":false},"excerpt":{"rendered":"Die Staatsanwaltschaft Kempten ermittelt gegen f\u00fcnf Bundeswehrsoldaten wegen des Verdachts des Diebstahls w\u00e4hrend der Evakuierungsmission in Afghanistan am&hellip;\n","protected":false},"author":2,"featured_media":1194145,"comment_status":"","ping_status":"","sticky":false,"template":"","format":"standard","meta":{"footnotes":"","_share_on_mastodon":"0"},"categories":[5],"tags":[7451,331,332,685,249156,3364,29,587,6308,30,1724,13,13773,14,15,12],"class_list":["post-1194144","post","type-post","status-publish","format-standard","has-post-thumbnail","category-nachrichten","tag-afghanistan","tag-aktuelle-nachrichten","tag-aktuelle-news","tag-bundeswehr","tag-bundeswehr-in-afghanistan","tag-de","tag-deutschland","tag-ermittlung","tag-evakuierung","tag-germany","tag-gesellschaft","tag-headlines","tag-kabul","tag-nachrichten","tag-news","tag-schlagzeilen"],"share_on_mastodon":{"url":"https:\/\/pubeurope.com\/@de\/116986239042413147","error":""},"_links":{"self":[{"href":"https:\/\/www.europesays.com\/de\/wp-json\/wp\/v2\/posts\/1194144","targetHints":{"allow":["GET"]}}],"collection":[{"href":"https:\/\/www.europesays.com\/de\/wp-json\/wp\/v2\/posts"}],"about":[{"href":"https:\/\/www.europesays.com\/de\/wp-json\/wp\/v2\/types\/post"}],"author":[{"embeddable":true,"href":"https:\/\/www.europesays.com\/de\/wp-json\/wp\/v2\/users\/2"}],"replies":[{"embeddable":true,"href":"https:\/\/www.europesays.com\/de\/wp-json\/wp\/v2\/comments?post=1194144"}],"version-history":[{"count":0,"href":"https:\/\/www.europesays.com\/de\/wp-json\/wp\/v2\/posts\/1194144\/revisions"}],"wp:featuredmedia":[{"embeddable":true,"href":"https:\/\/www.europesays.com\/de\/wp-json\/wp\/v2\/media\/1194145"}],"wp:attachment":[{"href":"https:\/\/www.europesays.com\/de\/wp-json\/wp\/v2\/media?parent=1194144"}],"wp:term":[{"taxonomy":"category","embeddable":true,"href":"https:\/\/www.europesays.com\/de\/wp-json\/wp\/v2\/categories?post=1194144"},{"taxonomy":"post_tag","embeddable":true,"href":"https:\/\/www.europesays.com\/de\/wp-json\/wp\/v2\/tags?post=1194144"}],"curies":[{"name":"wp","href":"https:\/\/api.w.org\/{rel}","templated":true}]}}