{"id":1194258,"date":"2026-07-26T13:23:20","date_gmt":"2026-07-26T13:23:20","guid":{"rendered":"https:\/\/www.europesays.com\/de\/1194258\/"},"modified":"2026-07-26T13:23:20","modified_gmt":"2026-07-26T13:23:20","slug":"fuer-li-egloff-und-seinen-ksc-setzte-es-eine-nicht-wirklich-relevante-testspielniederlage","status":"publish","type":"post","link":"https:\/\/www.europesays.com\/de\/1194258\/","title":{"rendered":"F\u00fcr Li Egloff und seinen KSC setzte es eine nicht wirklich relevante Testspielniederlage."},"content":{"rendered":"<p class=\"mb-6 text-xs-varying md:text-m lg:text-l font-serif group-[.font-sans]:font-sans \">\n    In einem kurzfristig anberaumten und unter Ausschluss der \u00d6ffentlichkeit durchgef\u00fchrten Testspiel gegen den VfR Mannheim am Sonntagvormittag im Badenia Stadion feierte <a href=\"https:\/\/www.ka-news.de\/ksc\/ksc-testet-gegen-inter-startelf-fuer-saisonstart-noch-nicht-festgelegt-114862492\" target=\"_self\" class=\"underline \" rel=\"nofollow noopener\">KSC<\/a>-Mittelfeldspieler<a href=\"https:\/\/www.ka-news.de\/ksc\/torflut-zum-auftakt-ksc-gewinnt-senft-debuet-mit-27-0-114623076\" target=\"_self\" class=\"underline \" rel=\"nofollow noopener\"> Li Egloff<\/a> nach mehrmonatiger Verletzungspause sein Comeback.\n  <\/p>\n<p class=\"mb-6 text-xs-varying md:text-m lg:text-l font-serif group-[.font-sans]:font-sans \">\n    Gegen den Regionalliga-Aufsteiger stand der 23-J\u00e4hrige erstmals seit dem 20. M\u00e4rz wieder bei einem Spiel auf dem Rasen &#8211; und bereitete den 1:0 F\u00fchrungstreffer durch Jason Ponente-Ramirez ansehnlich vor (11.).\u00a0\n  <\/p>\n<p>            Standard bringt Ergebniskosmetik<\/p>\n<p class=\"mb-6 text-xs-varying md:text-m lg:text-l font-serif group-[.font-sans]:font-sans \">\n    Drehten die G\u00e4ste die Partie im weiteren Spielverlauf nach Treffern von Flamur Berisha (18.), Alexandru Paraschiv (85.) und Marvin Kadner (87.) zwischenzeitlich auf 3:1, verk\u00fcrzte Niclas D\u00fchring mit einem direkt verwandelten Freisto\u00df zum 2:3-Endstand.\n  <\/p>\n<p class=\"mb-6 text-xs-varying md:text-m lg:text-l font-serif group-[.font-sans]:font-sans \">\n    <a href=\"https:\/\/www.ka-news.de\/ksc\" target=\"_self\" class=\"underline \" rel=\"nofollow noopener\">KSC<\/a>: Himmelmann &#8211; Kwon, Scholl (46. Puseljic), Manai &#8211; Ponente-Ramirez (46. Behr), Egloff (31. Arbai, 80. Walz), M\u00fcller, Eichinger (46. S\u00fcr), Bergh (46. D\u00fchring) &#8211; Meyer, Laghrissi\n  <\/p>\n<p class=\"mb-6 text-xs-varying md:text-m lg:text-l font-serif group-[.font-sans]:font-sans \">\n    Schiedsrichter: Niklas Diehm\n  <\/p>\n<p class=\"mb-6 text-xs-varying md:text-m lg:text-l font-serif group-[.font-sans]:font-sans \">\n    Ort: Badenia Stadion\n  <\/p>\n","protected":false},"excerpt":{"rendered":"In einem kurzfristig anberaumten und unter Ausschluss der \u00d6ffentlichkeit durchgef\u00fchrten Testspiel gegen den VfR Mannheim am Sonntagvormittag im&hellip;\n","protected":false},"author":2,"featured_media":1194259,"comment_status":"","ping_status":"","sticky":false,"template":"","format":"standard","meta":{"footnotes":"","_share_on_mastodon":"0"},"categories":[1845],"tags":[97534,1634,3364,29,548,663,3934,30,13,3850,249191,2096,249193,14,15,249192,249194,3459,12,249190,11460,21037],"class_list":["post-1194258","post","type-post","status-publish","format-standard","has-post-thumbnail","category-mannheim","tag-alexandru-paraschiv","tag-baden-wuerttemberg","tag-de","tag-deutschland","tag-eu","tag-europa","tag-europe","tag-germany","tag-headlines","tag-karlsruher-sc","tag-li-egloff","tag-mannheim","tag-marvin-kadner","tag-nachrichten","tag-news","tag-niclas-duehring","tag-niklas-diehm","tag-regionalliga","tag-schlagzeilen","tag-testkick","tag-testspiel","tag-vfr-mannheim"],"share_on_mastodon":{"url":"https:\/\/pubeurope.com\/@de\/116986498466434411","error":""},"_links":{"self":[{"href":"https:\/\/www.europesays.com\/de\/wp-json\/wp\/v2\/posts\/1194258","targetHints":{"allow":["GET"]}}],"collection":[{"href":"https:\/\/www.europesays.com\/de\/wp-json\/wp\/v2\/posts"}],"about":[{"href":"https:\/\/www.europesays.com\/de\/wp-json\/wp\/v2\/types\/post"}],"author":[{"embeddable":true,"href":"https:\/\/www.europesays.com\/de\/wp-json\/wp\/v2\/users\/2"}],"replies":[{"embeddable":true,"href":"https:\/\/www.europesays.com\/de\/wp-json\/wp\/v2\/comments?post=1194258"}],"version-history":[{"count":0,"href":"https:\/\/www.europesays.com\/de\/wp-json\/wp\/v2\/posts\/1194258\/revisions"}],"wp:featuredmedia":[{"embeddable":true,"href":"https:\/\/www.europesays.com\/de\/wp-json\/wp\/v2\/media\/1194259"}],"wp:attachment":[{"href":"https:\/\/www.europesays.com\/de\/wp-json\/wp\/v2\/media?parent=1194258"}],"wp:term":[{"taxonomy":"category","embeddable":true,"href":"https:\/\/www.europesays.com\/de\/wp-json\/wp\/v2\/categories?post=1194258"},{"taxonomy":"post_tag","embeddable":true,"href":"https:\/\/www.europesays.com\/de\/wp-json\/wp\/v2\/tags?post=1194258"}],"curies":[{"name":"wp","href":"https:\/\/api.w.org\/{rel}","templated":true}]}}