{"id":1194748,"date":"2026-07-26T18:17:19","date_gmt":"2026-07-26T18:17:19","guid":{"rendered":"https:\/\/www.europesays.com\/de\/1194748\/"},"modified":"2026-07-26T18:17:19","modified_gmt":"2026-07-26T18:17:19","slug":"nach-anschlag-in-berlin-csd-mahnwache-in-dresdner-altstadt","status":"publish","type":"post","link":"https:\/\/www.europesays.com\/de\/1194748\/","title":{"rendered":"Nach Anschlag in Berlin: CSD-Mahnwache in Dresdner Altstadt"},"content":{"rendered":"<p class=\"text text--s\">\n\t\t\t\tFreie Presse bei Google bevorzugen\n\t\t\t<\/p>\n<p class=\"bold\">\n\t\t\t\t\t\t\t\t\t\tAm Ort einer fr\u00fcheren Gewalttat setzt der Dresdner CSD ein Zeichen gegen Hass: Mit einer Mahnwache erinnern sie an die Opfer des Anschlags in Berlin und betonen Zusammenhalt und Menschlichkeit.\t\t\t\t<\/p>\n<p>\t\t\t\t\t\t\t\t\t\t\t\t\t\t\t\t\t\t\tDresden.<\/p>\n<p>Nach dem mutma\u00dflich islamistisch motivierten Terroranschlag am Rande des <a href=\"https:\/\/www.freiepresse.de\/thema\/christopher+street+day\" title=\"Artikel zum Thema: Christopher Street Day\" class=\"internal-article-link\" data-ct=\"ENTITY\/KEYWORD\/CHRISTOPHER-STREET-DAY\" rel=\"nofollow noopener\" target=\"_blank\">Christopher Street Day<\/a> (CSD) in Berlin setzen Mahnwachen in Sachsen Zeichen der Solidarit\u00e4t. Die Organisatoren des Dresdner CSD luden dazu ein, am Abend in der Altstadt gemeinsam der Opfer des Anschlags zu gedenken und Angeh\u00f6rigen und Betroffenen Mitgef\u00fchl auszudr\u00fccken, wie es in einer Mitteilung hie\u00df. Am Montagabend folgen Mahnwachen in Leipzig am Markt und in <a href=\"https:\/\/www.freiepresse.de\/chemnitz\" title=\"Nachrichten aus Chemnitz\" class=\"internal-article-link\" data-ct=\"ENTITY\/LOCATION\/KNOWN\/CHEMNITZ\" rel=\"nofollow noopener\" target=\"_blank\">Chemnitz<\/a> am Roten Turm.<\/p>\n<p>\tCSD Dresden feierte in Berlin mit<\/p>\n<p>&#8222;Ich war gestern selbst in Berlin. Nur wenige Minuten bevor das Gel\u00e4nde rund um das Brandenburger Tor vollst\u00e4ndig evakuiert wurde, befand ich mich im G\u00e4stebereich des CSD Berlin&#8220;, sagte Ronald Zenker, Vorstandssprecher des CSD Dresden e.V. Die Erleichterung sei gro\u00df gewesen, als man gewusst habe, dass es allen rund 40 Menschen aus der Dresdner CSD-Familie, die in Berlin dabei waren, gut gehe. &#8222;Was bleibt, ist tiefe Betroffenheit. Unsere Gedanken sind bei den Opfern, ihren Angeh\u00f6rigen und allen Menschen, die diesen schrecklichen Anschlag miterleben mussten.&#8220;\u00a0<\/p>\n<p>&#8222;Gerade jetzt ist Zusammenhalt wichtiger denn je&#8220;, teilte der CSD Leipzig mit. Der CSD stehe f\u00fcr Sichtbarkeit, Vielfalt und das Recht, ohne Angst man selbst sein zu k\u00f6nnen.&#8220;Daran halten wir fest.&#8220;<\/p>\n<p>\tTreffpunkt an Gedenktafel f\u00fcr Messerangriff 2020<\/p>\n<p>Die Mahnwache in Dresden soll um 20.00 Uhr hinter dem Kulturpalast an der Ecke Schlossstra\u00dfe\/Rosmaringasse beginnen. Der Ort ist den Angaben nach bewusst gew\u00e4hlt. Dort befindet sich eine Gedenktafel, die an den islamistisch motivierten Messerangriff auf ein schwules Paar am 4. Oktober 2020 erinnert, bei dem einer der M\u00e4nner starb und der andere schwer verletzt \u00fcberlebte.\u00a0<\/p>\n<p>Ein Autofahrer hatte am Samstagabend im Berliner Tiergarten am Rande des CSD Menschen angefahren. Anschlie\u00dfend attackierte er nach Angaben von Bundesinnenminister Alexander Dobrindt (CSU) weitere Passanten mit einer Art Machete. Eine Frau starb bei dem Angriff, 29 weitere Menschen erlitten teils schwere Verletzungen. Die Polizei fahndet nach einem 21 Jahre alten Tatverd\u00e4chtigen, der zum islamistischen Spektrum geh\u00f6ren soll. (dpa)<\/p>\n","protected":false},"excerpt":{"rendered":"Freie Presse bei Google bevorzugen Am Ort einer fr\u00fcheren Gewalttat setzt der Dresdner CSD ein Zeichen gegen Hass:&hellip;\n","protected":false},"author":2,"featured_media":1194749,"comment_status":"","ping_status":"","sticky":false,"template":"","format":"standard","meta":{"footnotes":"","_share_on_mastodon":"0"},"categories":[1835],"tags":[3364,3388,29,2386,30,859],"class_list":["post-1194748","post","type-post","status-publish","format-standard","has-post-thumbnail","category-dresden","tag-de","tag-demos","tag-deutschland","tag-dresden","tag-germany","tag-sachsen"],"share_on_mastodon":{"url":"https:\/\/pubeurope.com\/@de\/116987654918329057","error":""},"_links":{"self":[{"href":"https:\/\/www.europesays.com\/de\/wp-json\/wp\/v2\/posts\/1194748","targetHints":{"allow":["GET"]}}],"collection":[{"href":"https:\/\/www.europesays.com\/de\/wp-json\/wp\/v2\/posts"}],"about":[{"href":"https:\/\/www.europesays.com\/de\/wp-json\/wp\/v2\/types\/post"}],"author":[{"embeddable":true,"href":"https:\/\/www.europesays.com\/de\/wp-json\/wp\/v2\/users\/2"}],"replies":[{"embeddable":true,"href":"https:\/\/www.europesays.com\/de\/wp-json\/wp\/v2\/comments?post=1194748"}],"version-history":[{"count":0,"href":"https:\/\/www.europesays.com\/de\/wp-json\/wp\/v2\/posts\/1194748\/revisions"}],"wp:featuredmedia":[{"embeddable":true,"href":"https:\/\/www.europesays.com\/de\/wp-json\/wp\/v2\/media\/1194749"}],"wp:attachment":[{"href":"https:\/\/www.europesays.com\/de\/wp-json\/wp\/v2\/media?parent=1194748"}],"wp:term":[{"taxonomy":"category","embeddable":true,"href":"https:\/\/www.europesays.com\/de\/wp-json\/wp\/v2\/categories?post=1194748"},{"taxonomy":"post_tag","embeddable":true,"href":"https:\/\/www.europesays.com\/de\/wp-json\/wp\/v2\/tags?post=1194748"}],"curies":[{"name":"wp","href":"https:\/\/api.w.org\/{rel}","templated":true}]}}