{"id":1194884,"date":"2026-07-26T19:47:15","date_gmt":"2026-07-26T19:47:15","guid":{"rendered":"https:\/\/www.europesays.com\/de\/1194884\/"},"modified":"2026-07-26T19:47:15","modified_gmt":"2026-07-26T19:47:15","slug":"nationalteams-ueberragen-grosse-buehne-fuer-3x3-in-hannover-und-grosse-leistungen","status":"publish","type":"post","link":"https:\/\/www.europesays.com\/de\/1194884\/","title":{"rendered":"Nationalteams \u00fcberragen: Gro\u00dfe B\u00fchne f\u00fcr 3&#215;3 in Hannover &#8211; und gro\u00dfe Leistungen"},"content":{"rendered":"<p>            <img loading=\"lazy\" decoding=\"async\" class=\"ts-image\" src=\"https:\/\/www.europesays.com\/de\/wp-content\/uploads\/2026\/07\/3x3-basketball-182.jpg\" alt=\"Jubel bei den Dortmunderinnen\" title=\"Jubel bei den Dortmunderinnen | City Press Berlin\"\/><\/p>\n<p>                    <strong>Reportage<\/strong><\/p>\n<p class=\"metatextline\">Stand: 26.07.2026 \u2022 21:02 Uhr<\/p>\n<p class=\"article-head__shorttext\">\n        <strong>Das 3&#215;3 war einer der H\u00f6hepunkte bei den Finals. Die Arena am neuen Rathaus platzte immer aus allen N\u00e4hten. Der Stra\u00dfen-Basketball mit seiner Party-Atmosph\u00e4re kam sehr gut an. Den Sieg sicherten sich sowohl bei den M\u00e4nnern als auch bei den Frauen die Nationalteams.<\/strong>\n    <\/p>\n<p class=\"textabsatz m-ten m-offset-one l-eight l-offset-two columns twelve\">Bei genau 1:17 blieb die Uhr stehen. Dann begann das Feuerwerk. Nach Pass von Olympia-Siegerin Marie Reichert an zwei Gegenspielerinnen vorbei entschied Victoria Poros das Finale gegen Wedel mit einem lockeren Korbleger f\u00fcr Dortmund mit dem 21:13 vorzeitig.<\/p>\n<p class=\"textabsatz m-ten m-offset-one l-eight l-offset-two columns twelve\">&#8222;Ich wusste genau, dass ich den Ball reinmachen muss &#8211; und dachte, dass ich den Korb deshalb nicht machen w\u00fcrde&#8220;, sagte Nationalspielerin Poros wenig sp\u00e4ter und lachte. &#8222;Aber dann ist der Druck abgefallen.&#8220; Der Rest war Jubel und Party. Unter dem gro\u00dfen 3&#215;3-typischen Kuppelzelt waren die Basketballerinnen und die Fans vor dem str\u00f6menden Regen am Sonntagabend sicher.<\/p>\n<p class=\"absatzbild__info__text\">\n                        So sehen Siegerinnen aus (v.l.): Sarah Polleros, Ama Degboen, Victoria Poros und Marie Reichert.\n                    <\/p>\n<p>    Dortmund steht drauf, das Nationalteam war drin<\/p>\n<p class=\"textabsatz m-ten m-offset-one l-eight l-offset-two columns twelve\">Druck hatten Poros, Reichert, Ama Degbeon und Sarah Polleros bei den Finals reichlich. Bundestrainer Hanno Stein sprach von der &#8222;gr\u00f6\u00dften Fallh\u00f6he&#8220;. Schlie\u00dflich stand zwar SVD 49 Dortmund drauf, das Nationalteam war aber drin.<\/p>\n<p class=\"textabsatz m-ten m-offset-one l-eight l-offset-two columns twelve\">Mit einer Wildcard ausgestattet, war Dortmund mit Blick auf die Olympia-Bewerbung Rhein-Ruhr gew\u00e4hlt worden, um ein bisschen Werbung zu machen. Und SVD-Pr\u00e4sident Henrik Sojka posierte hinterher auch mit &#8222;seinem&#8220; Team f\u00fcr Sieger-Fotos. Eine Frauen-Abteilung hat der Club aber eigentlich gar nicht.<\/p>\n<p>    Reichert: &#8222;Die Finals waren mega cool&#8220;<\/p>\n<p class=\"textabsatz m-ten m-offset-one l-eight l-offset-two columns twelve\">In Hannover zeigten sich allerdings die besten Teams des Landes &#8211; und das nicht nur unter den Augen des Bundestrainers (Stein: &#8222;Ich habe wirklich jedes Spiel gesehen.&#8220;), sondern auch immer vor vollbesetzten Trib\u00fcnen.<\/p>\n<p class=\"textabsatz m-ten m-offset-one l-eight l-offset-two columns twelve\">&#8222;Die Finals waren mega cool&#8220;, sagte Reichert, die in Paris 2024 Gold mit Deutschland gewonnen hat. &#8222;Paris toppt nichts mehr. Aber man konnte an allen drei Turniertagen sp\u00fcren, wie viel Bock Hannover auf 3&#215;3 hat. Das hat mich sehr gefreut&#8220;, f\u00fcgte die Weltklassespielerin, die in Hannover am Bundest\u00fctzpunkt ist, hinzu.<\/p>\n<p>    Auch bei den M\u00e4nnern gewinnt das Nationalteam.<\/p>\n<p class=\"textabsatz m-ten m-offset-one l-eight l-offset-two columns twelve\">Hatte beim deutschen Olympia-Sieg noch Dirk Nowitzki als einer der ersten gratuliert, war es diesmal NBA-Star Dennis Schr\u00f6der, der am Samstag bei den Finals die entscheidenden Spiele der M\u00e4nner verfolgt hat. Die gut 1.000 Pl\u00e4tze in der Arena waren ebenso voll besetzt, wie der gesamte Bereich vor dem Neuen Rathaus, von wo aus man noch einen Blick auf den Court hatte.<\/p>\n<p class=\"absatzbild__info__text\">\n                        Der Sieg bei den M\u00e4nnern ging an die Baskets Bonn.\n                    <\/p>\n<p class=\"textabsatz m-ten m-offset-one l-eight l-offset-two columns twelve\">Sogar schon zwei Minuten vor Schluss sicherte Denzel Agyeman f\u00fcr die Baskets Bonn mit seinem Zweier zum 22:12 gegen die Skyliners Frankfurt den Titel. Auch hier war der Sieger eigentlich das Nationalteam, spielten doch neben Agyeman auch Fabian Giessmann, Linus Beikame und Lennart Schultz mit. Allerdings sind die Baskets neben Hannover auch wirklich ihr Club.<\/p>\n<p>    Emotionaler Sieg f\u00fcr Hannover um Bronze<\/p>\n<p class=\"textabsatz m-ten m-offset-one l-eight l-offset-two columns twelve\">Bei den Frauen hatte es schon im Spiel um Platz drei einen emotionalen H\u00f6hepunkt und den vielleicht lautesten Jubel der Finals gegeben. Mit der Schlusssirene entschieden die TKH Luchse das fast schon verloren geglaubte Spiel gegen D\u00fcsseldorf doch noch f\u00fcr sich.<\/p>\n<p class=\"textabsatz m-ten m-offset-one l-eight l-offset-two columns twelve\">Daf\u00fcr gab es Standing Ovations des Publikums f\u00fcr die Lokalmatadorinnen. &#8222;Es hat so viel Spa\u00df gemacht&#8220;, sagte Meret Kleine-Beek, die ebenfalls Nationalspielerin ist und von Reichert und Co. sehr herzlich begl\u00fcckw\u00fcnscht wurde, bevor die selbst im Finale dran waren.<\/p>\n<p>    Finals-Siegerin Polleros: &#8222;Kulisse war extrem cool&#8220;<\/p>\n<p class=\"textabsatz m-ten m-offset-one l-eight l-offset-two columns twelve\">Im Endspiel stand der &#8222;Nationalmannschaft&#8220; mit Wedel eine Auswahl aus U-Nationalspielerinnen gegen\u00fcber. Und die bekamen dann nicht zuletzt von der b\u00e4renstarken Polleros die Grenzen aufgezeigt. &#8222;Bei uns hat einfach die Teamchemie gestimmt &#8211; und die Kulisse hier in Hannover war extrem cool&#8220;, sagte die 24-J\u00e4hrige, die normalerweise im spanischen Gernika spielt.<\/p>\n<p>    Hannover macht den Bundestrainer sprachlos<\/p>\n<p class=\"textabsatz m-ten m-offset-one l-eight l-offset-two columns twelve\">Bundestrainer Stein zog ein sehr positives Fazit: &#8222;Ich bin sprachlos und hocherfreut.&#8220; Viele Spielorte auf der Welt, wenn die Nationalspielerinnen um die Olympia-Qualifikation spielen, k\u00f6nnten nicht mit Hannover mithalten. &#8222;Fantastisch&#8220; fand er die Finals-Tage. Es gehe weiter darum, in Deutschland und der Gesellschaft das 3&#215;3 als olympischen Sport zu verankern. &#8222;Und da haben wir wieder einen super Schritt gemacht.&#8220;<\/p>\n","protected":false},"excerpt":{"rendered":"Reportage Stand: 26.07.2026 \u2022 21:02 Uhr Das 3&#215;3 war einer der H\u00f6hepunkte bei den Finals. Die Arena am&hellip;\n","protected":false},"author":2,"featured_media":1194885,"comment_status":"","ping_status":"","sticky":false,"template":"","format":"standard","meta":{"footnotes":"","_share_on_mastodon":"0"},"categories":[1836],"tags":[75716,3364,29,89007,30,46,1411],"class_list":["post-1194884","post","type-post","status-publish","format-standard","has-post-thumbnail","category-hannover","tag-3x3-basketball","tag-de","tag-deutschland","tag-die-finals","tag-germany","tag-hannover","tag-niedersachsen"],"share_on_mastodon":{"url":"https:\/\/pubeurope.com\/@de\/116988009962765142","error":""},"_links":{"self":[{"href":"https:\/\/www.europesays.com\/de\/wp-json\/wp\/v2\/posts\/1194884","targetHints":{"allow":["GET"]}}],"collection":[{"href":"https:\/\/www.europesays.com\/de\/wp-json\/wp\/v2\/posts"}],"about":[{"href":"https:\/\/www.europesays.com\/de\/wp-json\/wp\/v2\/types\/post"}],"author":[{"embeddable":true,"href":"https:\/\/www.europesays.com\/de\/wp-json\/wp\/v2\/users\/2"}],"replies":[{"embeddable":true,"href":"https:\/\/www.europesays.com\/de\/wp-json\/wp\/v2\/comments?post=1194884"}],"version-history":[{"count":0,"href":"https:\/\/www.europesays.com\/de\/wp-json\/wp\/v2\/posts\/1194884\/revisions"}],"wp:featuredmedia":[{"embeddable":true,"href":"https:\/\/www.europesays.com\/de\/wp-json\/wp\/v2\/media\/1194885"}],"wp:attachment":[{"href":"https:\/\/www.europesays.com\/de\/wp-json\/wp\/v2\/media?parent=1194884"}],"wp:term":[{"taxonomy":"category","embeddable":true,"href":"https:\/\/www.europesays.com\/de\/wp-json\/wp\/v2\/categories?post=1194884"},{"taxonomy":"post_tag","embeddable":true,"href":"https:\/\/www.europesays.com\/de\/wp-json\/wp\/v2\/tags?post=1194884"}],"curies":[{"name":"wp","href":"https:\/\/api.w.org\/{rel}","templated":true}]}}