{"id":1194910,"date":"2026-07-26T20:04:19","date_gmt":"2026-07-26T20:04:19","guid":{"rendered":"https:\/\/www.europesays.com\/de\/1194910\/"},"modified":"2026-07-26T20:04:19","modified_gmt":"2026-07-26T20:04:19","slug":"termine-sportarten-austragungsorte-alles-wichtige-zu-den-finals-2027-in-stuttgart","status":"publish","type":"post","link":"https:\/\/www.europesays.com\/de\/1194910\/","title":{"rendered":"Termine, Sportarten, Austragungsorte: Alles Wichtige zu den Finals 2027 in Stuttgart"},"content":{"rendered":"<p>            <img loading=\"lazy\" decoding=\"async\" class=\"ts-image\" src=\"https:\/\/www.europesays.com\/de\/wp-content\/uploads\/2026\/07\/finals-2027-100.jpg\" alt=\"Die Finals 2027 in Stuttgart\" title=\"Die Finals 2027 in Stuttgart | Die Finals\"\/><\/p>\n<p>                    <strong>FAQ<\/strong><\/p>\n<p class=\"metatextline\">Stand: 26.07.2026 \u2022 19:13 Uhr<\/p>\n<p class=\"article-head__shorttext\">\n        <strong>Die Finals 2027 finden vom 29. Juli bis 1. August in Stuttgart statt. Nach derzeitigem Stand der Planung werden 16 Deutsche Meisterschaften an neun Sportst\u00e4tten ausgetragen. Mit der Leichtathletik k\u00f6nnten noch weite Disziplinen dazu kommen.<\/strong>\n    <\/p>\n<p>    Welche Sportarten sind bei den Finals 2027 dabei?<\/p>\n<p class=\"textabsatz m-ten m-offset-one l-eight l-offset-two columns twelve\">Zu den Sportarten, mit denen schon heute f\u00fcr die Finals 2027 geplant wird, z\u00e4hlen unter anderem Ger\u00e4tturnen, Rhythmische Sportgymnastik, Schwimmen, Speed-Klettern, 3&#215;3 Basketball, BMX mit den DisziplinenFlatland, Park und Race sowie Triathlon und Kanu. Mit dem Deutschen Leichtathletik-Verband gibt es laut Veranstalter Gespr\u00e4che \u00fcber die m\u00f6gliche Auslagerung einer Leichtathletik-Disziplin nach Stuttgart.<\/p>\n<ol class=\"bulletpoint-list \">\n<li>3&#215;3 Basketball<\/li>\n<li>Beach-Volleyball<\/li>\n<li>BMX-Race<\/li>\n<li>BMX-Flatland<\/li>\n<li>BMX-Park<\/li>\n<li>Breaking<\/li>\n<li>Finswimming<\/li>\n<li>Ger\u00e4tturnen<\/li>\n<li>Kanu<\/li>\n<li>Rhythmische Sportgymnastik<\/li>\n<li>Schwimmen<\/li>\n<li>Speed-Klettern<\/li>\n<li>Sportakrobatik<\/li>\n<li>Stand-Up-Paddling (SUP)<\/li>\n<li>Trampolinturnen<\/li>\n<li>Triathlon<\/li>\n<\/ol>\n<p>    Wo finden die Finals 2027 statt?<\/p>\n<p class=\"textabsatz m-ten m-offset-one l-eight l-offset-two columns twelve\">Die siebte Ausgabe der Finals findet in <strong>Stuttgart<\/strong> statt. Die bisherigen Austragungsorte waren Berlin (2019, 2021 und 2022), Rhein-Ruhr (2021 und 2023), Dresden (2025) und <a href=\"https:\/\/www.sportschau.de\/die-finals\" title=\"Alles zu den Finals 2026 in Hannover\" rel=\"nofollow noopener\" target=\"_blank\">Hannover (2026)<\/a>.<\/p>\n<p class=\"textabsatz m-ten m-offset-one l-eight l-offset-two columns twelve\">Viele Sportarten werden wieder an ungew\u00f6hnlichen Orten stattfinden, nah an den Menschen und mitten in der Stadt. Beach-Volleyball im Ehrenhof im Neuen Schloss, Breaking vor der Staatsoper, Kanu und Stand-up-Paddling (SUP) auf dem Neckar, 3&#215;3 Basketball auf dem Marktplatz. Auch die Porsche Arena, das Sportbad im NeckarPark und der BMX-Park sind als Sportst\u00e4tten ein Teil der Finals in Stuttgart.<\/p>\n<p class=\"absatzbild__info__text\">\n                        So soll es laut Veranstalter auf dem Stuttgarter Schlossplatz aussehen\n                    <\/p>\n<ol class=\"bulletpoint-list \">\n<li>BMX-Supercross-Strecke Stuttgart (BMX-Race und BMX-Park)<\/li>\n<li>Ehrenhof im Neuen Schloss (Beach-Venue)<\/li>\n<li>Marktplatz (3&#215;3 Basketball)<\/li>\n<li>Neckar (Kanu, SUP)<\/li>\n<li>Porsche Arena (Ger\u00e4tturnen, Rhythmische Sportgymnastik, Trampolinturnen, Sportakrobatik)<\/li>\n<li>Schlossplatz (Speed-Klettern, Triathlon-Ziel am Samstag und Sonntag)<\/li>\n<li>Sportbad NeckarPark (Schwimmen, Finswimming)<\/li>\n<li>Vor der Staatsoper (Breaking, BMX-Flatland)<\/li>\n<li>Stuttgart und Umgebung (Triathlon-Strecke)<\/li>\n<\/ol>\n<p>    Wo laufen die Finals 2027 im TV und Stream?<\/p>\n<p class=\"textabsatz m-ten m-offset-one l-eight l-offset-two columns twelve\">Alle Wettkampftage der Finals 2027 werden wie gewohnt in vollem Umfang live im Free-TV auf ARD und ZDF \u00fcbertragen. Dazu wird es wieder Livestreams zu allen Sportarten in der ARD-Mediathek und der ZDF-Mediathek geben. Auch auf sportschau.de wird es wieder vollumf\u00e4ngliche Berichterstattung mit Zusammenfassungen, Artikeln, Streams und Re-Lives geben.<\/p>\n<p class=\"textabsatz m-ten m-offset-one l-eight l-offset-two columns twelve\">F\u00fcr ARD-Sportchef Axel Balkausky z\u00e4hlen die Finals zu den wichtigsten \u00dcbertragungen des Sportjahres: \u201eDie Entwicklung der Finals sind ein kleiner Traum. Wir k\u00f6nnen dem Sport eine Sichtbarkeit in der Breite geben. Das ist ein gro\u00dfer Erfolg f\u00fcr uns als ARD und ZDF, aber vor allem f\u00fcr die Athletinnen und Athleten sowie die Sportverb\u00e4nde.\u201c<\/p>\n","protected":false},"excerpt":{"rendered":"FAQ Stand: 26.07.2026 \u2022 19:13 Uhr Die Finals 2027 finden vom 29. Juli bis 1. August in Stuttgart&hellip;\n","protected":false},"author":2,"featured_media":1194911,"comment_status":"","ping_status":"","sticky":false,"template":"","format":"standard","meta":{"footnotes":"","_share_on_mastodon":"0"},"categories":[1830],"tags":[1634,3364,29,89007,30,1441],"class_list":["post-1194910","post","type-post","status-publish","format-standard","has-post-thumbnail","category-stuttgart","tag-baden-wuerttemberg","tag-de","tag-deutschland","tag-die-finals","tag-germany","tag-stuttgart"],"share_on_mastodon":{"url":"https:\/\/pubeurope.com\/@de\/116988077070049065","error":""},"_links":{"self":[{"href":"https:\/\/www.europesays.com\/de\/wp-json\/wp\/v2\/posts\/1194910","targetHints":{"allow":["GET"]}}],"collection":[{"href":"https:\/\/www.europesays.com\/de\/wp-json\/wp\/v2\/posts"}],"about":[{"href":"https:\/\/www.europesays.com\/de\/wp-json\/wp\/v2\/types\/post"}],"author":[{"embeddable":true,"href":"https:\/\/www.europesays.com\/de\/wp-json\/wp\/v2\/users\/2"}],"replies":[{"embeddable":true,"href":"https:\/\/www.europesays.com\/de\/wp-json\/wp\/v2\/comments?post=1194910"}],"version-history":[{"count":0,"href":"https:\/\/www.europesays.com\/de\/wp-json\/wp\/v2\/posts\/1194910\/revisions"}],"wp:featuredmedia":[{"embeddable":true,"href":"https:\/\/www.europesays.com\/de\/wp-json\/wp\/v2\/media\/1194911"}],"wp:attachment":[{"href":"https:\/\/www.europesays.com\/de\/wp-json\/wp\/v2\/media?parent=1194910"}],"wp:term":[{"taxonomy":"category","embeddable":true,"href":"https:\/\/www.europesays.com\/de\/wp-json\/wp\/v2\/categories?post=1194910"},{"taxonomy":"post_tag","embeddable":true,"href":"https:\/\/www.europesays.com\/de\/wp-json\/wp\/v2\/tags?post=1194910"}],"curies":[{"name":"wp","href":"https:\/\/api.w.org\/{rel}","templated":true}]}}