{"id":1195012,"date":"2026-07-26T21:12:44","date_gmt":"2026-07-26T21:12:44","guid":{"rendered":"https:\/\/www.europesays.com\/de\/1195012\/"},"modified":"2026-07-26T21:12:44","modified_gmt":"2026-07-26T21:12:44","slug":"basketball-bayern-praesident-hainer-so-steht-es-um-die-nba-europe-3","status":"publish","type":"post","link":"https:\/\/www.europesays.com\/de\/1195012\/","title":{"rendered":"Basketball: Bayern-Pr\u00e4sident Hainer: So steht es um die NBA Europe"},"content":{"rendered":"<p class=\"mb-6 text-xs-varying md:text-m lg:text-l font-serif group-[.font-sans]:font-sans \">\n    Beim Schritt der nordamerikanischen Basketball-Profiliga NBA auf den europ\u00e4ischen Markt sieht Bayern-Pr\u00e4sident Herbert Hainer den deutschen Fu\u00dfball-Rekordmeister in einer privilegierten Rolle.\n  <\/p>\n<p class=\"mb-6 text-xs-varying md:text-m lg:text-l font-serif group-[.font-sans]:font-sans \">\n    \u201eEin <a href=\"https:\/\/www.augsburger-allgemeine.de\/sport\/fc-bayern\" target=\"_self\" class=\"underline \" rel=\"nofollow noopener\">FC Bayern<\/a>, ein Real Madrid oder ein FC Barcelona, wir bringen ja noch mal ganz was anderes ein in puncto Fan-Reichweite, Fanenthusiasmus als jetzt ein reiner Basketballclub. Und das muss alles bewertet werden, das ist auch der NBA klar\u201c, sagte Hainer bei einer Pressekonferenz zur Vorstellung des neuen Sport-Gesch\u00e4ftsf\u00fchrers Thorsten Leibenath.\n  <\/p>\n<p>            \u201eOhne den FC Bayern keinen wettbewerbsf\u00e4higen Basketball\u201c<\/p>\n<p class=\"mb-6 text-xs-varying md:text-m lg:text-l font-serif group-[.font-sans]:font-sans \">\n    Nach dpa-Informationen haben mehr als 20 bestehende Basketball- und Fu\u00dfball-Clubs ihre Gebote f\u00fcr die NBA Europe eingereicht. Aus Deutschland gelten Berlin mit Basketballclub Alba und <a href=\"https:\/\/www.augsburger-allgemeine.de\/orte\/aa-muenchen\" target=\"_self\" class=\"underline \" rel=\"nofollow noopener\">M\u00fcnchen<\/a> mit dem FC Bayern die aussichtsreichsten Anw\u00e4rter f\u00fcr einen der zw\u00f6lf festen Startpl\u00e4tze.\n  <\/p>\n<p class=\"mb-6 text-xs-varying md:text-m lg:text-l font-serif group-[.font-sans]:font-sans \">\n    Angesprochen, ob er angesichts eines kolportierten weiteren Angebots aus M\u00fcnchen Sorge habe, sagte Hainer: \u201eDefinitiv nicht. Ich gehe mal davon aus, dass es ohne den FC Bayern hier keinen wettbewerbsf\u00e4higen Basketball geben wird.\u201c\n  <\/p>\n<p class=\"mb-6 text-xs-varying md:text-m lg:text-l font-serif group-[.font-sans]:font-sans \">\n    Die NBA Europe soll im Oktober 2027 an den Start gehen und neben den zw\u00f6lf fixen Startern auch vier \u00fcber die Champions League qualifizierte Teams vorsehen. Offen ist bislang, wie es mit der Euroleague &#8211; bislang die wichtigste europ\u00e4ische Liga im Vereinsbasketball &#8211; weitergeht.\n  <\/p>\n<p>            Hainer berichtet von intensiven Gespr\u00e4chen<\/p>\n<p class=\"mb-6 text-xs-varying md:text-m lg:text-l font-serif group-[.font-sans]:font-sans \">\n    Hainer berichtete von Gespr\u00e4chen mit NBA-Boss Adam Silver und dem stellvertretenden Commissioner Mark Tatum. \u201eWir sprechen aber auch intensiv mit der Euroleague. Wir sind ja Shareholder der Euroleague und haben also auch eine Verpflichtung und ein Eigeninteresse, dass die Euroleague und die NBA zusammenarbeiten\u201c, sagte der Bayern-Pr\u00e4sident. Mit einer Zusammenarbeit f\u00e4nde man \u201esicherlich auch die bestm\u00f6gliche L\u00f6sung f\u00fcr den europ\u00e4ischen Markt\u201c.\n  <\/p>\n<p class=\"mb-6 text-xs-varying md:text-m lg:text-l font-serif group-[.font-sans]:font-sans \">\n    \u201eFakt ist, die NBA sagt permanent, dass sie den FC Bayern dabeihaben will. Wir sagen auch, wann immer wir gefragt werden, dass wir nat\u00fcrlich Interesse haben, als Basketballclub, als die deutsche Referenz, als M\u00fcnchen, als Basketballstadt, dass wir dabei sein wollen. Aber die gesamten Rahmenbedingungen m\u00fcssen auch stimmen\u201c, sagte Hainer. Die Ausgabe einer Franchisegeb\u00fchr m\u00fcsse sich auch irgendwann auszahlen.\n  <\/p>\n<p>    <img decoding=\"async\" src=\"https:\/\/www.europesays.com\/de\/wp-content\/uploads\/2026\/07\/fc-bayern-basketball.jpg\" alt=\"Thorsten Leibenath, neuer Gesch\u00e4ftsf\u00fchrer Sport der Basketballer des FC Bayern.\" title=\"Thorsten Leibenath, neuer Gesch\u00e4ftsf\u00fchrer Sport der Basketballer des FC Bayern.\" loading=\"lazy\" class=\"h-full w-full object-cover\"\/><\/p>\n<p>      Icon vergr\u00f6\u00dfern<\/p>\n<p>    Thorsten Leibenath, neuer Gesch\u00e4ftsf\u00fchrer Sport der Basketballer des FC Bayern.<br \/>\n    Foto: Christian Kunz\/dpa<\/p>\n<p>        Schlie\u00dfen <\/p>\n<p>      Icon Schlie\u00dfen<\/p>\n<p>        Icon vergr\u00f6\u00dfern<\/p>\n<p>        Icon verkleinern<\/p>\n<p>      Icon Pfeil bewegen<\/p>\n<p>    Thorsten Leibenath, neuer Gesch\u00e4ftsf\u00fchrer Sport der Basketballer des FC Bayern.<br \/>\n    Foto: Christian Kunz\/dpa<\/p>\n","protected":false},"excerpt":{"rendered":"Beim Schritt der nordamerikanischen Basketball-Profiliga NBA auf den europ\u00e4ischen Markt sieht Bayern-Pr\u00e4sident Herbert Hainer den deutschen Fu\u00dfball-Rekordmeister in&hellip;\n","protected":false},"author":2,"featured_media":1195013,"comment_status":"","ping_status":"","sticky":false,"template":"","format":"standard","meta":{"footnotes":"","_share_on_mastodon":"0"},"categories":[3933],"tags":[331,332,91445,772,548,663,158,3934,249343,3935,8834,458,13,34756,1268,14,15918,15,3349,12],"class_list":["post-1195012","post","type-post","status-publish","format-standard","has-post-thumbnail","category-eu","tag-aktuelle-nachrichten","tag-aktuelle-news","tag-basketball-profiliga","tag-bayern","tag-eu","tag-europa","tag-europaeische-union","tag-europe","tag-europe-im","tag-european-union","tag-fc-barcelona","tag-fc-bayern-muenchen","tag-headlines","tag-herbert-hainer","tag-muenchen","tag-nachrichten","tag-nba","tag-news","tag-real-madrid","tag-schlagzeilen"],"share_on_mastodon":{"url":"https:\/\/pubeurope.com\/@de\/116988344900459490","error":""},"_links":{"self":[{"href":"https:\/\/www.europesays.com\/de\/wp-json\/wp\/v2\/posts\/1195012","targetHints":{"allow":["GET"]}}],"collection":[{"href":"https:\/\/www.europesays.com\/de\/wp-json\/wp\/v2\/posts"}],"about":[{"href":"https:\/\/www.europesays.com\/de\/wp-json\/wp\/v2\/types\/post"}],"author":[{"embeddable":true,"href":"https:\/\/www.europesays.com\/de\/wp-json\/wp\/v2\/users\/2"}],"replies":[{"embeddable":true,"href":"https:\/\/www.europesays.com\/de\/wp-json\/wp\/v2\/comments?post=1195012"}],"version-history":[{"count":0,"href":"https:\/\/www.europesays.com\/de\/wp-json\/wp\/v2\/posts\/1195012\/revisions"}],"wp:featuredmedia":[{"embeddable":true,"href":"https:\/\/www.europesays.com\/de\/wp-json\/wp\/v2\/media\/1195013"}],"wp:attachment":[{"href":"https:\/\/www.europesays.com\/de\/wp-json\/wp\/v2\/media?parent=1195012"}],"wp:term":[{"taxonomy":"category","embeddable":true,"href":"https:\/\/www.europesays.com\/de\/wp-json\/wp\/v2\/categories?post=1195012"},{"taxonomy":"post_tag","embeddable":true,"href":"https:\/\/www.europesays.com\/de\/wp-json\/wp\/v2\/tags?post=1195012"}],"curies":[{"name":"wp","href":"https:\/\/api.w.org\/{rel}","templated":true}]}}