{"id":1195195,"date":"2026-07-26T23:18:35","date_gmt":"2026-07-26T23:18:35","guid":{"rendered":"https:\/\/www.europesays.com\/de\/1195195\/"},"modified":"2026-07-26T23:18:35","modified_gmt":"2026-07-26T23:18:35","slug":"duesseldorf-premiere-von-sandyhillchill-bei-der-rheinkirmes","status":"publish","type":"post","link":"https:\/\/www.europesays.com\/de\/1195195\/","title":{"rendered":"D\u00fcsseldorf: Premiere von \u201eSandyHillChill\u201c bei der Rheinkirmes"},"content":{"rendered":"<p class=\"text_ohne_einzug richtext text-em-55 !leading-serif mx-6 desktop:mx-0\">Am Nachmittag war es noch recht \u00fcbersichtlich auf der Wiese neben dem Sch\u00fctzenzelt bei der Rheinkirmes, \u201eaber das wird noch sp\u00e4ter am Abend, garantiert\u201c, versichert Frank Katth\u00f6fer, einer der Organisatoren der Premiere von \u201eSandyHillChill\u201c, gefeiert werden konnte ja immerhin bis Mitternacht. Er spricht von 1500 verkauften Karten, \u201emindestens\u201c.<\/p>\n<p class=\"richtext text-em-55 !leading-serif mx-6 desktop:mx-0\">Das Party-Format mit Beachfeeling zieht seit 1999 Tausende f\u00fcr ein Wochenende an den Strand von <a href=\"https:\/\/rp-online.de\/thema\/zandvoort\/\" rel=\"nofollow noopener\" target=\"_blank\">Zandvoort<\/a>. Das Besondere dabei: Es wird nicht nur gefeiert, sondern vor allem auch gespendet \u2013 und zwar grunds\u00e4tzlich an \u201e\u00c4rzte ohne Grenzen\u201c. 154.000 Euro seien es allein im vergangenen Jahr gewesen, \u201ewir streben insgesamt mittlerweile die zweite Million an\u201c, sagt Katth\u00f6fer, Unternehmer und ehemaliger Rennfahrer, der sich in der DJ-Szene auch gerne schlicht \u201eKatti\u201c nennt.<\/p>\n<p class=\"richtext text-em-55 !leading-serif mx-6 desktop:mx-0\">Jetzt also die Sonderveranstaltung \u201eFrom Sand to the City\u201c in D\u00fcsseldorf. Und daf\u00fcr haben sich die inzwischen etwas gesetzteren Herrschaften um die 60 j\u00fcngere Verst\u00e4rkung ins Boot geholt: Odezza Events ist alles andere als ein Unbekannter in D\u00fcsseldorf, dahinter stehen Philipp Claus und Connor Lehmann, die schon mal daf\u00fcr gesorgt haben, dass der Fischmarkt wegen \u00dcberf\u00fcllung geschlossen werden musste. \u201eWir m\u00fcssen auch mal an die n\u00e4chste Generation denken\u201c, sagt Klaus Fischer (DJ Fishi), der als Kopf des \u201eSandyHillChill\u201c gilt. Es ist der Wunsch der Organisatoren, das Festival auch in D\u00fcsseldorf fest zu etablieren. Neun DJs legten am Samstag auf, gespielt wurde alles, was die House-Musik zu bieten hat.<\/p>\n<p class=\"richtext text-em-55 !leading-serif mx-6 desktop:mx-0\">Der Spendenerl\u00f6s geht jedenfalls komplett an \u201e\u00c4rzte ohne Grenzen\u201c. Beim Festival in Zandvoort w\u00fcrden die Spenden sofort online angewiesen, \u201edas Geld landet so \u00fcberhaupt nicht bei uns, unsere Unkosten decken wir durch den Ticketverkauf ab, was dann \u00fcbrig bleibt, geht ebenfalls an die Organisation\u201c, sagt Katth\u00f6fer. In D\u00fcsseldorf sei das so wegen der K\u00fcrze der Zeit nicht m\u00f6glich gewesen.<\/p>\n<p class=\"richtext text-em-55 !leading-serif mx-6 desktop:mx-0\">Von diesem Event und dem eng damit verkn\u00fcpften Benefizgedanken waren dann auch die Sch\u00fctzen in D\u00fcsseldorf restlos begeistert. \u201eDas passt wunderbar zu unserer sozialen Ausrichtung\u201c, sagt Oberstleutnant Jonas Abs.<\/p>\n","protected":false},"excerpt":{"rendered":"Am Nachmittag war es noch recht \u00fcbersichtlich auf der Wiese neben dem Sch\u00fctzenzelt bei der Rheinkirmes, \u201eaber das&hellip;\n","protected":false},"author":2,"featured_media":1195196,"comment_status":"","ping_status":"","sticky":false,"template":"","format":"standard","meta":{"footnotes":"","_share_on_mastodon":"0"},"categories":[1831],"tags":[3364,29,3405,14292,30,249393,1209,2450,249394,6003,39173,249392,7291,51288],"class_list":["post-1195195","post","type-post","status-publish","format-standard","has-post-thumbnail","category-duesseldorf","tag-de","tag-deutschland","tag-duesseldorf","tag-format","tag-germany","tag-katthoefer","tag-nordrhein-westfalen","tag-party","tag-partyformats","tag-premiere","tag-rheinkirmes","tag-sandyhillchill","tag-strand","tag-zandvoort"],"share_on_mastodon":{"url":"https:\/\/pubeurope.com\/@de\/116988838099261495","error":""},"_links":{"self":[{"href":"https:\/\/www.europesays.com\/de\/wp-json\/wp\/v2\/posts\/1195195","targetHints":{"allow":["GET"]}}],"collection":[{"href":"https:\/\/www.europesays.com\/de\/wp-json\/wp\/v2\/posts"}],"about":[{"href":"https:\/\/www.europesays.com\/de\/wp-json\/wp\/v2\/types\/post"}],"author":[{"embeddable":true,"href":"https:\/\/www.europesays.com\/de\/wp-json\/wp\/v2\/users\/2"}],"replies":[{"embeddable":true,"href":"https:\/\/www.europesays.com\/de\/wp-json\/wp\/v2\/comments?post=1195195"}],"version-history":[{"count":0,"href":"https:\/\/www.europesays.com\/de\/wp-json\/wp\/v2\/posts\/1195195\/revisions"}],"wp:featuredmedia":[{"embeddable":true,"href":"https:\/\/www.europesays.com\/de\/wp-json\/wp\/v2\/media\/1195196"}],"wp:attachment":[{"href":"https:\/\/www.europesays.com\/de\/wp-json\/wp\/v2\/media?parent=1195195"}],"wp:term":[{"taxonomy":"category","embeddable":true,"href":"https:\/\/www.europesays.com\/de\/wp-json\/wp\/v2\/categories?post=1195195"},{"taxonomy":"post_tag","embeddable":true,"href":"https:\/\/www.europesays.com\/de\/wp-json\/wp\/v2\/tags?post=1195195"}],"curies":[{"name":"wp","href":"https:\/\/api.w.org\/{rel}","templated":true}]}}