{"id":119530,"date":"2025-05-18T05:34:11","date_gmt":"2025-05-18T05:34:11","guid":{"rendered":"https:\/\/www.europesays.com\/de\/119530\/"},"modified":"2025-05-18T05:34:11","modified_gmt":"2025-05-18T05:34:11","slug":"vom-wenig-romantischen-treiben-der-taeufer","status":"publish","type":"post","link":"https:\/\/www.europesays.com\/de\/119530\/","title":{"rendered":"Vom wenig romantischen Treiben der T\u00e4ufer"},"content":{"rendered":"<p>\t\t<a href=\"https:\/\/www.allesmuenster.de\/cms\/wp-content\/uploads\/Rezi-Wiedertaeufer_Buehrke-2.jpg\" rel=\"nofollow noopener\" target=\"_blank\"><img loading=\"lazy\" decoding=\"async\" class=\"size-medium wp-image-123411\" src=\"https:\/\/www.europesays.com\/de\/wp-content\/uploads\/2025\/05\/Rezi-Wiedertaeufer_Buehrke-2-300x200.jpg\" alt=\"&quot;Die Ewigkeit erwartet, den Untergang erhalten&quot; von Michael Wehner. (Foto: B\u00fchrke)\" width=\"300\" height=\"200\"  \/><\/a>\u201eDie Ewigkeit erwartet, den Untergang erhalten\u201c von Michael Wehner. (Foto: B\u00fchrke)<\/p>\n<p><strong>Neben dem Westf\u00e4lischen Frieden d\u00fcrfte es wohl kaum ein historisches Ereignis geben, das so eng mit M\u00fcnster verbunden ist, wie die Zeit der T\u00e4ufer. Kaum ein Tourist, der nicht ohne Schaudern zu den drei K\u00f6rben am Turm von St. Lamberti hinaufblickt, in denen die sterblichen \u00dcberreste von Jan van Leiden, Bernhard Knipperdolling und Bernd Krechting zur Schau gestellt wurden. Doch die historischen Zusammenh\u00e4nge, die zur Gr\u00fcndung und nach nur drei Jahren zum Untergang des T\u00e4uferreichs in M\u00fcnster f\u00fchrten, d\u00fcrfte vielen Menschen unbekannt sein. Ein neues Buch des Agenda-Verlags schafft hier Abhilfe.<\/strong><\/p>\n<p>Das Buch \u201eDie Ewigkeit erwartet, den Untergang erhalten\u201c von Michael Wehner beschreibt kompakt auf nicht mal 100 Seiten zun\u00e4chst die Rahmenbedingungen, unter denen die Ideologie der T\u00e4ufer immer mehr Anh\u00e4nger finden konnte und das nicht nur in M\u00fcnster. So litten die Menschen seinerzeit unter der \u201ekleinen Eiszeit\u201c, einer globalen Abk\u00fchlung, die unter anderem zu Missernten und Hunger f\u00fchrten. Hier kam jedes angeblich g\u00f6ttliche Heilsversprechen gerade recht. Und das kam tats\u00e4chlich ziemlich dicke daher, kein Geringerer als Jesus Christus pers\u00f6nlich sollte erscheinen, um mit den aufrichtigen T\u00e4ufern das tausendj\u00e4hrige Reich zu begr\u00fcnden. Nun ja.<\/p>\n<p><a href=\"https:\/\/www.allesmuenster.de\/cms\/wp-content\/uploads\/Rezi-Wiedertaeufer_Buehrke-1.jpg\" rel=\"nofollow noopener\" target=\"_blank\"><img loading=\"lazy\" decoding=\"async\" class=\"wp-image-123410 size-medium\" src=\"https:\/\/www.europesays.com\/de\/wp-content\/uploads\/2025\/05\/Rezi-Wiedertaeufer_Buehrke-1-300x200.jpg\" alt=\"Was f\u00fchrte dazu, dass die drei T\u00e4ufer in den K\u00f6rben an St. Lamberti landeten? Dieses Buch sagt es euch. (Foto: B\u00fchrke)\" width=\"300\" height=\"200\"  \/><\/a>Was f\u00fchrte dazu, dass die drei T\u00e4ufer in den K\u00f6rben an St. Lamberti landeten? Dieses Buch sagt es euch. (Foto: B\u00fchrke)<\/p>\n<p>Was r\u00fcckblickend oft romantisierend dargestellt wird, zum Beispiel die weitestgehende Abschaffung von Privatbesitz, die angestrebte Gleichheit aller Menschen und nat\u00fcrlich die Polygamie, r\u00fcckt der Autor in ein anderes, vermutlich realistischeres Licht. Was wie eine fr\u00fche Form des Sozialismus wirkt und die Gr\u00fcnder des legend\u00e4ren m\u00fcnsterschen alternativen Stadtmagazins \u201eKnipperdolling\u201c m\u00f6glicherweise dazu motivierte, sich nach einem der zentralen T\u00e4uferfiguren zu benennen, war tats\u00e4chlich in vielen Bereichen ein Terrorregime. Der K\u00f6nig residierte auf einem Thron, der mitten auf dem Prinzipalmarkt stand. Trotz Hunger und Armut in der Bev\u00f6lkerung lie\u00df er sich eine goldene Krone schmieden und das Rechtssystem schien im Grunde genommen nur eine Strafe zu kennen, die Todesstrafe. Nicht selten erinnern die Schilderungen in Wehners Buch an aktuelle politische Ereignisse in autorit\u00e4r gef\u00fchrten L\u00e4ndern der Erde. Die Mechanismen scheinen sich diesbez\u00fcglich seit 1532 kaum ge\u00e4ndert zu haben.<\/p>\n<p>Randvoll mit Informationen<br \/>\n<a href=\"https:\/\/www.allesmuenster.de\/cms\/wp-content\/uploads\/Rezi-Wiedertaeufer_Buehrke-3.jpg\" rel=\"nofollow noopener\" target=\"_blank\"><img loading=\"lazy\" decoding=\"async\" class=\"wp-image-123412 size-medium\" src=\"data:image\/svg+xml,%3Csvg%20xmlns=\" http:=\"\" alt=\"Leider gab die Bindung sehr schnell nach. (Foto: B\u00fchrke)\" width=\"300\" height=\"200\" data-lazy- data-lazy- data-lazy-src=\"https:\/\/www.europesays.com\/de\/wp-content\/uploads\/2025\/05\/Rezi-Wiedertaeufer_Buehrke-3-300x200.jpg\"\/><\/a>Leider gab die Bindung sehr schnell nach. (Foto: B\u00fchrke)<\/p>\n<p>Die Neuerscheinung ist trotz ihres \u00fcberschaubaren Umfangs randvoll mit Informationen, die einen enormen Rechercheaufwand bedeutet haben m\u00fcssen. Der Autor, studierter Jurist, war unter anderem am Institut f\u00fcr Deutsche Rechtsgeschichte t\u00e4tig. In M\u00fcnster hat er viele Jahre als Stadtf\u00fchrer sowie als Seminar- und Reiseleiter gearbeitet. \u201eDie Ewigkeit erwartet, den Untergang erhalten\u201c ist ein Sachbuch mit sehr hoher Informationsdichte. Zum einen ist es gut geeignet, um schnell sehr viel \u00fcber die Zeit der T\u00e4ufer zu erfahren. Zum anderen ist es eben kein Roman, der sich so nebenbei liest. Unter diesem Blickwinkel ist auch der Preis von 17,90 Euro f\u00fcr 98 Seiten noch OK. Leider gab die Bindung unseres Exemplars trotz pfleglichen Umgangs schnell an einer Stelle nach. Dennoch: F\u00fcr M\u00fcnsteranerinnen und M\u00fcnsteraner mit einem Sinn f\u00fcr Stadtgeschichte ist dieses Buch sehr zu empfehlen.<\/p>\n<p>\u201eDie Ewigkeit erwartet, den Untergang erhalten: Die T\u00e4ufer in M\u00fcnster 1532 \u2013 1535\u201c von Michael Wehner. Herausgeber: agenda Verlag M\u00fcnster; Taschenbuch: 98 Seiten. ISBN : \u200e 978-3-89688-881-5. 17,90 Euro<\/p>\n<p>                         <a href=\"https:\/\/www.allesmuenster.de\/author\/mb\/\" class=\"fn url\" target=\"_blank\" title=\"Michael B\u00fchrke\" rel=\"nofollow noopener\"> <img loading=\"lazy\" decoding=\"async\" width=\"250\" height=\"250\" alt=\"\" src=\"data:image\/svg+xml,%3Csvg%20xmlns=\" http:=\"\" class=\"avatar avatar-250 photo\" style=\"max-width:250px\" data-lazy-src=\"https:\/\/www.europesays.com\/de\/wp-content\/uploads\/2025\/04\/michael.jpg\"\/><\/a> <\/p>\n<p>Michael wurde im nieders\u00e4chsischen Celle geboren und kam 1990 zum Studieren nach M\u00fcnster. Er ist Geograf und arbeitet heute in der Unternehmskommunikation. Seine Schwerpunkte liegen in den Bereichen Umwelt, Gesundheit und Soziales aber auch in den Naturwissenschaften. Michael ist leidenschaftlicher Radfahrer, Wanderer und Amateurfotograf.<\/p>\n<p> <a href=\"https:\/\/www.allesmuenster.de\/author\/mb\/\" class=\"url\" target=\"_blank\" title=\"Michael B\u00fchrke\" rel=\"nofollow noopener\"><img loading=\"lazy\" decoding=\"async\" width=\"250\" height=\"250\" alt=\"\" src=\"data:image\/svg+xml,%3Csvg%20xmlns=\" http:=\"\" class=\"avatar avatar-250 photo\" style=\"max-width:250px\" data-lazy-src=\"https:\/\/www.europesays.com\/de\/wp-content\/uploads\/2025\/04\/michael.jpg\"\/><\/a>  <\/p>\n","protected":false},"excerpt":{"rendered":"\u201eDie Ewigkeit erwartet, den Untergang erhalten\u201c von Michael Wehner. (Foto: B\u00fchrke) Neben dem Westf\u00e4lischen Frieden d\u00fcrfte es wohl&hellip;\n","protected":false},"author":2,"featured_media":119531,"comment_status":"","ping_status":"","sticky":false,"template":"","format":"standard","meta":{"footnotes":""},"categories":[1843],"tags":[32513,1797,3364,29,30,8970,1209,1803,45558,45559,45560],"class_list":{"0":"post-119530","1":"post","2":"type-post","3":"status-publish","4":"format-standard","5":"has-post-thumbnail","7":"category-muenster","8":"tag-agenda","9":"tag-buch","10":"tag-de","11":"tag-deutschland","12":"tag-germany","13":"tag-muenster","14":"tag-nordrhein-westfalen","15":"tag-rezension","16":"tag-taeufer","17":"tag-wehner","18":"tag-wiedertaeufer"},"share_on_mastodon":{"url":"https:\/\/pubeurope.com\/@de\/114527212377002878","error":""},"_links":{"self":[{"href":"https:\/\/www.europesays.com\/de\/wp-json\/wp\/v2\/posts\/119530","targetHints":{"allow":["GET"]}}],"collection":[{"href":"https:\/\/www.europesays.com\/de\/wp-json\/wp\/v2\/posts"}],"about":[{"href":"https:\/\/www.europesays.com\/de\/wp-json\/wp\/v2\/types\/post"}],"author":[{"embeddable":true,"href":"https:\/\/www.europesays.com\/de\/wp-json\/wp\/v2\/users\/2"}],"replies":[{"embeddable":true,"href":"https:\/\/www.europesays.com\/de\/wp-json\/wp\/v2\/comments?post=119530"}],"version-history":[{"count":0,"href":"https:\/\/www.europesays.com\/de\/wp-json\/wp\/v2\/posts\/119530\/revisions"}],"wp:featuredmedia":[{"embeddable":true,"href":"https:\/\/www.europesays.com\/de\/wp-json\/wp\/v2\/media\/119531"}],"wp:attachment":[{"href":"https:\/\/www.europesays.com\/de\/wp-json\/wp\/v2\/media?parent=119530"}],"wp:term":[{"taxonomy":"category","embeddable":true,"href":"https:\/\/www.europesays.com\/de\/wp-json\/wp\/v2\/categories?post=119530"},{"taxonomy":"post_tag","embeddable":true,"href":"https:\/\/www.europesays.com\/de\/wp-json\/wp\/v2\/tags?post=119530"}],"curies":[{"name":"wp","href":"https:\/\/api.w.org\/{rel}","templated":true}]}}