{"id":1195452,"date":"2026-07-27T02:19:18","date_gmt":"2026-07-27T02:19:18","guid":{"rendered":"https:\/\/www.europesays.com\/de\/1195452\/"},"modified":"2026-07-27T02:19:18","modified_gmt":"2026-07-27T02:19:18","slug":"die-finals-in-hannover-zu-viele-fehler-nur-zwei-einzeltitel-fuer-varfolomeev-2","status":"publish","type":"post","link":"https:\/\/www.europesays.com\/de\/1195452\/","title":{"rendered":"Die Finals in Hannover: Zu viele Fehler: Nur zwei Einzeltitel f\u00fcr Varfolomeev"},"content":{"rendered":"<p class=\"fp-paragraph\"><strong>Hannover<\/strong> &#8211; Darja Varfolomeev hat eine durchwachsene Generalprobe f\u00fcr die Heim-Weltmeisterschaften in der Rhythmischen Sportgymnastik gefeiert. Die Olympiasiegerin, Welt- und Europameisterin sicherte sich bei den deutschen Meisterschaften in Hannover dreimal Gold, verpasste es aber, zum dritten Mal nach 2023 und 2025 alle f\u00fcnf Titel zu gewinnen.<\/p>\n<p class=\"fp-paragraph\">Einen Tag nach dem \u00fcberlegenen Sieg im Mehrkampf am Samstag gewann die 19-J\u00e4hrige aus Schmiden lediglich zwei von vier Ger\u00e4tefinals. Am h\u00f6chsten benotet wurde ihre Darbietung mit dem Ball mit 30,700 Z\u00e4hlern. Nur knapp dahinter kam die Wertung f\u00fcr den Reifen-Vortrag (30,650), bei dem ihr am Vortag im Mehrkampf noch zwei schwere Fehler unterlaufen waren.<\/p>\n<p class=\"fp-paragraph\">Diesmal patzte Varfolomeev im Finale mit den Keulen, in dem sie zweimal die Ger\u00e4te verlor und mit 26,600 Punkten lediglich F\u00fcnfte wurde. Den Titel sicherte sich Lada Pusch mit 30,000 Z\u00e4hlern. Auch mit dem Band leistete Varfolomeev sich einen folgenreichen Patzer und belegte nur Rang drei mit 27,450 Punkten. Als Siegerin hatte ihre Schmidener Teamkollegin Viktoria Steinfeld 0,3 Z\u00e4hler mehr.<\/p>\n<p>Varfolomeev f\u00fchrt WM-Team an<\/p>\n<p class=\"fp-paragraph\">Zuvor hatte der Deutsche Turner-Bund (DTB) bereits sein Aufgebot f\u00fcr die Heim-WM vom 12. bis 16. August in Frankfurt\/Main bekanntgegeben. Angef\u00fchrt wird das dreik\u00f6pfige Team wie erwartet von Varfolomeev, die als einzige alle vier Ger\u00e4te turnt.\u00a0<\/p>\n<p class=\"fp-paragraph\">Dazu kommen ihre Schmidener Vereinskolleginnen Pusch und Anastasia Simakova. Die 18-j\u00e4hrige Pusch wurde f\u00fcr Keulen, Reifen und Ball nominiert, die drei Jahre \u00e4ltere Simakova startet in der Entscheidung mit dem Band.\u00a0<\/p>\n<p class=\"fp-paragraph\">In der Gruppen-Konkurrenz treten Alina Datsenko (Schmiden), Anja Kosan (Berlin), Alina Ott (N\u00fcrnberg), Helena Ripken (Berlin) und Anna-Maria Shatokhin (Schmiden) an.<\/p>\n","protected":false},"excerpt":{"rendered":"Hannover &#8211; Darja Varfolomeev hat eine durchwachsene Generalprobe f\u00fcr die Heim-Weltmeisterschaften in der Rhythmischen Sportgymnastik gefeiert. Die Olympiasiegerin,&hellip;\n","protected":false},"author":2,"featured_media":1195453,"comment_status":"","ping_status":"","sticky":false,"template":"","format":"standard","meta":{"footnotes":"","_share_on_mastodon":"0"},"categories":[1836],"tags":[3364,29,30,46,1411,55290,27381],"class_list":["post-1195452","post","type-post","status-publish","format-standard","has-post-thumbnail","category-hannover","tag-de","tag-deutschland","tag-germany","tag-hannover","tag-niedersachsen","tag-rhythmische-sportgymnastik","tag-turnen"],"share_on_mastodon":{"url":"https:\/\/pubeurope.com\/@de\/116989549994454942","error":""},"_links":{"self":[{"href":"https:\/\/www.europesays.com\/de\/wp-json\/wp\/v2\/posts\/1195452","targetHints":{"allow":["GET"]}}],"collection":[{"href":"https:\/\/www.europesays.com\/de\/wp-json\/wp\/v2\/posts"}],"about":[{"href":"https:\/\/www.europesays.com\/de\/wp-json\/wp\/v2\/types\/post"}],"author":[{"embeddable":true,"href":"https:\/\/www.europesays.com\/de\/wp-json\/wp\/v2\/users\/2"}],"replies":[{"embeddable":true,"href":"https:\/\/www.europesays.com\/de\/wp-json\/wp\/v2\/comments?post=1195452"}],"version-history":[{"count":0,"href":"https:\/\/www.europesays.com\/de\/wp-json\/wp\/v2\/posts\/1195452\/revisions"}],"wp:featuredmedia":[{"embeddable":true,"href":"https:\/\/www.europesays.com\/de\/wp-json\/wp\/v2\/media\/1195453"}],"wp:attachment":[{"href":"https:\/\/www.europesays.com\/de\/wp-json\/wp\/v2\/media?parent=1195452"}],"wp:term":[{"taxonomy":"category","embeddable":true,"href":"https:\/\/www.europesays.com\/de\/wp-json\/wp\/v2\/categories?post=1195452"},{"taxonomy":"post_tag","embeddable":true,"href":"https:\/\/www.europesays.com\/de\/wp-json\/wp\/v2\/tags?post=1195452"}],"curies":[{"name":"wp","href":"https:\/\/api.w.org\/{rel}","templated":true}]}}