{"id":1195509,"date":"2026-07-27T02:55:36","date_gmt":"2026-07-27T02:55:36","guid":{"rendered":"https:\/\/www.europesays.com\/de\/1195509\/"},"modified":"2026-07-27T02:55:36","modified_gmt":"2026-07-27T02:55:36","slug":"zeitraum-auf-der-insel-ufnau-im-zuerichsee","status":"publish","type":"post","link":"https:\/\/www.europesays.com\/de\/1195509\/","title":{"rendered":"\u00abZeitraum\u00bb auf der Insel Ufnau im Z\u00fcrichsee"},"content":{"rendered":"<p style=\"font-weight: 400;\"><strong>Geplant war ein Sommerausflug mit Mittagessen auf der Insel Ufnau. Das Mittagessen war fein, der ungeplante Besuch der \u00abart ufnau 2026\u00bb mit Werken von Carlo Borer, Carla Hohmeister, Beate Frommelt, Pius Morger und Micha Aregger unvergesslich.<\/strong><\/p>\n<p style=\"font-weight: 400;\">In der bezaubernden Insellandschaft der Ufnau weckt die Klanginstallation \u00abInsel der Sehnsucht\u00bb von <strong><a href=\"https:\/\/www.piusmorger.ch\/\" target=\"_blank\" rel=\"noopener nofollow\">Pius Morger<\/a><\/strong> (geb. 1957) Assoziationsr\u00e4ume, die einen in Vergangenheit und Zukunft, vor allem aber in das Wahrnehmen unerwarteter Kl\u00e4nge einladen. Je nachdem, wie Betrachtende sich den Installationen n\u00e4hern, entstehen und vergehen Kl\u00e4nge mit den Bewegungen der Horchenden, der Sehenden, der durch Licht, Klang und Natur Bewegten.<\/p>\n<p style=\"font-weight: 400;\"><img fetchpriority=\"high\" decoding=\"async\" class=\"alignnone wp-image-140902 size-full lazyload\" alt=\"\" width=\"2500\" height=\"1667\" src=\"https:\/\/www.europesays.com\/de\/wp-content\/uploads\/2026\/07\/pius-morger_insel-der-sehnsucht.jpg\"  data- data-eio-rwidth=\"2500\" data-eio-rheight=\"1667\"\/>Pius Morger: Insel der Sehnsucht (Foto \u00a9 Gabriel Schwyter) <\/p>\n<p style=\"font-weight: 400;\"><strong><a href=\"https:\/\/seniorweb.ch\/wp-content\/uploads\/2026\/07\/IMG_0692-1.mov\" target=\"_blank\" rel=\"noopener nofollow\">\u00abInsel der Sehnsucht\u00bb <\/a><\/strong>(Video von bs). Achten Sie auf Kl\u00e4nge, Ger\u00e4usche, Stille.<\/p>\n<p style=\"font-weight: 400;\">In der Kapelle St. Martin begegnen wir der \u00abWolke\u00bb von Carla Hohmeister (geb. 1973 in Bad Ragaz) und von <strong><a href=\"http:\/\/www.beatefrommelt.ch\/\" target=\"_blank\" rel=\"noopener nofollow\">Beate Frommelt<\/a><\/strong> (geb. 1973 im F\u00fcrstentum Lichtenstein). Unser Blick wandert von den irdischen Kirchenb\u00e4nken \u00fcber die Wolke zu himmlischen Szenarien.<\/p>\n<p><img loading=\"lazy\" decoding=\"async\" class=\"alignnone wp-image-140900 size-full lazyload\" alt=\"\" width=\"2500\" height=\"1667\" src=\"https:\/\/www.europesays.com\/de\/wp-content\/uploads\/2026\/07\/carla-hohmeister-beate-frommelt_wolke.jpg\"  data- data-eio-rwidth=\"2500\" data-eio-rheight=\"1667\"\/>Das Gemeinschaftswerk \u00abWolke\u00bb von Carla Hohmeister und Beate Frommelt ist in der Kapelle St. Martin ausgestellt. (Foto \u00a9 Gabriel Schwyter). <strong><a href=\"https:\/\/seniorweb.ch\/wp-content\/uploads\/2026\/07\/IMG_0691.mov\" target=\"_blank\" rel=\"noopener nofollow\">\u00abWolke\u00bb \u00a0<\/a><\/strong>(Video von bs)<\/p>\n<p style=\"font-weight: 400;\">Die von <strong><a href=\"https:\/\/carlahohmeister.ch\/\" target=\"_blank\" rel=\"noopener nofollow\">Carla Hohmeister<\/a><\/strong> geschaffenen \u00abGesichtspunkte\u00bb laden ein zur Identit\u00e4tssuche. \u00abPortr\u00e4ts\u00bb ergeben sich aus zahlreichen gef\u00e4rbten Holzquadern, die je nach Abstand des Betrachters zu einem \u00abGesicht\u00bb werden und sich wieder in Fragmente aufl\u00f6sen. Identit\u00e4ten, die entstehen, sich ver\u00e4ndern und vergehen.<\/p>\n<p><img loading=\"lazy\" decoding=\"async\" class=\"alignnone wp-image-140901 size-full lazyload\" alt=\"\" width=\"1667\" height=\"1596\" src=\"https:\/\/www.europesays.com\/de\/wp-content\/uploads\/2026\/07\/carla-hohmeister_gesichtspunkt-e1784439198973.jpg\"  data- data-eio-rwidth=\"1667\" data-eio-rheight=\"1596\"\/>In ihrer Werkserie \u00abGesichtspunkte\u00bb richtet Carla Hohmeister den Blick auf das menschliche Antlitz. (Foto \u00a9 Gabriel Schwyter). <a href=\"https:\/\/seniorweb.ch\/wp-content\/uploads\/2026\/07\/IMG_0689.mov\" target=\"_blank\" rel=\"noopener nofollow\">\u00ab<strong>Gesichtspunkte\u00bb <\/strong><\/a>(Video von bs)<\/p>\n<p>Skulpturen von <strong><a href=\"https:\/\/www.carloborer.ch\/\" target=\"_blank\" rel=\"noopener nofollow\">Carlo Borer<\/a><\/strong> (geb. 1961 in Solothurn) aus Aluminium reflektieren auf ihren spiegelnden Oberfl\u00e4chen die umliegende Landschaft. Wechselnde Perspektiven der Betrachterinnen und Betrachter f\u00fchren zu immer wieder neuen Erfahrungen der Skulpturen und der darin gespiegelten Welten.<\/p>\n<p><img loading=\"lazy\" decoding=\"async\" class=\"alignnone wp-image-140875 size-full lazyload\" alt=\"\" width=\"2500\" height=\"1667\" src=\"https:\/\/www.europesays.com\/de\/wp-content\/uploads\/2026\/07\/carlo-borer_transformer.jpg\"  data- data-eio-rwidth=\"2500\" data-eio-rheight=\"1667\"\/>Carlo Borer: Transformer. Die Skulptur aus Metall verbindet technische Pr\u00e4zision mit einer dynamischen Formensprache. (Foto \u00a9 Gabriel\u00a0Schwyter)<\/p>\n<p style=\"font-weight: 400;\"><strong><a href=\"https:\/\/www.michaa.ch\/\" target=\"_blank\" rel=\"noopener nofollow\">Micha Aregger<\/a><\/strong> (geb. 1976 in Buttisholz) \u00fcberrascht am Wegrand oder in der freien Landschaft der Insel mit biomorphen Objekten. Dabei l\u00e4sst er sich von Prinzipien des Wachstums und von mathematischen Gesetzm\u00e4ssigkeiten in der Natur inspirieren. Sie f\u00fcgen sich in die Landschaft ein, spielen mit nat\u00fcrlichen Formen, bleiben aber k\u00fcnstlich. Die Natur l\u00e4sst sich abbilden, aber Kunst kann nicht Natur werden.<\/p>\n<p><img loading=\"lazy\" decoding=\"async\" class=\"alignnone wp-image-140879 size-full lazyload\" alt=\"\" width=\"1667\" height=\"2500\" src=\"https:\/\/www.europesays.com\/de\/wp-content\/uploads\/2026\/07\/micha-aregger_grosser-succus.jpg\"  data- data-eio-rwidth=\"1667\" data-eio-rheight=\"2500\"\/>Micha Aregger: Grosser Succus. Die biomorphe Skulptur erinnert an nat\u00fcrliche Wachstumsformen. (Foto \u00a9 Gabriel Schwyter)<\/p>\n<p><img loading=\"lazy\" decoding=\"async\" class=\"alignnone size-full wp-image-140880 lazyload\" alt=\"\" width=\"2500\" height=\"1667\" src=\"https:\/\/www.europesays.com\/de\/wp-content\/uploads\/2026\/07\/micha-aregger_schwaemme.jpg\"  data- data-eio-rwidth=\"2500\" data-eio-rheight=\"1667\"\/>Micha Aregger, Schw\u00e4mme. Zwischen Natur und Kunst angesiedelt,verweisen die Objekte auf unsichtbare Wachstumsprozesse. (Foto \u00a9 Gabriel Schwyter)<\/p>\n<p style=\"font-weight: 400;\">Die Insel Ufnau ist von verschiedenen H\u00e4fen am Z\u00fcrichsee mehrmals t\u00e4glich mit der ZSG (Z\u00fcrichsee Schifffahrtsgesellschaft) erreichbar. In der Inselwirtschaft gibt\u2019s was zu trinken, Fischknusperli und vieles mehr zu essen. Die Ausstellung ist kostenlos zug\u00e4nglich und dauert bis 18. Oktober 2026. Infos zur Ausstellung und zu Veranstaltungen auf der Ufnau finden Sie <strong><a href=\"https:\/\/www.art-ufnau.ch\/\" target=\"_blank\" rel=\"noopener nofollow\">hier.<\/a><\/strong><\/p>\n<p>Titelbild: Die hochgl\u00e4nzende Edelstahlskulptur \u00abStalagmite\u00bb von Carlo Borer reflektiert ihre Umgebung und tritt in einen st\u00e4ndigen Dialog mit Licht, Landschaft und Betrachterinnen und Betrachtern. (Foto \u00a9 Gabriel Schwyter)<\/p>\n","protected":false},"excerpt":{"rendered":"Geplant war ein Sommerausflug mit Mittagessen auf der Insel Ufnau. Das Mittagessen war fein, der ungeplante Besuch der&hellip;\n","protected":false},"author":2,"featured_media":1195510,"comment_status":"","ping_status":"","sticky":false,"template":"","format":"standard","meta":{"footnotes":"","_share_on_mastodon":"0"},"categories":[1775],"tags":[1793,249466,249467,249468,249469,29,214,249470,30,249471,224560,1794,249472,249473,215,249474,34795],"class_list":["post-1195509","post","type-post","status-publish","format-standard","has-post-thumbnail","category-kunst-und-design","tag-art-and-design","tag-art-ufnau-2026","tag-beate-frommelt","tag-carla-hohmeister","tag-carlo-borer","tag-deutschland","tag-entertainment","tag-gabriel-schwyter","tag-germany","tag-insel-ufnau","tag-kloster-einsiedeln","tag-kunst-und-design","tag-micha-aregger","tag-pius-morger","tag-unterhaltung","tag-zsg","tag-zuerichsee"],"share_on_mastodon":{"url":"https:\/\/pubeurope.com\/@de\/116989692296780474","error":""},"_links":{"self":[{"href":"https:\/\/www.europesays.com\/de\/wp-json\/wp\/v2\/posts\/1195509","targetHints":{"allow":["GET"]}}],"collection":[{"href":"https:\/\/www.europesays.com\/de\/wp-json\/wp\/v2\/posts"}],"about":[{"href":"https:\/\/www.europesays.com\/de\/wp-json\/wp\/v2\/types\/post"}],"author":[{"embeddable":true,"href":"https:\/\/www.europesays.com\/de\/wp-json\/wp\/v2\/users\/2"}],"replies":[{"embeddable":true,"href":"https:\/\/www.europesays.com\/de\/wp-json\/wp\/v2\/comments?post=1195509"}],"version-history":[{"count":0,"href":"https:\/\/www.europesays.com\/de\/wp-json\/wp\/v2\/posts\/1195509\/revisions"}],"wp:featuredmedia":[{"embeddable":true,"href":"https:\/\/www.europesays.com\/de\/wp-json\/wp\/v2\/media\/1195510"}],"wp:attachment":[{"href":"https:\/\/www.europesays.com\/de\/wp-json\/wp\/v2\/media?parent=1195509"}],"wp:term":[{"taxonomy":"category","embeddable":true,"href":"https:\/\/www.europesays.com\/de\/wp-json\/wp\/v2\/categories?post=1195509"},{"taxonomy":"post_tag","embeddable":true,"href":"https:\/\/www.europesays.com\/de\/wp-json\/wp\/v2\/tags?post=1195509"}],"curies":[{"name":"wp","href":"https:\/\/api.w.org\/{rel}","templated":true}]}}