{"id":1195593,"date":"2026-07-27T03:59:49","date_gmt":"2026-07-27T03:59:49","guid":{"rendered":"https:\/\/www.europesays.com\/de\/1195593\/"},"modified":"2026-07-27T03:59:49","modified_gmt":"2026-07-27T03:59:49","slug":"die-finals-in-hannover-mit-leichtigkeit-in-den-sommer-sport","status":"publish","type":"post","link":"https:\/\/www.europesays.com\/de\/1195593\/","title":{"rendered":"Die Finals in Hannover: Mit Leichtigkeit in den Sommer &#8211; Sport"},"content":{"rendered":"<p data-manual=\"paragraph\" data-schema-org-speakable=\"true\" class=\"css-1eosz7k\">Nach zwei brillanten Wettk\u00e4mpfen blickte Helen Kevric noch einmal zur\u00fcck auf die dunklen Tage, an denen sie beinahe den Glauben an eine erfolgreiche R\u00fcckkehr verloren h\u00e4tte. \u201eNur wenige Menschen k\u00f6nnen verstehen, wie schwierig solch eine Situation ist\u201c, sagte sie. F\u00fcr einen Moment schien es, als durchlebe die junge Turnerin noch einmal die bitteren Stunden nach ihrer schweren Knieverletzung, die bangen Tage, an denen nichts voranging, an denen sie m\u00fchsam wieder laufen lernen musste.<\/p>\n<p>Bei den Finals, dem gro\u00dfen nationalen Sportfestival in Hannover, gewann sie die Leichtigkeit wieder: Zuerst sicherte sie sich mit einer Weltklasse\u00fcbung den deutschen Meistertitel am Stufenbarren, dann siegte sie auch am Schwebebalken. \u201eIch bin sehr gl\u00fccklich, wenn auch nicht zufrieden mit meiner Leistung\u201c, sagte die erst 18 Jahre alte Stuttgarter Turnerin anschlie\u00dfend am Fernsehmikrofon der ARD: \u201eIch wei\u00df, dass ich es besser kann.\u201c<\/p>\n<p>Schon 2024 bei den Olympischen Spielen in Paris \u00fcberraschte sie\u00a0als Deutschlands Beste an den Ger\u00e4ten mit den Pl\u00e4tzen acht im Mehrkampf und sechs am Stufenbarren. Ein Jahr sp\u00e4ter bei der EM 2025 in Leipzig war sie als strahlende Vorturnerin der jungen deutschen Mannschaft vorgesehen und gewann tats\u00e4chlich die Silbermedaille mit dem Team. Dann der Schock: Bei der Landung beim Sprung verletzte sie sich, im Krankenhaus wurde ein gerissener Streckapparat des Kniegelenkes diagnostiziert.<\/p>\n<p data-manual=\"paragraph\" data-schema-org-speakable=\"true\" class=\"css-1eosz7k\">Es folgte eine Leidenszeit, die sie an ihre Grenzen brachte. In Hannover hat Helen Kevric nun andeuten k\u00f6nnen, was m\u00f6glich ist. \u201eMein Ziel ist es, wieder zur alten Form zur\u00fcckzukommen\u201c, hatte sie vor der Meisterschaft im Podcast \u201eVon Staub zu Gold\u201c des Deutschen Turner-Bundes gesagt.<\/p>\n<p data-manual=\"paragraph\" data-schema-org-speakable=\"true\" class=\"css-1eosz7k\">Auch ihre Kollegin Pauline Sch\u00e4fer-Betz, 29, aus Chemnitz hat die nationale Meisterschaft im Rahmen der Finals in Hannover zu einem gl\u00e4nzenden Comeback nutzen k\u00f6nnen. Die Schwebebalken-Weltmeisterin von 2017 hatte wegen diverser Verletzungen eine komplette Wettkampfsaison verpasst. Am Wochenende wurde sie am Balken, ihrem Paradeger\u00e4t, punktgleich mit Helen Kevric Zweite. Im Mehrkampf, den die 18 Jahre alte Silja St\u00f6hr gewann, kam sie auf Platz drei, Europameisterin Karina Sch\u00f6nmaier war am Sprung und am Boden jeweils die Beste. Sch\u00e4fer-Betz lieb\u00e4ugelt inzwischen sogar wieder mit ihrer vierten Olympiateilnahme 2028 in Los Angeles: \u201eMein Plan f\u00fchrt genau in diese Richtung\u201c, sagte sie. Zuvor stehen aber erst mal die EM in Zagreb (13. bis 16. August) sowie vom 17. bis 25. Oktober die WM in Rotterdam an.<\/p>\n<p data-manual=\"paragraph\" data-schema-org-speakable=\"true\" class=\"css-1eosz7k\">Tats\u00e4chlich diente das \u201eFinals\u201c genannte Festival vielen deutschen Spitzenathleten zu einer Standortbestimmung. In 24 Sportarten wurden 143 deutsche Meistertitel vergeben. Den Titel im Mehrkampf der Rhythmischen Sportgymnastik sicherte sich, kaum \u00fcberraschend, die Olympiasiegerin Darja Varfolomeev, die im August Favoritin der WM in Frankfurt ist. Und bei den Schwimmern gewann Olympiasieger Lukas M\u00e4rtens die deutsche Lagenmeisterschaft \u00fcber 100 und 200 Meter Freistil. F\u00fcr M\u00e4rtens geht es weiter nach Paris, wo er vom 31. Juli an bei den Europameisterschaften als Weltrekordler und Favorit am Startblock steht. Allerdings geht er nicht \u00fcber alle Distanzen ins Wasser. \u201eIch w\u00fcrde am liebsten alles schwimmen\u201c, sagte er in Hannover, geplant ist aber offenbar, dass er sich auf die 400 und 200 Meter Freistil konzentriert.<\/p>\n","protected":false},"excerpt":{"rendered":"Nach zwei brillanten Wettk\u00e4mpfen blickte Helen Kevric noch einmal zur\u00fcck auf die dunklen Tage, an denen sie beinahe&hellip;\n","protected":false},"author":2,"featured_media":1195594,"comment_status":"","ping_status":"","sticky":false,"template":"","format":"standard","meta":{"footnotes":"","_share_on_mastodon":"0"},"categories":[1836],"tags":[3364,29,30,46,148,1411,656,265,149,27381],"class_list":["post-1195593","post","type-post","status-publish","format-standard","has-post-thumbnail","category-hannover","tag-de","tag-deutschland","tag-germany","tag-hannover","tag-leserdiskussion","tag-niedersachsen","tag-olympia","tag-sport","tag-sueddeutsche-zeitung","tag-turnen"],"share_on_mastodon":{"url":"https:\/\/pubeurope.com\/@de\/116989947209007035","error":""},"_links":{"self":[{"href":"https:\/\/www.europesays.com\/de\/wp-json\/wp\/v2\/posts\/1195593","targetHints":{"allow":["GET"]}}],"collection":[{"href":"https:\/\/www.europesays.com\/de\/wp-json\/wp\/v2\/posts"}],"about":[{"href":"https:\/\/www.europesays.com\/de\/wp-json\/wp\/v2\/types\/post"}],"author":[{"embeddable":true,"href":"https:\/\/www.europesays.com\/de\/wp-json\/wp\/v2\/users\/2"}],"replies":[{"embeddable":true,"href":"https:\/\/www.europesays.com\/de\/wp-json\/wp\/v2\/comments?post=1195593"}],"version-history":[{"count":0,"href":"https:\/\/www.europesays.com\/de\/wp-json\/wp\/v2\/posts\/1195593\/revisions"}],"wp:featuredmedia":[{"embeddable":true,"href":"https:\/\/www.europesays.com\/de\/wp-json\/wp\/v2\/media\/1195594"}],"wp:attachment":[{"href":"https:\/\/www.europesays.com\/de\/wp-json\/wp\/v2\/media?parent=1195593"}],"wp:term":[{"taxonomy":"category","embeddable":true,"href":"https:\/\/www.europesays.com\/de\/wp-json\/wp\/v2\/categories?post=1195593"},{"taxonomy":"post_tag","embeddable":true,"href":"https:\/\/www.europesays.com\/de\/wp-json\/wp\/v2\/tags?post=1195593"}],"curies":[{"name":"wp","href":"https:\/\/api.w.org\/{rel}","templated":true}]}}