{"id":1195612,"date":"2026-07-27T04:11:41","date_gmt":"2026-07-27T04:11:41","guid":{"rendered":"https:\/\/www.europesays.com\/de\/1195612\/"},"modified":"2026-07-27T04:11:41","modified_gmt":"2026-07-27T04:11:41","slug":"rb-leipzig-klopft-bei-fca-wegen-dahmen-an","status":"publish","type":"post","link":"https:\/\/www.europesays.com\/de\/1195612\/","title":{"rendered":"RB Leipzig klopft bei FCA wegen Dahmen an"},"content":{"rendered":"<p>Bei RB Leipzig laufen die Planungen f\u00fcr die kommende Saison auf Hochtouren. Unabh\u00e4ngig von m\u00f6glichen Abg\u00e4ngen auf der Torh\u00fcterposition \u2013 allen voran der langj\u00e4hrige Stammtorh\u00fcter Peter Gul\u00e1csi gilt als Wechselkandidat \u2013 strecken die Sachsen bereits ihre F\u00fchler nach potenziellen Verst\u00e4rkungen aus.<\/p>\n<p>Laut kicker-Informationen ist dabei Finn Dahmen, die Nummer eins des FC Augsburg, in den Fokus von RB Leipzig geraten. Demnach haben sich die Sachsen bereits nach den Rahmenbedingungen f\u00fcr den 28-j\u00e4hrigen Schlussmann erkundigt.<\/p>\n<p>In Augsburg muss man sich allerdings vorerst keine allzu gro\u00dfen Sorgen um einen pl\u00f6tzlichen Abgang machen. Dahmen sieht seine sportliche Zukunft weiterhin beim FCA und hegt derzeit keine Wechselabsichten. Ob das Leipziger Interesse bei einer Zuspitzung der Personalie Gul\u00e1csi noch einmal an Dynamik gewinnt, bleibt abzuwarten.<\/p>\n<p><\/p>\n<p>LIGAINSIDER-DURCHSCHNITTSNOTE in den letzten VIER Jahren<\/p>\n","protected":false},"excerpt":{"rendered":"Bei RB Leipzig laufen die Planungen f\u00fcr die kommende Saison auf Hochtouren. Unabh\u00e4ngig von m\u00f6glichen Abg\u00e4ngen auf der&hellip;\n","protected":false},"author":2,"featured_media":1195613,"comment_status":"","ping_status":"","sticky":false,"template":"","format":"standard","meta":{"footnotes":"","_share_on_mastodon":"0"},"categories":[1832],"tags":[4808,135737,2217,3364,29,483,17196,347,30,71,15,5422,859,265,924,11003,1288,2627,5421],"class_list":["post-1195612","post","type-post","status-publish","format-standard","has-post-thumbnail","category-leipzig","tag-1-bundesliga","tag-2026-27","tag-bilanz","tag-de","tag-deutschland","tag-fc-augsburg","tag-finn-dahmen","tag-fussball","tag-germany","tag-leipzig","tag-news","tag-quote","tag-sachsen","tag-sport","tag-statistik","tag-torhueter","tag-transfers","tag-verletzungen","tag-wechsel"],"share_on_mastodon":{"url":"https:\/\/pubeurope.com\/@de\/116989990377986415","error":""},"_links":{"self":[{"href":"https:\/\/www.europesays.com\/de\/wp-json\/wp\/v2\/posts\/1195612","targetHints":{"allow":["GET"]}}],"collection":[{"href":"https:\/\/www.europesays.com\/de\/wp-json\/wp\/v2\/posts"}],"about":[{"href":"https:\/\/www.europesays.com\/de\/wp-json\/wp\/v2\/types\/post"}],"author":[{"embeddable":true,"href":"https:\/\/www.europesays.com\/de\/wp-json\/wp\/v2\/users\/2"}],"replies":[{"embeddable":true,"href":"https:\/\/www.europesays.com\/de\/wp-json\/wp\/v2\/comments?post=1195612"}],"version-history":[{"count":0,"href":"https:\/\/www.europesays.com\/de\/wp-json\/wp\/v2\/posts\/1195612\/revisions"}],"wp:featuredmedia":[{"embeddable":true,"href":"https:\/\/www.europesays.com\/de\/wp-json\/wp\/v2\/media\/1195613"}],"wp:attachment":[{"href":"https:\/\/www.europesays.com\/de\/wp-json\/wp\/v2\/media?parent=1195612"}],"wp:term":[{"taxonomy":"category","embeddable":true,"href":"https:\/\/www.europesays.com\/de\/wp-json\/wp\/v2\/categories?post=1195612"},{"taxonomy":"post_tag","embeddable":true,"href":"https:\/\/www.europesays.com\/de\/wp-json\/wp\/v2\/tags?post=1195612"}],"curies":[{"name":"wp","href":"https:\/\/api.w.org\/{rel}","templated":true}]}}