{"id":1195787,"date":"2026-07-27T06:04:18","date_gmt":"2026-07-27T06:04:18","guid":{"rendered":"https:\/\/www.europesays.com\/de\/1195787\/"},"modified":"2026-07-27T06:04:18","modified_gmt":"2026-07-27T06:04:18","slug":"csd-anschlag-fast-2-000-gewaltorientierte-islamisten-in-berlin","status":"publish","type":"post","link":"https:\/\/www.europesays.com\/de\/1195787\/","title":{"rendered":"CSD-Anschlag: Fast 2.000 gewaltorientierte Islamisten in Berlin"},"content":{"rendered":"<p>Anschlag auf den CSD <\/p>\n<p>Fast 2.000 gewaltorientierte Islamisten in Berlin<\/p>\n<p>27.07.2026 &#8211; 07:47 UhrLesedauer: 2 Min.<\/p>\n<p><a href=\"#focus-0\" class=\"transition-colors block text-current relative\" data-sctrack=\"FocusGalleryImage.Reference\"><img fetchpriority=\"high\" data-testid=\"Opener.Image\"   loading=\"eager\" src=\"https:\/\/www.europesays.com\/de\/wp-content\/uploads\/2026\/07\/eine-regenbogenflagge-blumen-und-kerzen-stehen-vor-einem-baum-nahe-dem-bereich-wo-ein-fahrzeug-einen.jpeg\" alt=\"urn:newsml:dpa.com:20090101:260726-935-1504300\" title=\"urn:newsml:dpa.com:20090101:260726-935-1504300\" width=\"800\" height=\"450\" class=\"bg-[url:var(--lqipURL)] bg-cover bg-center flex h-full w-full max-w-full\" style=\"--lqipURL:url('https:\/\/images.t-online.de\/2026\/07\/X9FKhGFqQNDE\/0x75:800x450\/fit-in\/150x0\/filters:blur(25)\/eine-regenbogenflagge-blumen-und-kerzen-stehen-vor-einem-baum-nahe-dem-bereich-wo-ein-fahrzeug-einen-baum-gerammt-hatte-am-rande-des-christopher-street-day-in-berlin-war-das-fahrzeug-in-eine-menschenmenge-gefahren.jpg')\" decoding=\"async\"\/><img loading=\"lazy\" src=\"https:\/\/www.t-online.de\/s\/paper\/_next\/static\/media\/zoom-in.f7dae02f.svg\" alt=\"Vergr\u00f6\u00dfern des Bildes\" title=\"Vergr\u00f6\u00dfern des Bildes\" class=\"block h-[calc(var(--height)_\/_16_*_1rem)] w-[calc(var(--width)_\/_16_*_1rem)] max-w-none absolute right-8 bottom-8 rounded-4 bg-snow p-8\" style=\"--width:32;--height:32\" decoding=\"async\"\/><\/a><\/p>\n<p>Eine Regenbogenflagge, Blumen und Kerzen stehen vor einem Baum nahe dem Bereich, wo ein Fahrzeug einen Baum gerammt hatte. Am Rande des Christopher Street Day in Berlin war das Fahrzeug in eine Menschenmenge gefahren. (Quelle: Sebastian Gollnow\/dpa)<\/p>\n<p><img loading=\"lazy\" src=\"https:\/\/www.t-online.de\/s\/paper\/_next\/static\/media\/audio-volume.6689034c.svg\" alt=\"\" title=\"\" class=\"block h-[calc(var(--height)_\/_16_*_1rem)] w-[calc(var(--width)_\/_16_*_1rem)] max-w-none group-hover:brightness-0 group-hover:invert\" style=\"--width:16;--height:16\" decoding=\"async\"\/>Vorlesen<\/p>\n<p>Aktuelle Zeit:0:00Gesamtdauer:0:00<\/p>\n<p>1x<\/p>\n<p class=\"text-center\">Jetzt neu bei t-online:<\/p>\n<p class=\"text-center\">Schriftgr\u00f6\u00dfe anpassen!<\/p>\n<p><img loading=\"lazy\" src=\"https:\/\/www.t-online.de\/s\/paper\/_next\/static\/media\/font-sizes.32942e33.svg\" alt=\"\" title=\"\" class=\"block h-[calc(var(--height)_\/_16_*_1rem)] w-[calc(var(--width)_\/_16_*_1rem)] max-w-none group-hover:hidden group-aria-expanded:hidden\" style=\"--width:16;--height:16\" decoding=\"async\"\/><img loading=\"lazy\" src=\"https:\/\/www.t-online.de\/s\/paper\/_next\/static\/media\/font-sizes-dark-mode.e382645c.svg\" alt=\"\" title=\"\" class=\"block h-[calc(var(--height)_\/_16_*_1rem)] w-[calc(var(--width)_\/_16_*_1rem)] max-w-none hidden group-hover:block group-aria-expanded:block\" style=\"--width:16;--height:16\" decoding=\"async\"\/><img loading=\"lazy\" src=\"https:\/\/www.t-online.de\/s\/paper\/_next\/static\/media\/sharing-menu-icon.1eb71368.svg\" alt=\"\" title=\"\" class=\"block h-[calc(var(--height)_\/_16_*_1rem)] w-[calc(var(--width)_\/_16_*_1rem)] max-w-none group-hover:brightness-0 group-hover:invert\" style=\"--width:16;--height:16\" decoding=\"async\"\/>Artikel teilen<\/p>\n<p class=\"font-bold text-18 leading-17 user-text-lg:text-22 user-text-xl:text-24\">Ein mutma\u00dflicher Islamist soll hinter dem Anschlag auf den Berliner CSD stecken. Dabei gibt es wohl zahlreiche Gleichgesinnte in der Hauptstadt.<\/p>\n<p class=\"text-18 leading-17 user-text-lg:text-22 user-text-xl:text-24\">In <a href=\"https:\/\/berlin.t-online.de\/region\/berlin\/\" class=\"transition-colors cursor-pointer no-underline md:hover:text-magenta md:focus:text-magenta border-b border-solid border-current text-salemsfur md:hover:border-magenta\" data-tracking=\"{&quot;action&quot;:&quot;click&quot;,&quot;category&quot;:&quot;intextLink&quot;,&quot;label&quot;:&quot;https:\/\/berlin.t-online.de\/region\/berlin\/&quot;}\" data-sctrack=\"BodyAnchor\" rel=\"nofollow noopener\" target=\"_blank\">Berlin<\/a> gibt es offenbar fast 2.000 gewaltorientierte Islamisten. Die islamistische Szenen in der Hauptstadt sei relativ gro\u00df, erkl\u00e4rte der Extremismusexperte Hans-Jakob Schindler dem &#8222;Tagesspiegel&#8220;.<\/p>\n<p class=\"text-18 leading-17 user-text-lg:text-22 user-text-xl:text-24\">Demnach gebe es in Berlin 1.940 zumindest gewaltbereite Islamisten. Der islamistischen Szenen insgesamt werden in der Bundeshauptstadt 2.590 Menschen zugerechnet. In ganz Deutschland weist der Verfassungsschutzbericht f\u00fcr 2025 mehr als 9.000 zumindest gewaltorientierte Islamisten aus.<\/p>\n<ul class=\"text-18 leading-17 block pl-24 *:pb-16 *:before:inline-block *:before:size-8 *:before:bg-magenta *:before:mt-0 *:before:mr-12 *:before:mb-2 *:before:-ml-[20px]\">\n<li><strong class=\"font-bold\">Newsblog zum CSD-Attentat:<\/strong> <a href=\"https:\/\/www.t-online.de\/nachrichten\/panorama\/kriminalitaet\/id_101360130\/berlin-csd-anschlag-abdul-b-neue-erkenntnisse-ueber-zeit-im-libanon.html\" class=\"transition-colors cursor-pointer no-underline md:hover:text-magenta md:focus:text-magenta border-b border-solid border-current text-salemsfur md:hover:border-magenta\" data-tracking=\"{&quot;action&quot;:&quot;click&quot;,&quot;category&quot;:&quot;intextLink&quot;,&quot;label&quot;:&quot;\/nachrichten\/panorama\/kriminalitaet\/id_101360130\/berlin-csd-anschlag-abdul-b-neue-erkenntnisse-ueber-zeit-im-libanon.html&quot;}\" data-sctrack=\"BodyAnchor\" rel=\"nofollow noopener\" target=\"_blank\">Die Entwicklungen im \u00dcberblick<\/a><\/li>\n<li><strong class=\"font-bold\">Nach Anschlag auf den CSD:<\/strong> <a href=\"https:\/\/www.t-online.de\/nachrichten\/deutschland\/id_101360910\/csd-anschlag-polizei-erschiesst-mutmasslichen-taeter-in-berlin-spandau.html\" class=\"transition-colors cursor-pointer no-underline md:hover:text-magenta md:focus:text-magenta border-b border-solid border-current text-salemsfur md:hover:border-magenta\" data-tracking=\"{&quot;action&quot;:&quot;click&quot;,&quot;category&quot;:&quot;intextLink&quot;,&quot;label&quot;:&quot;\/nachrichten\/deutschland\/id_101360910\/csd-anschlag-polizei-erschiesst-mutmasslichen-taeter-in-berlin-spandau.html&quot;}\" data-sctrack=\"BodyAnchor\" rel=\"nofollow noopener\" target=\"_blank\">Polizeieinsatz \u2013 mutma\u00dflicher ist Attent\u00e4ter tot<\/a><\/li>\n<\/ul>\n<p class=\"text-18 leading-17 user-text-lg:text-22 user-text-xl:text-24\">Schindler betont: &#8222;Wir reden hier \u00fcber ein erhebliches Personenpotential.&#8220; Eine l\u00fcckenlose \u00dcberwachung sei f\u00fcr die Polizei nicht machbar \u2013 auch bei Beschr\u00e4nkung auf die als besonders gef\u00e4hrlich geltenden Gef\u00e4hrder. Zudem betonte er: &#8222;Die Beh\u00f6rden k\u00f6nnen niemanden in Haft nehmen, der noch keine Straftat begangen hat. Das ist in einem Rechtsstaat ja auch richtig so.&#8220;<\/p>\n<p class=\"text-18 leading-17 user-text-lg:text-22 user-text-xl:text-24\">Auch Schutzma\u00dfnahmen f\u00fcr \u00f6ffentliche R\u00e4ume seien begrenzt. In Bezug auf den Anschlag auf den Berliner <a href=\"https:\/\/www.t-online.de\/themen\/christopher-street-day\/\" class=\"transition-colors cursor-pointer no-underline md:hover:text-magenta md:focus:text-magenta border-b border-solid border-current text-salemsfur md:hover:border-magenta\" data-tracking=\"{&quot;action&quot;:&quot;click&quot;,&quot;category&quot;:&quot;intextLink&quot;,&quot;label&quot;:&quot;\/themen\/christopher-street-day\/&quot;}\" data-sctrack=\"BodyAnchor\" rel=\"nofollow noopener\" target=\"_blank\">Christopher Street Day<\/a> betonte er: &#8222;Es kann nicht die ganze Stadt abgepollert und heruntergefahren werden, wenn eine Veranstaltung stattfindet.&#8220; Die Parade sei gut gesichert gewesen; der T\u00e4ter habe seine Opfer &#8222;unmittelbar hinter der Absperrung&#8220; getroffen.<\/p>\n<p class=\"text-18 leading-17 user-text-lg:text-22 user-text-xl:text-24\">Am Samstagabend war ein Auto im Tiergarten in eine Menschenmenge gefahren. Eine Frau starb, 29 Menschen wurden teils lebensgef\u00e4hrlich verletzt. Als Tatverd\u00e4chtiger gilt der Berliner Abdoul B., der offenbar bereits versucht hatte, sich der Terrororganisation IS anzuschlie\u00dfen. Die Ermittler gehen daher von einem islamistischen Terroranschlag aus. B. wurde am Tag nach der Tat bei einem Polizeieinsatz in Berlin-Spandau erschossen.<\/p>\n","protected":false},"excerpt":{"rendered":"Anschlag auf den CSD Fast 2.000 gewaltorientierte Islamisten in Berlin 27.07.2026 &#8211; 07:47 UhrLesedauer: 2 Min. Eine Regenbogenflagge,&hellip;\n","protected":false},"author":2,"featured_media":1195788,"comment_status":"","ping_status":"","sticky":false,"template":"","format":"standard","meta":{"footnotes":"","_share_on_mastodon":"0"},"categories":[1825],"tags":[44399,326,13774,296,30485,29,514,30,33260,215321,45606],"class_list":["post-1195787","post","type-post","status-publish","format-standard","has-post-thumbnail","category-berlin","tag-regenbogenflagge","tag-326","tag-anschlag","tag-berlin","tag-christopher-street-day","tag-deutschland","tag-fahrzeug","tag-germany","tag-islamisten","tag-leipzig-menschenmenge","tag-schindler"],"share_on_mastodon":{"url":"https:\/\/pubeurope.com\/@de\/116990436811543900","error":""},"_links":{"self":[{"href":"https:\/\/www.europesays.com\/de\/wp-json\/wp\/v2\/posts\/1195787","targetHints":{"allow":["GET"]}}],"collection":[{"href":"https:\/\/www.europesays.com\/de\/wp-json\/wp\/v2\/posts"}],"about":[{"href":"https:\/\/www.europesays.com\/de\/wp-json\/wp\/v2\/types\/post"}],"author":[{"embeddable":true,"href":"https:\/\/www.europesays.com\/de\/wp-json\/wp\/v2\/users\/2"}],"replies":[{"embeddable":true,"href":"https:\/\/www.europesays.com\/de\/wp-json\/wp\/v2\/comments?post=1195787"}],"version-history":[{"count":0,"href":"https:\/\/www.europesays.com\/de\/wp-json\/wp\/v2\/posts\/1195787\/revisions"}],"wp:featuredmedia":[{"embeddable":true,"href":"https:\/\/www.europesays.com\/de\/wp-json\/wp\/v2\/media\/1195788"}],"wp:attachment":[{"href":"https:\/\/www.europesays.com\/de\/wp-json\/wp\/v2\/media?parent=1195787"}],"wp:term":[{"taxonomy":"category","embeddable":true,"href":"https:\/\/www.europesays.com\/de\/wp-json\/wp\/v2\/categories?post=1195787"},{"taxonomy":"post_tag","embeddable":true,"href":"https:\/\/www.europesays.com\/de\/wp-json\/wp\/v2\/tags?post=1195787"}],"curies":[{"name":"wp","href":"https:\/\/api.w.org\/{rel}","templated":true}]}}