{"id":1195940,"date":"2026-07-27T07:44:23","date_gmt":"2026-07-27T07:44:23","guid":{"rendered":"https:\/\/www.europesays.com\/de\/1195940\/"},"modified":"2026-07-27T07:44:23","modified_gmt":"2026-07-27T07:44:23","slug":"influencerin-kayla-shyx-bricht-sich-fuss-im-baellebad-unterhaltung","status":"publish","type":"post","link":"https:\/\/www.europesays.com\/de\/1195940\/","title":{"rendered":"Influencerin Kayla Shyx bricht sich Fu\u00df im B\u00e4llebad | Unterhaltung"},"content":{"rendered":"<p><a class=\"skip-content skip-content--link\" href=\"#in-content-skip-link-target-v-0-0\">TTS-Player \u00fcberspringen\u21b5<\/a><a id=\"in-content-skip-link-target-v-0-0\" class=\"skip-content--target-link-hidden skip-content skip-content--target-link\" href=\"#in-content-skip-link-target-v-0-0\">Artikel weiterlesen<\/a><\/p>\n<p data-32581ace=\"0-2215\">London (England) \u2013<b> Ein gebrochener Fu\u00df nach einem Sturz vom Fahrrad? Passiert. Nach einem Skiunfall? Auch. Sich den Fu\u00df in einem B\u00e4llebad zu brechen, schaffen dagegen wohl die wenigsten. Genau das ist YouTuberin Kayla Shyx bei einem Werbedreh passiert. Ein Sprung in die bunten Plastikb\u00e4lle endete f\u00fcr die Influencerin im Krankenhaus \u2013 und mit einer Schiene am Fu\u00df.<\/b><\/p>\n<p data-32581ace=\"0-2215\">Bekannt wurde Kayla Shyx einst durch die KiKA-Sendung \u201eM\u00e4dchen-WG\u201c. Danach machte sie als <a href=\"https:\/\/www.bild.de\/digital\/internet\/youtube\/thema-youtube-alle-infos-80125716.bild.html\" class=\"text-link\" rel=\"nofollow noopener\" target=\"_blank\">YouTuberin<\/a> und auf <a href=\"https:\/\/www.bild.de\/themen\/organisationen\/instagram\/digital-news-fotos-videos-35595990.bild.html\" class=\"text-link\" rel=\"nofollow noopener\" target=\"_blank\">Instagram<\/a> Karriere. Inzwischen steht die Berlinerin auch als Musikerin auf der B\u00fchne. Jetzt berichtet sie von einer Bruchlandung bei einem Termin in London.<\/p>\n<p><img decoding=\"async\" width=\"992\" height=\"1657\" alt=\"Was wie ein harmloser Sprung aussieht, wird f\u00fcr Kayla Shyx zum Schmerz-Moment\" loading=\"lazy\" src=\"https:\/\/www.europesays.com\/de\/wp-content\/uploads\/2026\/07\/ea87eeea699b648b5ae3d8e86247b073,4a62a171.jpeg\"   class=\"dynamic\"\/><\/p>\n<p class=\"fig__caption__text\">Was wie ein harmloser Sprung aussieht, wird f\u00fcr Kayla Shyx zum Schmerz-Moment<\/p>\n<p>Foto: kayla_shyx\/Instagram<\/p>\n<p>Kayla wusste sofort: Hier stimmt etwas nicht<\/p>\n<p data-32581ace=\"0-2215\">\u201eIch bin ins B\u00e4llebad gesprungen und bin dann im <a href=\"https:\/\/www.bild.de\/themen\/organisationen\/krankenhaus\/krankenhaus-nachrichten-news-fotos-videos-42750176.bild.html\" class=\"text-link\" rel=\"nofollow noopener\" target=\"_blank\">Krankenhaus<\/a> gelandet. Ich wei\u00df nicht, wie mir sowas immer passieren kann\u201c, erz\u00e4hlt Kayla in einem Instagram-Video. Darin zeigt sie auch den Moment des Unfalls.<\/p>\n<p><img decoding=\"async\" width=\"992\" height=\"558\" alt=\"Nach dem Aufprall klagt Kayla sofort \u00fcber starke Schmerzen im Fu\u00df\" loading=\"lazy\" src=\"https:\/\/www.europesays.com\/de\/wp-content\/uploads\/2026\/07\/4b121073dc3d41e4d7f650a38269069a,ffd8b22d.jpeg\"   class=\"landscape\"\/><\/p>\n<p class=\"fig__caption__text\">Nach dem Aufprall klagt Kayla sofort \u00fcber starke Schmerzen im Fu\u00df<\/p>\n<p>Foto: kayla_shyx\/Instagram<\/p>\n<p data-32581ace=\"0-2215\">Als sie landet, ruft sie: \u201eOh mein Gott, das ist gar nicht tief.\u201c Kayla ahnt schnell: Das ist mehr als eine Verstauchung. \u201eIn Extremsituationen sieht man mir nie an, wie viel Panik oder Schmerz ich habe, aber ich wusste direkt, ich muss ins Krankenhaus. Ich wusste direkt, dass es schlimm ist.\u201c<\/p>\n<p><img decoding=\"async\" width=\"992\" height=\"1644\" alt=\"Zwischen den rosa Plastikb\u00e4llen wird Kayla Shyx schnell klar, dass etwas nicht stimmt\" loading=\"lazy\" src=\"https:\/\/www.europesays.com\/de\/wp-content\/uploads\/2026\/07\/183f46a3381652bf6e3ba6a929790d3e,68f69258.jpeg\"   class=\"dynamic\"\/><\/p>\n<p class=\"fig__caption__text\">Zwischen den rosa Plastikb\u00e4llen wird Kayla Shyx schnell klar, dass etwas nicht stimmt<\/p>\n<p>Foto: kayla_shyx\/Instagram<\/p>\n<p>Acht Stunden Krankenhaus<\/p>\n<p data-32581ace=\"0-2215\">Besonders frustriert habe Kayla, dass andere ihre <a href=\"https:\/\/www.bild.de\/themen\/specials\/schmerzen\/ratgeber-news-fotos-videos-23048306.bild.html\" class=\"text-link\" rel=\"nofollow noopener\" target=\"_blank\">Schmerzen<\/a> zun\u00e4chst untersch\u00e4tzten. \u201eDas Schlimmste daran, wenn man so ruhig bleibt wie ich bei allem: dass einem die Leute nicht glauben, wie schlimm es ist.\u201c Ein Sanit\u00e4ter vor Ort habe sogar gesagt: \u201eIst sicher nicht gebrochen.\u201c Sie brauche nicht in die Notaufnahme.<\/p>\n<p><img decoding=\"async\" width=\"992\" height=\"1519\" alt=\"Kayla Shyx findet: Mit etwas Glitzer ist alles besser\" loading=\"lazy\" src=\"https:\/\/www.europesays.com\/de\/wp-content\/uploads\/2026\/07\/9172de0291b618475d23e59364dce032,2bcd1a62.jpeg\"   class=\"dynamic\"\/><\/p>\n<p class=\"fig__caption__text\">Kayla Shyx findet: Mit etwas Glitzer ist alles besser<\/p>\n<p>Foto: kayla_shyx\/Instagram<\/p>\n<p data-32581ace=\"0-2215\">Kayla fuhr trotzdem. \u201eIch sa\u00df acht Stunden im Krankenhaus. Barfu\u00df. Die haben mir keine Schlappen oder Socken gegeben.\u201c Beim ersten Scan habe ein Arzt den Verdacht auf einen Mittelfu\u00dfbruch ge\u00e4u\u00dfert. Stunden sp\u00e4ter schrieb sie: \u201eJetzt kann ich nur noch heulen, weil ich m\u00fcde bin und es so weh tut.\u201c<\/p>\n<p><img decoding=\"async\" width=\"992\" height=\"1178\" alt=\"Vom Krankenhaus auf die B\u00fchne: Kayla Shyx tritt trotz Verletzung vor ihren Fans auf\" loading=\"lazy\" src=\"https:\/\/www.europesays.com\/de\/wp-content\/uploads\/2026\/07\/3eac68f74592eb58b86c1b55a2effe5f,bc6cdc58.jpeg\"   class=\"portrait\"\/><\/p>\n<p class=\"fig__caption__text\">Vom Krankenhaus auf die B\u00fchne: Kayla Shyx tritt trotz Verletzung vor ihren Fans auf<\/p>\n<p>Foto: kayla_shyx\/Instagram<\/p>\n<p>Mit Glitzer-Orthese zur\u00fcck auf die B\u00fchne<\/p>\n<p data-32581ace=\"0-2215\">Besonders bitter: Es standen noch zwei Live-Shows an. Doch Kayla lie\u00df sich davon nicht stoppen. In ihrer Instagram-Story zeigte sie den Orthesen-Stiefel, den sie kurzerhand mit Glitzersteinen verzierte. Dazu schrieb sie: \u201eHab gestern meinen Schuh extra nur f\u00fcr euch verziert.\u201c Kurz darauf stand sie bereits wieder auf der B\u00fchne.<\/p>\n","protected":false},"excerpt":{"rendered":"TTS-Player \u00fcberspringen\u21b5Artikel weiterlesen London (England) \u2013 Ein gebrochener Fu\u00df nach einem Sturz vom Fahrrad? Passiert. Nach einem Skiunfall?&hellip;\n","protected":false},"author":2,"featured_media":1195941,"comment_status":"","ping_status":"","sticky":false,"template":"","format":"standard","meta":{"footnotes":"","_share_on_mastodon":"0"},"categories":[155],"tags":[29,214,30,153,152,1310,138370,1504,2624,215,1507],"class_list":["post-1195940","post","type-post","status-publish","format-standard","has-post-thumbnail","category-unterhaltung","tag-deutschland","tag-entertainment","tag-germany","tag-influencer","tag-instagram","tag-konzert","tag-team-first","tag-twitch","tag-unfaelle","tag-unterhaltung","tag-youtuber"],"share_on_mastodon":{"url":"https:\/\/pubeurope.com\/@de\/116990829793881269","error":""},"_links":{"self":[{"href":"https:\/\/www.europesays.com\/de\/wp-json\/wp\/v2\/posts\/1195940","targetHints":{"allow":["GET"]}}],"collection":[{"href":"https:\/\/www.europesays.com\/de\/wp-json\/wp\/v2\/posts"}],"about":[{"href":"https:\/\/www.europesays.com\/de\/wp-json\/wp\/v2\/types\/post"}],"author":[{"embeddable":true,"href":"https:\/\/www.europesays.com\/de\/wp-json\/wp\/v2\/users\/2"}],"replies":[{"embeddable":true,"href":"https:\/\/www.europesays.com\/de\/wp-json\/wp\/v2\/comments?post=1195940"}],"version-history":[{"count":0,"href":"https:\/\/www.europesays.com\/de\/wp-json\/wp\/v2\/posts\/1195940\/revisions"}],"wp:featuredmedia":[{"embeddable":true,"href":"https:\/\/www.europesays.com\/de\/wp-json\/wp\/v2\/media\/1195941"}],"wp:attachment":[{"href":"https:\/\/www.europesays.com\/de\/wp-json\/wp\/v2\/media?parent=1195940"}],"wp:term":[{"taxonomy":"category","embeddable":true,"href":"https:\/\/www.europesays.com\/de\/wp-json\/wp\/v2\/categories?post=1195940"},{"taxonomy":"post_tag","embeddable":true,"href":"https:\/\/www.europesays.com\/de\/wp-json\/wp\/v2\/tags?post=1195940"}],"curies":[{"name":"wp","href":"https:\/\/api.w.org\/{rel}","templated":true}]}}