{"id":1196127,"date":"2026-07-27T09:40:17","date_gmt":"2026-07-27T09:40:17","guid":{"rendered":"https:\/\/www.europesays.com\/de\/1196127\/"},"modified":"2026-07-27T09:40:17","modified_gmt":"2026-07-27T09:40:17","slug":"der-broadway-zu-gast-im-kloster-sek-news-online-zeitung-fuer-den-schwalm-eder-kreis","status":"publish","type":"post","link":"https:\/\/www.europesays.com\/de\/1196127\/","title":{"rendered":"Der Broadway zu Gast im Kloster :: SEK-News \u2013 Online-Zeitung f\u00fcr den Schwalm-Eder-Kreis"},"content":{"rendered":"<p><strong>Altmorschen.<\/strong> F\u00fcr Oktober schonmal dick im Kalender eintragen! M&amp;M Events l\u00e4dt ein: \u201eTauchen Sie ein in die Welt der gro\u00dfen Musicals, tr\u00e4umen Sie unterm Sternenzelt des \u203aStarlight Express\u2039, lassen Sie sich zum \u203aTanz der Vampire\u2039 verf\u00fchren, sp\u00fcren Sie das Knistern zwischen \u203aElisabeth\u2039 und ihrem Verf\u00fchrer dem Tod und f\u00fchlen Sie den Regen bei \u203aSinging in the rain\u2039 auf der Haut.\u201c<\/p>\n<p><a href=\"https:\/\/www.seknews.de\/wp-content\/uploads\/2026\/07\/Phantom-der-Oper-in-der-Haydau.jpg\" target=\"_blank\" rel=\"noopener nofollow\"><img fetchpriority=\"high\" decoding=\"async\" aria-describedby=\"caption-attachment-162706\" class=\"wp-image-162706 size-large\" src=\"https:\/\/www.europesays.com\/de\/wp-content\/uploads\/2026\/07\/Phantom-der-Oper-in-der-Haydau-625x625.jpg\" alt=\"Jessica Maletzky und Tillmann Winkler in \u00bbPhantom der Oper\u00ab Foto: N.\u200aN. | M&amp;M Events\" width=\"625\" height=\"625\"   \/><\/a><\/p>\n<p id=\"caption-attachment-162706\" class=\"wp-caption-text\">Jessica Maletzky und Tillmann Winkler in \u00bbPhantom der Oper\u00ab Foto: N.\u200aN. | M&amp;M Events<\/p>\n<p>M&amp;M Events macht die Orangerie des Klosters Haydau zum Kit Kat Klub aus \u00bbCabaret\u00ab und zur griechischen Insel f\u00fcr die Hits aus \u00bbMamma Mia\u00ab.<\/p>\n<p>Das Phantom der Oper, ABBA und Evita bitten zu Tisch<\/p>\n<p>Die G\u00e4ste der Musical-Dinner-Show von M&amp;M Events erwartet ein bunter 4 1\/2-st\u00fcndiger Abend mit den Highlights aus den ganz gro\u00dfen Musicalerfolgen, charmant moderiert mit dem ein oder anderen Blick hinter die Kulissen und kombiniert mit einem exquisiten 4-Gang-Men\u00fc.<\/p>\n<p>Die professionellen Darsteller, in wundersch\u00f6nen und aufw\u00e4ndigen Kost\u00fcmen, bespielen den ganzen Saal. Noch nie konnte das Publikum \u00bbCats\u00ab oder \u00bbTINA! Turner\u00ab so hautnah erleben.<\/p>\n<p>Der Abend besteht aus vier Showbl\u00f6cken mit Hits von \u00bbMy fair lady\u00ab bis \u00bbWe Will Rock You\u00ab und im Wechsel mit vier vorz\u00fcglichen kulinarischen G\u00e4ngen.<\/p>\n<p>Termin &amp; Tickets<\/p>\n<p>Musical-Dinner-Show, Orangerie Kloster Haydau, In der Haydau 2, 34326 Morschen<br \/>Freitag, den 24.10.2026, Einlass: 18:00 Uhr, Beginn: 19:00 Uhr<\/p>\n<p>Karten gibt es unter: 02324 \u2013 90 20 377 oder <a href=\"http:\/\/www.mm-events.info\" target=\"_blank\" rel=\"noopener nofollow\">http:\/\/www.mm-events.info<\/a><br \/>Preis: 109,90 Euro inkl. 4-Gang-Men\u00fc und Aperitif.<\/p>\n<p>Trudi Mittrup<br \/>M&amp;M Events<br \/>red<\/p>\n<p class=\"postmetadata\">\n\t\t\t    Erstellt: <a href=\"https:\/\/www.seknews.de\/2026\/07\/27\/\" title=\"Posts For 27.07.2026\" rel=\"nofollow noopener\" target=\"_blank\">27.07.2026<\/a> um 11:21 Uhr<br \/>\n\t\t\t\t\u2022 Rubrik: <a href=\"https:\/\/www.seknews.de\/rubrik\/kultur\/\" rel=\"category tag nofollow noopener\" target=\"_blank\">Kultur<\/a> <a href=\"https:\/\/www.seknews.de\/rubrik\/zukunft\/\" rel=\"category tag nofollow noopener\" target=\"_blank\">Termine<\/a> \u2022 <a href=\"https:\/\/www.seknews.de\/2026\/07\/27\/der-broadway-zu-gast-im-kloster\/print\/\" title=\"Beitrag drucken\" rel=\"nofollow noopener\" target=\"_blank\">Beitrag drucken<\/a><\/p>\n","protected":false},"excerpt":{"rendered":"Altmorschen. F\u00fcr Oktober schonmal dick im Kalender eintragen! M&amp;M Events l\u00e4dt ein: \u201eTauchen Sie ein in die Welt&hellip;\n","protected":false},"author":2,"featured_media":1196128,"comment_status":"","ping_status":"","sticky":false,"template":"","format":"standard","meta":{"footnotes":"","_share_on_mastodon":"0"},"categories":[1839],"tags":[6459,249581,7507,249582,3364,29,249583,249584,30,249585,1310,80,249586,1209,8862,249587],"class_list":["post-1196127","post","type-post","status-publish","format-standard","has-post-thumbnail","category-bochum","tag-abba","tag-altmorschen","tag-bochum","tag-das-phantom-der-oper","tag-de","tag-deutschland","tag-dinner-show","tag-evita","tag-germany","tag-kloster-haydau","tag-konzert","tag-kultur","tag-mm-events","tag-nordrhein-westfalen","tag-termine","tag-trudi-mittrup"],"share_on_mastodon":{"url":"https:\/\/pubeurope.com\/@de\/116991286177944418","error":""},"_links":{"self":[{"href":"https:\/\/www.europesays.com\/de\/wp-json\/wp\/v2\/posts\/1196127","targetHints":{"allow":["GET"]}}],"collection":[{"href":"https:\/\/www.europesays.com\/de\/wp-json\/wp\/v2\/posts"}],"about":[{"href":"https:\/\/www.europesays.com\/de\/wp-json\/wp\/v2\/types\/post"}],"author":[{"embeddable":true,"href":"https:\/\/www.europesays.com\/de\/wp-json\/wp\/v2\/users\/2"}],"replies":[{"embeddable":true,"href":"https:\/\/www.europesays.com\/de\/wp-json\/wp\/v2\/comments?post=1196127"}],"version-history":[{"count":0,"href":"https:\/\/www.europesays.com\/de\/wp-json\/wp\/v2\/posts\/1196127\/revisions"}],"wp:featuredmedia":[{"embeddable":true,"href":"https:\/\/www.europesays.com\/de\/wp-json\/wp\/v2\/media\/1196128"}],"wp:attachment":[{"href":"https:\/\/www.europesays.com\/de\/wp-json\/wp\/v2\/media?parent=1196127"}],"wp:term":[{"taxonomy":"category","embeddable":true,"href":"https:\/\/www.europesays.com\/de\/wp-json\/wp\/v2\/categories?post=1196127"},{"taxonomy":"post_tag","embeddable":true,"href":"https:\/\/www.europesays.com\/de\/wp-json\/wp\/v2\/tags?post=1196127"}],"curies":[{"name":"wp","href":"https:\/\/api.w.org\/{rel}","templated":true}]}}