{"id":1196133,"date":"2026-07-27T09:43:18","date_gmt":"2026-07-27T09:43:18","guid":{"rendered":"https:\/\/www.europesays.com\/de\/1196133\/"},"modified":"2026-07-27T09:43:18","modified_gmt":"2026-07-27T09:43:18","slug":"militaertechnologie-csu-fordert-nutzung-ukrainischer-technologie-fuer-die-bundeswehr","status":"publish","type":"post","link":"https:\/\/www.europesays.com\/de\/1196133\/","title":{"rendered":"Milit\u00e4rtechnologie: CSU fordert Nutzung ukrainischer Technologie f\u00fcr die Bundeswehr"},"content":{"rendered":"<p class=\"paragraph article__item\">Die <a class=\"rtr-entity\" href=\"https:\/\/www.zeit.de\/thema\/bundeswehr\" rel=\"nofollow noopener\" target=\"_blank\">Bundeswehr<\/a> soll im Gegenzug f\u00fcr die deutsche Unterst\u00fctzung der Ukraine von deren Milit\u00e4rtechnologie profitieren. Das schl\u00e4gt die  CSU-Landesgruppe im \u2060Bundestag in einem Papier vor. Darin hei\u00dft es: \u00bbAn diesen R\u00fcstungsinnovationen muss Deutschland teilhaben, um seine eigene Verteidigungs- und Abschreckungsf\u00e4higkeit zu st\u00e4rken.\u00ab Das Dokument soll \u200bam Dienstag bei der Klausurtagung im oberfr\u00e4nkischen Kloster Banz verabschiedet werden. Die \u200cTagung beginnt \u2060am Montagmittag.\n<\/p>\n<p class=\"paragraph article__item\">Die deutsche Unterst\u00fctzung \u200bder <a class=\"rtr-entity\" href=\"https:\/\/www.zeit.de\/politik\/ausland\/ukraine-krieg-news-liveblog\" rel=\"nofollow noopener\" target=\"_blank\">Ukraine<\/a> im Krieg gegen Russland solle fortgesetzt werden, hei\u00dft es weiter in dem CSU-Papier. Durch diese Hilfe war es der Ukraine bisher m\u00f6glich, schlagkr\u00e4ftige Milit\u00e4rtechnologie zu entwickeln, etwa in den Bereichen Marschflugk\u00f6rper, Kampfdrohnen und Drohnenabwehr. \u00bbWir fordern ein zwischenstaatliches Abkommen mit Kyjiw, in dem sich die ukrainische Seite verpflichtet, ihre technologischen F\u00e4higkeiten mit uns zu teilen, damit wir gemeinsam st\u00e4rker werden\u00ab, hei\u00dft \u2060es in der Beschlussvorlage.\n<\/p>\n<p class=\"paragraph article__item\">Dieser Artikel wird weiter aktualisiert.<\/p>\n","protected":false},"excerpt":{"rendered":"Die Bundeswehr soll im Gegenzug f\u00fcr die deutsche Unterst\u00fctzung der Ukraine von deren Milit\u00e4rtechnologie profitieren. Das schl\u00e4gt die&hellip;\n","protected":false},"author":2,"featured_media":1196134,"comment_status":"","ping_status":"","sticky":false,"template":"","format":"standard","meta":{"footnotes":"","_share_on_mastodon":"0"},"categories":[4012],"tags":[331,332,685,774,13,1435,229648,14,15,24564,16,212478,12,425,317],"class_list":["post-1196133","post","type-post","status-publish","format-standard","has-post-thumbnail","category-ukraine","tag-aktuelle-nachrichten","tag-aktuelle-news","tag-bundeswehr","tag-csu","tag-headlines","tag-krieg-in-der-ukraine","tag-militaertechnologie","tag-nachrichten","tag-news","tag-nutzung","tag-politik","tag-ruestungsinnovation","tag-schlagzeilen","tag-technologie","tag-ukraine"],"share_on_mastodon":{"url":"https:\/\/pubeurope.com\/@de\/116991295736512416","error":""},"_links":{"self":[{"href":"https:\/\/www.europesays.com\/de\/wp-json\/wp\/v2\/posts\/1196133","targetHints":{"allow":["GET"]}}],"collection":[{"href":"https:\/\/www.europesays.com\/de\/wp-json\/wp\/v2\/posts"}],"about":[{"href":"https:\/\/www.europesays.com\/de\/wp-json\/wp\/v2\/types\/post"}],"author":[{"embeddable":true,"href":"https:\/\/www.europesays.com\/de\/wp-json\/wp\/v2\/users\/2"}],"replies":[{"embeddable":true,"href":"https:\/\/www.europesays.com\/de\/wp-json\/wp\/v2\/comments?post=1196133"}],"version-history":[{"count":0,"href":"https:\/\/www.europesays.com\/de\/wp-json\/wp\/v2\/posts\/1196133\/revisions"}],"wp:featuredmedia":[{"embeddable":true,"href":"https:\/\/www.europesays.com\/de\/wp-json\/wp\/v2\/media\/1196134"}],"wp:attachment":[{"href":"https:\/\/www.europesays.com\/de\/wp-json\/wp\/v2\/media?parent=1196133"}],"wp:term":[{"taxonomy":"category","embeddable":true,"href":"https:\/\/www.europesays.com\/de\/wp-json\/wp\/v2\/categories?post=1196133"},{"taxonomy":"post_tag","embeddable":true,"href":"https:\/\/www.europesays.com\/de\/wp-json\/wp\/v2\/tags?post=1196133"}],"curies":[{"name":"wp","href":"https:\/\/api.w.org\/{rel}","templated":true}]}}