{"id":1196206,"date":"2026-07-27T10:31:35","date_gmt":"2026-07-27T10:31:35","guid":{"rendered":"https:\/\/www.europesays.com\/de\/1196206\/"},"modified":"2026-07-27T10:31:35","modified_gmt":"2026-07-27T10:31:35","slug":"relikt-vergangener-zeit-experte-zu-berlin-terror-dieser-fall-war-anders","status":"publish","type":"post","link":"https:\/\/www.europesays.com\/de\/1196206\/","title":{"rendered":"Relikt vergangener Zeit&#8220;: Experte zu Berlin-Terror: &#8222;Dieser Fall war anders"},"content":{"rendered":"<p>&#8222;Relikt vergangener Zeit&#8220;Experte zu Berlin-Terror: &#8222;Dieser Fall war anders&#8220;27.07.2026, 11:05 Uhr<\/p>\n<p class=\"Typography_text-m__XI0da Typography_weight-normal__pqUbH\">&#8222;Dieser Fall war ein Relikt aus der vergangenen Zeit&#8220;, beschreibt Sicherheitsexperte Peter Neumann den Radikalisierungs-Prozess des mutma\u00dflichen Attent\u00e4ters auf den Berliner CSD. Die Mehrheit der Attent\u00e4ter in Europa sei sehr jung, online-radikalisiert und improvisierend &#8211; das sei hier nicht der Fall gewesen.<\/p>\n","protected":false},"excerpt":{"rendered":"&#8222;Relikt vergangener Zeit&#8220;Experte zu Berlin-Terror: &#8222;Dieser Fall war anders&#8220;27.07.2026, 11:05 Uhr &#8222;Dieser Fall war ein Relikt aus der&hellip;\n","protected":false},"author":2,"featured_media":1196207,"comment_status":"","ping_status":"","sticky":false,"template":"","format":"standard","meta":{"footnotes":"","_share_on_mastodon":"0"},"categories":[1825],"tags":[296,29,1549,30,42571,927,2544],"class_list":["post-1196206","post","type-post","status-publish","format-standard","has-post-thumbnail","category-berlin","tag-berlin","tag-deutschland","tag-extremismus","tag-germany","tag-lgbtqia","tag-terroranschlaege","tag-terrorismus"],"share_on_mastodon":{"url":"https:\/\/pubeurope.com\/@de\/116991484765505995","error":""},"_links":{"self":[{"href":"https:\/\/www.europesays.com\/de\/wp-json\/wp\/v2\/posts\/1196206","targetHints":{"allow":["GET"]}}],"collection":[{"href":"https:\/\/www.europesays.com\/de\/wp-json\/wp\/v2\/posts"}],"about":[{"href":"https:\/\/www.europesays.com\/de\/wp-json\/wp\/v2\/types\/post"}],"author":[{"embeddable":true,"href":"https:\/\/www.europesays.com\/de\/wp-json\/wp\/v2\/users\/2"}],"replies":[{"embeddable":true,"href":"https:\/\/www.europesays.com\/de\/wp-json\/wp\/v2\/comments?post=1196206"}],"version-history":[{"count":0,"href":"https:\/\/www.europesays.com\/de\/wp-json\/wp\/v2\/posts\/1196206\/revisions"}],"wp:featuredmedia":[{"embeddable":true,"href":"https:\/\/www.europesays.com\/de\/wp-json\/wp\/v2\/media\/1196207"}],"wp:attachment":[{"href":"https:\/\/www.europesays.com\/de\/wp-json\/wp\/v2\/media?parent=1196206"}],"wp:term":[{"taxonomy":"category","embeddable":true,"href":"https:\/\/www.europesays.com\/de\/wp-json\/wp\/v2\/categories?post=1196206"},{"taxonomy":"post_tag","embeddable":true,"href":"https:\/\/www.europesays.com\/de\/wp-json\/wp\/v2\/tags?post=1196206"}],"curies":[{"name":"wp","href":"https:\/\/api.w.org\/{rel}","templated":true}]}}