{"id":1196230,"date":"2026-07-27T10:44:24","date_gmt":"2026-07-27T10:44:24","guid":{"rendered":"https:\/\/www.europesays.com\/de\/1196230\/"},"modified":"2026-07-27T10:44:24","modified_gmt":"2026-07-27T10:44:24","slug":"ard-informationen-hoppermann-soll-neue-cdu-generalsekretaerin-werden","status":"publish","type":"post","link":"https:\/\/www.europesays.com\/de\/1196230\/","title":{"rendered":"ARD-Informationen: Hoppermann soll neue CDU-Generalsekret\u00e4rin werden"},"content":{"rendered":"<p>            <img loading=\"lazy\" decoding=\"async\" class=\"ts-image\" src=\"https:\/\/www.europesays.com\/de\/wp-content\/uploads\/2026\/07\/hoppermann-100.jpg\" alt=\"CDU-Politikerin Franziska Hoppermann\" title=\"CDU-Politikerin Franziska Hoppermann | Kay Nietfeld\/dpa\"\/><\/p>\n<p class=\"metatextline\">Stand: 27.07.2026 \u2022 11:42 Uhr<\/p>\n<p class=\"article-head__shorttext\">\n        <strong>Die bisherige CDU-Schatzmeisterin Hoppermann soll neue Generalsekret\u00e4rin ihrer Partei werden. Bundeskanzler Merz soll sie auf einer Pr\u00e4sidiumssitzung vorgeschlagen haben, hie\u00df es aus Teilnehmerkreisen. <\/strong>\n    <\/p>\n<p class=\"textabsatz m-ten m-offset-one l-eight l-offset-two columns twelve\">Die Bundestagsabgeordnete und bisherige CDU-Schatzmeisterin Franziska Hoppermann soll neue Generalsekret\u00e4rin ihrer Partei werden. Bundeskanzler und Parteichef Friedrich Merz schlug sie in einer Sitzung des CDU-Pr\u00e4sidiums vor, wie das ARD-Hauptstadtstudio aus Teilnehmerkreisen erfuhr. Zuvor hatte die Nachrichtenagentur dpa dar\u00fcber berichtet.<\/p>\n<p class=\"textabsatz m-ten m-offset-one l-eight l-offset-two columns twelve\">Die Hamburgerin soll auf Carsten Linnemann folgen, der Bundesgesundheitsminister werden soll. Auf einer Pressekonferenz will Merz die Personalien in K\u00fcrze vorstellen.<\/p>\n<p class=\"textabsatz m-ten m-offset-one l-eight l-offset-two columns twelve\">In der breiteren \u00d6ffentlichkeit ist die 44-J\u00e4hrige bisher weniger bekannt. Als Bundesschatzmeisterin arbeitete sie bislang im Hintergrund, war damit aber zugleich Mitglied des CDU-Pr\u00e4sidiums. Als Generalsekret\u00e4rin der Partei wird sie k\u00fcnftig weit mehr im Licht der \u00d6ffentlichkeit stehen.<\/p>\n<p>    Seit 2021 im Bundestag<\/p>\n<p class=\"textabsatz m-ten m-offset-one l-eight l-offset-two columns twelve\">Die Diplomkauffrau sitzt seit 2021 f\u00fcr den Wahlkreis Hamburg-Wandsbek im Bundestag. Sie geh\u00f6rt dem Haushaltsausschuss und dem Ausschuss f\u00fcr Digitales und Staatsmodernisierung an. Au\u00dferdem leitet sie die Enquete-Kommission Corona, die helfen soll, Deutschland besser auf m\u00f6gliche Pandemien vorzubereiten.<\/p>\n<p class=\"textabsatz m-ten m-offset-one l-eight l-offset-two columns twelve\">Ausgangspunkt des Personalwechsels war der R\u00fccktritt von Unions-Fraktionschef Jens Spahn. Vergangene Woche war die Entscheidung gefallen, dass Kanzleramtschef Thorsten Frei dessen Nachfolger werden soll. Die bisherige Gesundheitsministerin Nina Warken soll Kanzleramtschefin werden, der bisherige CDU-Generalsekret\u00e4r Linnemann \u00fcbernimmt ihr Ministerium. Damit war Linnemanns Posten vakant.<\/p>\n<p>    Bilger soll auf Schnieder folgen<\/p>\n<p class=\"textabsatz m-ten m-offset-one l-eight l-offset-two columns twelve\">Das Vorschlagsrecht f\u00fcr den Generalsekret\u00e4rposten hat in allen Parteien der Parteivorsitzende. In der CDU sind Frauen unter den Mitgliedern und in den Parlamenten weiter unterrepr\u00e4sentiert &#8211; trotz der 2022 von einem Bundesparteitag beschlossenen Frauenquote.<\/p>\n<p class=\"textabsatz m-ten m-offset-one l-eight l-offset-two columns twelve\">Am Sonntag w\u00e4hlte Merz auch den bisherigen parlamentarischen Gesch\u00e4ftsf\u00fchrer Steffen Bilger als neuen Verkehrsminister aus. Die <a href=\"https:\/\/www.tagesschau.de\/inland\/innenpolitik\/kabinettsumbau-merz-union-100.html\" title=\"Wie Merz&#039; Personalrochade zur H\u00e4ngepartie wurde\" rel=\"nofollow noopener\" target=\"_blank\">Entlassung des bisherigen Verkehrsministers Patrick Schnieder<\/a> hatte erhebliche Kritik innerhalb der CDU ausgel\u00f6st.<\/p>\n","protected":false},"excerpt":{"rendered":"Stand: 27.07.2026 \u2022 11:42 Uhr Die bisherige CDU-Schatzmeisterin Hoppermann soll neue Generalsekret\u00e4rin ihrer Partei werden. Bundeskanzler Merz soll&hellip;\n","protected":false},"author":2,"featured_media":1196231,"comment_status":"","ping_status":"","sticky":false,"template":"","format":"standard","meta":{"footnotes":"","_share_on_mastodon":"0"},"categories":[2],"tags":[31,29,19930,30,13,14,15,12,10,8,9,11],"class_list":["post-1196230","post","type-post","status-publish","format-standard","has-post-thumbnail","category-deutschland","tag-cdu","tag-deutschland","tag-generalsekretaer","tag-germany","tag-headlines","tag-nachrichten","tag-news","tag-schlagzeilen","tag-top-news","tag-top-meldungen","tag-topmeldungen","tag-topnews"],"share_on_mastodon":{"url":"https:\/\/pubeurope.com\/@de\/116991538426306371","error":""},"_links":{"self":[{"href":"https:\/\/www.europesays.com\/de\/wp-json\/wp\/v2\/posts\/1196230","targetHints":{"allow":["GET"]}}],"collection":[{"href":"https:\/\/www.europesays.com\/de\/wp-json\/wp\/v2\/posts"}],"about":[{"href":"https:\/\/www.europesays.com\/de\/wp-json\/wp\/v2\/types\/post"}],"author":[{"embeddable":true,"href":"https:\/\/www.europesays.com\/de\/wp-json\/wp\/v2\/users\/2"}],"replies":[{"embeddable":true,"href":"https:\/\/www.europesays.com\/de\/wp-json\/wp\/v2\/comments?post=1196230"}],"version-history":[{"count":0,"href":"https:\/\/www.europesays.com\/de\/wp-json\/wp\/v2\/posts\/1196230\/revisions"}],"wp:featuredmedia":[{"embeddable":true,"href":"https:\/\/www.europesays.com\/de\/wp-json\/wp\/v2\/media\/1196231"}],"wp:attachment":[{"href":"https:\/\/www.europesays.com\/de\/wp-json\/wp\/v2\/media?parent=1196230"}],"wp:term":[{"taxonomy":"category","embeddable":true,"href":"https:\/\/www.europesays.com\/de\/wp-json\/wp\/v2\/categories?post=1196230"},{"taxonomy":"post_tag","embeddable":true,"href":"https:\/\/www.europesays.com\/de\/wp-json\/wp\/v2\/tags?post=1196230"}],"curies":[{"name":"wp","href":"https:\/\/api.w.org\/{rel}","templated":true}]}}