{"id":1196280,"date":"2026-07-27T11:19:26","date_gmt":"2026-07-27T11:19:26","guid":{"rendered":"https:\/\/www.europesays.com\/de\/1196280\/"},"modified":"2026-07-27T11:19:26","modified_gmt":"2026-07-27T11:19:26","slug":"angriffe-sollen-ineffektiv-gewesen-sein-us-top-kommandeur-soll-trump-abbruch-der-hormus-bombardierungen-empfohlen-haben","status":"publish","type":"post","link":"https:\/\/www.europesays.com\/de\/1196280\/","title":{"rendered":"Angriffe sollen ineffektiv gewesen sein: US-Top-Kommandeur soll Trump Abbruch der Hormus-Bombardierungen empfohlen haben"},"content":{"rendered":"<p class=\"tspBSl8 tspBSl9\">Der oberste US-Kommandeur f\u00fcr den Nahen Osten, Admiral Brad Cooper, soll eine entscheidende Rolle beim vorl\u00e4ufigen Abbruch der US-Angriffe auf den Iran und die Stra\u00dfe von Hormus gespielt haben. Wie das US-Portal \u201e<a href=\"https:\/\/www.axios.com\/2026\/07\/26\/hormuz-bombing-pause-trump-iran\" target=\"_blank\" rel=\"noopener nofollow\" class=\"link link--external\" data-gtm-class=\"article-text-link\" data-gtm-val=\"external\" aria-describedby=\"message-target-blank\">Axios<\/a>\u201c unter Berufung auf zwei unabh\u00e4ngige Quellen berichtet, habe Cooper empfohlen, milit\u00e4rische Luftschl\u00e4ge rund um die Meerenge einzustellen,<strong> weil die Grenze der Wirksamkeit erreicht sei. <\/strong>Damit sollen er und andere Berater Pr\u00e4sident Donald Trump entscheidend beeinflusst haben. Nachdem die USA den Iran zwei Wochen lang bombardiert hatten, gab es seit drei N\u00e4chten keine Angriffe mehr.<\/p>\n<p class=\"tspBSl8\">Die Entscheidung fiel dem Bericht zufolge nach einem Treffen am Freitag zwischen Spitzenberatern und Milit\u00e4rvertretern, die Trump bereits einen Angriffsplan vorgelegt haben sollen. Unmittelbar davor hatte der US-Pr\u00e4sident noch \u00f6ffentlich erwogen, die Attacken gegen den Iran auszuweiten.<\/p>\n<p class=\"tspBSl8\">Was \u201eAxios\u201c meldet, passt zu einem Bericht der \u201eNew York Times\u201c. Demnach soll es innerhalb der US-Regierung <strong>gro\u00dfe Sorgen \u00fcber die schwindenden Best\u00e4nde an Milit\u00e4rmaterial geben<\/strong>. Dies betreffe vor allem Ausr\u00fcstung der Golfstaaten zur Abwehr iranischer Angriffe, wie zum Beispiel Patriot-Abfangraketen. Auch der Sender CNN berichtete, dass die USA die Angriffe aus diesem Grund \u201eauf Eis gelegt\u201c h\u00e4tten. Insbesondere US-Vizepr\u00e4sident JD Vance und der US-General Dan Caine h\u00e4tten dem Sender zufolge Bedenken gegen eine Fortf\u00fchrung der Angriffe ge\u00e4u\u00dfert.<\/p>\n<p> Netanjahu zu Besuch in Washington <\/p>\n<p class=\"tspBSl8\">Daraufhin k\u00fcndigte die iranische Armee am Sonntag an, <strong>ihre Attacken ebenfalls einzustellen. <\/strong>\u201eDa unsere Strategie im Wesentlichen auf Vergeltung beruhte, haben auch wir unsere Vergeltungsma\u00dfnahmen gestoppt\u201c, erkl\u00e4rte Armeesprecher Mohammed Akraminia. Die USA bef\u00e4nden sich in einer \u201eschwierigen und instabilen\u201c Lage und suchten wahrscheinlich nach \u201eeiner neuen Strategie\u201c, f\u00fcgte er hinzu.<\/p>\n<p class=\"tspBSl8\">Entscheidende Bedeutung f\u00fcr das weitere Verhalten der US-Armee k\u00f6nnte ein<strong> Besuch des israelischen Ministerpr\u00e4sidenten Benjamin Netanjahu<\/strong> am Dienstag in der US-Hauptstadt Washington haben.<a href=\"https:\/\/www.tagesspiegel.de\/internationales\/trumps-krieg-gegen-iran-noch-gibt-es-einen-grossen-unterschied-zu-vietnam-oder-afghanistan-15856792.html?icid=in-text-link_15884684\" class=\"link link--internal\" data-gtm-class=\"article-text-link\" data-gtm-val=\"internal\" rel=\"nofollow noopener\" target=\"_blank\"> Die US-Armee hatte die Angriffe auf den Iran Ende Februar zusammen mit Israel begonnen<\/a>. Dazu erkl\u00e4rte Akraminia, dass der Iran den Konflikt \u201egeografisch ausweiten\u201c werde, wenn sich die US-Regierung erneut von Israel \u201ein die Irre f\u00fchren lasse\u201c und \u201eauf der Fortsetzung des Krieges beharrt\u201c.<\/p>\n<p class=\"tspBSl8\">Auch wenn die USA vorl\u00e4ufig ihre Angriffe auf die Stra\u00dfe von Hormus eingestellt haben, gab es dort weitere Auseinandersetzungen. Am Sonntag erkl\u00e4rten die iranischen Streitkr\u00e4fte, sie h\u00e4tten binnen 24 Stunden sechs Schiffe an der Durchfahrt gehindert, die eine \u201eillegale und unsichere Route\u201c genommen h\u00e4tten.<\/p>\n<p class=\"tspBSl8\">Der Iran hatte zuletzt mehrere Tanker angegriffen, die nahe der\u00a0K\u00fcste des Oman durch die Meerenge fuhren. Teheran versucht damit, Schiffe zur Nutzung iranischer Gew\u00e4sser und zur Zahlung f\u00fcr eine sichere Durchfahrt zu zwingen. Eine solche Geb\u00fchr hatte der Iran im Juni angek\u00fcndigt und immer wieder auch in den Verhandlungen mit den USA ins Spiel gebracht\u00a0\u2013 nach eigenen Angaben, um die Kriegssch\u00e4den zu bezahlen.<\/p>\n<p class=\"tspBSl8\">Da die Fahrtrouten der Schiffe durch omanische und iranische Gew\u00e4sser f\u00fchren, verhandelt Teheran mit Maskat nach eigenen Angaben seit Wochen \u00fcber eine k\u00fcnftige Maut. Am Sonntag teilte der Iran dazu mit, in den Gespr\u00e4chen mit dem Oman Fortschritte \u201ezu gemeinsamen Prinzipien und operativen Mechanismen\u201c der Schifffahrt in der Meerenge gemacht zu haben.<\/p>\n<p class=\"tspBSl8\">Unterdessen erkl\u00e4rte die mit dem Iran verb\u00fcndete jemenitische Huthi-Miliz, eine mit Waffen best\u00fcckte saudiarabische Drohne abgeschossen zu haben. Die \u201eAufkl\u00e4rungsdrohne aus t\u00fcrkischer Produktion\u201c sei auf \u201efeindlicher Mission\u201c unterwegs gewesen, sagte Huthi-Sprecher Jahja Saree am Sonntag.<\/p>\n<p class=\"tspBSl8\">Bereits am Samstag hatten die Huthis nach eigenen Angaben Anlagen des saudiarabischen \u00d6lkonzerns Saudi Aramco in Dschisan und Janbu am Roten Meer mit Drohnen und Raketen angegriffen. Der Milit\u00e4rsprecher der Miliz drohte in einer Videoerkl\u00e4rung mit einer \u201eEskalation in den kommenden Stunden und Tagen\u201c. Ein von der Nachrichtenagentur AFP \u00fcberpr\u00fcftes Video zeigte dunklen Rauch \u00fcber der Aramco-Raffinerie in Dschisan.<\/p>\n<p class=\"tspBSl8\">Die Huthi-Attacke folgte wiederum auf saudiarabische Angriffe im Jemen. Nach Angaben einer jemenitischen Sicherheitsquelle trafen die saudiarabischen Angriffe unter anderem einen Marinest\u00fctzpunkt in der Hafenstadt Hodeida und ein Milit\u00e4rlager auf der Insel Kamaran. Huthi-Medien meldeten zwei Verletzte.<\/p>\n<p class=\"tspBSl8\">Die von Teheran unterst\u00fctzte Miliz hatte am Montag eine Blockade gegen saudiarabische Schiffe im Roten Meer und im Golf von Aden angek\u00fcndigt und anschlie\u00dfend zwei Schiffe angegriffen. Weil die Stra\u00dfe von Hormus ebenfalls weitgehend gesperrt ist, bleiben Riad nur noch wenige M\u00f6glichkeiten zum Export von Roh\u00f6l und Erdgas.<\/p>\n<p>Mehr auf Tagesspiegel.de<a href=\"https:\/\/www.tagesspiegel.de\/internationales\/atomdeal-zwischen-den-usa-und-saudi-arabien-droht-jetzt-ein-nukleares-wettrusten-in-nahost-15869097.html?icid=topic-list_15884684___\" data-gtm-class=\"article-mzt-link\" data-hydrate-fingerprint=\"09740a54944caac75fd2c0c63fd5c5df\" data-hydrate-props=\"{&amp;escapedquot;element&amp;escapedquot;:{&amp;escapedquot;type&amp;escapedquot;:&amp;escapedquot;relatedContent&amp;escapedquot;,&amp;escapedquot;fieldMap&amp;escapedquot;:{},&amp;escapedquot;relation&amp;escapedquot;:{&amp;escapedquot;fields&amp;escapedquot;:{&amp;escapedquot;isPaid&amp;escapedquot;:true},&amp;escapedquot;href&amp;escapedquot;:&amp;escapedquot;\/internationales\/atomdeal-zwischen-den-usa-und-saudi-arabien-droht-jetzt-ein-nukleares-wettrusten-in-nahost-15869097.html&amp;escapedquot;,&amp;escapedquot;teaserTitle&amp;escapedquot;:{&amp;escapedquot;kicker&amp;escapedquot;:&amp;escapedquot;Atomdeal zwischen den USA und Saudi-Arabien&amp;escapedquot;,&amp;escapedquot;headline&amp;escapedquot;:&amp;escapedquot;Droht jetzt ein nukleares Wettr\u00fcsten in Nahost?&amp;escapedquot;},&amp;escapedquot;id&amp;escapedquot;:&amp;escapedquot;15869097&amp;escapedquot;,&amp;escapedquot;type&amp;escapedquot;:&amp;escapedquot;story&amp;escapedquot;},&amp;escapedquot;isPartOfList&amp;escapedquot;:true,&amp;escapedquot;topicListType&amp;escapedquot;:&amp;escapedquot;topic-list&amp;escapedquot;},&amp;escapedquot;showArrow&amp;escapedquot;:true}\" data-hydrate-slots=\"{&#039;default&#039;:[]}\" class=\"tspC4q7 tspC5re\" rel=\"nofollow noopener\" target=\"_blank\">Atomdeal zwischen den USA und Saudi-Arabien Droht jetzt ein nukleares Wettr\u00fcsten in Nahost? <\/a><a href=\"https:\/\/www.tagesspiegel.de\/internationales\/huthis-kundigen-blockade-im-roten-meer-an-zweite-zentrale-schiffsroute-fur-ol-gerat-unter-druck-15861602.html?icid=topic-list_15884684___\" data-gtm-class=\"article-mzt-link\" data-hydrate-fingerprint=\"09740a54944caac75fd2c0c63fd5c5df\" data-hydrate-props=\"{&amp;escapedquot;element&amp;escapedquot;:{&amp;escapedquot;type&amp;escapedquot;:&amp;escapedquot;relatedContent&amp;escapedquot;,&amp;escapedquot;fieldMap&amp;escapedquot;:{},&amp;escapedquot;relation&amp;escapedquot;:{&amp;escapedquot;fields&amp;escapedquot;:{&amp;escapedquot;isPaid&amp;escapedquot;:null},&amp;escapedquot;href&amp;escapedquot;:&amp;escapedquot;\/internationales\/huthis-kundigen-blockade-im-roten-meer-an-zweite-zentrale-schiffsroute-fur-ol-gerat-unter-druck-15861602.html&amp;escapedquot;,&amp;escapedquot;teaserTitle&amp;escapedquot;:{&amp;escapedquot;kicker&amp;escapedquot;:&amp;escapedquot;Huthis k\u00fcndigen Blockade im Roten Meer an&amp;escapedquot;,&amp;escapedquot;headline&amp;escapedquot;:&amp;escapedquot;Zweite zentrale Schiffsroute f\u00fcr \u00d6l ger\u00e4t unter Druck&amp;escapedquot;},&amp;escapedquot;id&amp;escapedquot;:&amp;escapedquot;15861602&amp;escapedquot;,&amp;escapedquot;type&amp;escapedquot;:&amp;escapedquot;story&amp;escapedquot;},&amp;escapedquot;isPartOfList&amp;escapedquot;:true,&amp;escapedquot;topicListType&amp;escapedquot;:&amp;escapedquot;topic-list&amp;escapedquot;},&amp;escapedquot;showArrow&amp;escapedquot;:true}\" data-hydrate-slots=\"{&#039;default&#039;:[]}\" class=\"tspC4q7 tspC5re\" rel=\"nofollow noopener\" target=\"_blank\">Huthis k\u00fcndigen Blockade im Roten Meer an Zweite zentrale Schiffsroute f\u00fcr \u00d6l ger\u00e4t unter Druck <\/a><a href=\"https:\/\/www.tagesspiegel.de\/wirtschaft\/markte-olpreis-fallt-nach-us-angriffspause-im-iran-deutlich-15884423.html?icid=topic-list_15884684___\" data-gtm-class=\"article-mzt-link\" data-hydrate-fingerprint=\"09740a54944caac75fd2c0c63fd5c5df\" data-hydrate-props=\"{&amp;escapedquot;element&amp;escapedquot;:{&amp;escapedquot;type&amp;escapedquot;:&amp;escapedquot;relatedContent&amp;escapedquot;,&amp;escapedquot;fieldMap&amp;escapedquot;:{},&amp;escapedquot;relation&amp;escapedquot;:{&amp;escapedquot;fields&amp;escapedquot;:{&amp;escapedquot;isPaid&amp;escapedquot;:null},&amp;escapedquot;href&amp;escapedquot;:&amp;escapedquot;\/wirtschaft\/markte-olpreis-fallt-nach-us-angriffspause-im-iran-deutlich-15884423.html&amp;escapedquot;,&amp;escapedquot;teaserTitle&amp;escapedquot;:{&amp;escapedquot;kicker&amp;escapedquot;:&amp;escapedquot;M\u00e4rkte&amp;escapedquot;,&amp;escapedquot;headline&amp;escapedquot;:&amp;escapedquot;\u00d6lpreis f\u00e4llt nach US-Angriffspause im Iran deutlich&amp;escapedquot;},&amp;escapedquot;id&amp;escapedquot;:&amp;escapedquot;15884423&amp;escapedquot;,&amp;escapedquot;type&amp;escapedquot;:&amp;escapedquot;story&amp;escapedquot;},&amp;escapedquot;isPartOfList&amp;escapedquot;:true,&amp;escapedquot;topicListType&amp;escapedquot;:&amp;escapedquot;topic-list&amp;escapedquot;},&amp;escapedquot;showArrow&amp;escapedquot;:true}\" data-hydrate-slots=\"{&#039;default&#039;:[]}\" class=\"tspC4q7 tspC5re\" rel=\"nofollow noopener\" target=\"_blank\">M\u00e4rkte \u00d6lpreis f\u00e4llt nach US-Angriffspause im Iran deutlich <\/a><\/p>\n<p class=\"tspBSl8\">Irans Au\u00dfenminister Abbas Araghtschi rief angesichts der K\u00e4mpfe zum Dialog auf. Es gebe \u201ekeine milit\u00e4rische L\u00f6sung\u201c f\u00fcr den Konflikt im Jemen und um die Meerenge Bab al-Mandab zwischen dem Roten Meer und dem Golf von Aden, sagte er der staatlichen Zeitung \u201eIran Daily\u201c. Die Entwicklung k\u00f6nne nicht dem Iran zugeschrieben werden, sondern wurzele in alten Streitigkeiten zwischen dem Jemen und Saudi-Arabien.<\/p>\n<p class=\"tspBSl8\">Im Jemen w\u00fctet seit \u00fcber einem Jahrzehnt ein bewaffneter Konflikt. Saudi-Arabien unterst\u00fctzt seit 2015 die international anerkannte Regierung des Jemen im Kampf gegen die Huthis. Seit einer von der UNO vermittelten Waffenruhe im Jahr 2022 waren die K\u00e4mpfe weitgehend zum Erliegen gekommen. Der Konflikt hatte Hunderttausende Todesopfer verursacht und eine schwere humanit\u00e4re Krise ausgel\u00f6st.<\/p>\n<p class=\"tspBSl8\">Papst Leo XIV. rief unterdessen im Anschluss an das Angelusgebet zu Friedensverhandlungen auf. Die Gewalt gef\u00e4hrde \u201edas Leben vieler Zivilisten ernsthaft\u201c und verschlimmere \u201eden Mangel an Trinkwasser und Elektrizit\u00e4t\u201c, sagte er am Sonntag in Rom. \u201eAus tiefstem Herzen fordere ich alle Beteiligten auf, die Angriffe zu stoppen\u201c, f\u00fcgte er hinzu. (Tsp\/AFP)<\/p>\n","protected":false},"excerpt":{"rendered":"Der oberste US-Kommandeur f\u00fcr den Nahen Osten, Admiral Brad Cooper, soll eine entscheidende Rolle beim vorl\u00e4ufigen Abbruch der&hellip;\n","protected":false},"author":2,"featured_media":1196281,"comment_status":"","ping_status":"","sticky":false,"template":"","format":"standard","meta":{"footnotes":"","_share_on_mastodon":"0"},"categories":[5],"tags":[331,332,499,3364,29,106,30,13,21935,345,10544,14,15,12,64],"class_list":["post-1196280","post","type-post","status-publish","format-standard","has-post-thumbnail","category-nachrichten","tag-aktuelle-nachrichten","tag-aktuelle-news","tag-benjamin-netanjahu","tag-de","tag-deutschland","tag-donald-trump","tag-germany","tag-headlines","tag-huthi","tag-iran","tag-jemen","tag-nachrichten","tag-news","tag-schlagzeilen","tag-usa"],"share_on_mastodon":{"url":"https:\/\/pubeurope.com\/@de\/116991673599207430","error":""},"_links":{"self":[{"href":"https:\/\/www.europesays.com\/de\/wp-json\/wp\/v2\/posts\/1196280","targetHints":{"allow":["GET"]}}],"collection":[{"href":"https:\/\/www.europesays.com\/de\/wp-json\/wp\/v2\/posts"}],"about":[{"href":"https:\/\/www.europesays.com\/de\/wp-json\/wp\/v2\/types\/post"}],"author":[{"embeddable":true,"href":"https:\/\/www.europesays.com\/de\/wp-json\/wp\/v2\/users\/2"}],"replies":[{"embeddable":true,"href":"https:\/\/www.europesays.com\/de\/wp-json\/wp\/v2\/comments?post=1196280"}],"version-history":[{"count":0,"href":"https:\/\/www.europesays.com\/de\/wp-json\/wp\/v2\/posts\/1196280\/revisions"}],"wp:featuredmedia":[{"embeddable":true,"href":"https:\/\/www.europesays.com\/de\/wp-json\/wp\/v2\/media\/1196281"}],"wp:attachment":[{"href":"https:\/\/www.europesays.com\/de\/wp-json\/wp\/v2\/media?parent=1196280"}],"wp:term":[{"taxonomy":"category","embeddable":true,"href":"https:\/\/www.europesays.com\/de\/wp-json\/wp\/v2\/categories?post=1196280"},{"taxonomy":"post_tag","embeddable":true,"href":"https:\/\/www.europesays.com\/de\/wp-json\/wp\/v2\/tags?post=1196280"}],"curies":[{"name":"wp","href":"https:\/\/api.w.org\/{rel}","templated":true}]}}