{"id":1196315,"date":"2026-07-27T11:41:16","date_gmt":"2026-07-27T11:41:16","guid":{"rendered":"https:\/\/www.europesays.com\/de\/1196315\/"},"modified":"2026-07-27T11:41:16","modified_gmt":"2026-07-27T11:41:16","slug":"wochenmarkt-innenstadt-wird-fuer-leipziger-markt-musik-verlegt-%c2%b7-leipziger-zeitung","status":"publish","type":"post","link":"https:\/\/www.europesays.com\/de\/1196315\/","title":{"rendered":"Wochenmarkt Innenstadt wird f\u00fcr Leipziger Markt Musik verlegt \u00b7 Leipziger Zeitung"},"content":{"rendered":"<p class=\"wp-block-paragraph\">Vom 31. Juli bis 9. August begr\u00fc\u00dft die Leipziger Markt Musik (<a href=\"https:\/\/www.leipziger-markt-musik.de\/\" target=\"_blank\" rel=\"noreferrer noopener nofollow\">www.leipziger-markt-musik.de\/<\/a>) Leipzigerinnen und Leipziger sowie G\u00e4ste der Stadt zu zehn Tagen Live-Musik und Kulinarik auf dem Markt vor dem Alten Rathaus. Aus diesem Grund wird der Wochenmarkt an drei Terminen (31. Juli sowie 4. und 7. August) auf den Augustusplatz umziehen.\u00a0<\/p>\n<p class=\"wp-block-paragraph\">Dort finden die Besucher zu den gewohnten Zeiten von 9 bis 17 Uhr das vollst\u00e4ndige Sortiment an Blumen, Obst, Gem\u00fcse, Backwaren, Milchprodukten sowie Fleisch- und Wurstwaren. Der samst\u00e4gliche Wochenmarkt auf dem Richard-Wagner-Platz \u00f6ffnet unver\u00e4ndert von 10 bis 16 Uhr.<\/p>\n","protected":false},"excerpt":{"rendered":"Vom 31. Juli bis 9. August begr\u00fc\u00dft die Leipziger Markt Musik (www.leipziger-markt-musik.de\/) Leipzigerinnen und Leipziger sowie G\u00e4ste der&hellip;\n","protected":false},"author":2,"featured_media":1196316,"comment_status":"","ping_status":"","sticky":false,"template":"","format":"standard","meta":{"footnotes":"","_share_on_mastodon":"0"},"categories":[1832],"tags":[3364,29,30,71,69861,9588,859,12043],"class_list":["post-1196315","post","type-post","status-publish","format-standard","has-post-thumbnail","category-leipzig","tag-de","tag-deutschland","tag-germany","tag-leipzig","tag-leipziger-markt-musik","tag-markt","tag-sachsen","tag-wochenmarkt"],"share_on_mastodon":{"url":"https:\/\/pubeurope.com\/@de\/116991760119529790","error":""},"_links":{"self":[{"href":"https:\/\/www.europesays.com\/de\/wp-json\/wp\/v2\/posts\/1196315","targetHints":{"allow":["GET"]}}],"collection":[{"href":"https:\/\/www.europesays.com\/de\/wp-json\/wp\/v2\/posts"}],"about":[{"href":"https:\/\/www.europesays.com\/de\/wp-json\/wp\/v2\/types\/post"}],"author":[{"embeddable":true,"href":"https:\/\/www.europesays.com\/de\/wp-json\/wp\/v2\/users\/2"}],"replies":[{"embeddable":true,"href":"https:\/\/www.europesays.com\/de\/wp-json\/wp\/v2\/comments?post=1196315"}],"version-history":[{"count":0,"href":"https:\/\/www.europesays.com\/de\/wp-json\/wp\/v2\/posts\/1196315\/revisions"}],"wp:featuredmedia":[{"embeddable":true,"href":"https:\/\/www.europesays.com\/de\/wp-json\/wp\/v2\/media\/1196316"}],"wp:attachment":[{"href":"https:\/\/www.europesays.com\/de\/wp-json\/wp\/v2\/media?parent=1196315"}],"wp:term":[{"taxonomy":"category","embeddable":true,"href":"https:\/\/www.europesays.com\/de\/wp-json\/wp\/v2\/categories?post=1196315"},{"taxonomy":"post_tag","embeddable":true,"href":"https:\/\/www.europesays.com\/de\/wp-json\/wp\/v2\/tags?post=1196315"}],"curies":[{"name":"wp","href":"https:\/\/api.w.org\/{rel}","templated":true}]}}