{"id":1196382,"date":"2026-07-27T12:20:21","date_gmt":"2026-07-27T12:20:21","guid":{"rendered":"https:\/\/www.europesays.com\/de\/1196382\/"},"modified":"2026-07-27T12:20:21","modified_gmt":"2026-07-27T12:20:21","slug":"wetter-in-kiel-dwd-warnt-region-dann-kommt-wetterwechsel","status":"publish","type":"post","link":"https:\/\/www.europesays.com\/de\/1196382\/","title":{"rendered":"Wetter in Kiel: DWD warnt Region \u2013 dann kommt Wetterwechsel"},"content":{"rendered":"<p>Wetter am Montag <\/p>\n<p>Windb\u00f6en in Kiel \u2013 DWD warnt bis zum Abend<\/p>\n<p>27.07.2026 &#8211; 14:03 UhrLesedauer: 2 Min.<\/p>\n<p><a href=\"#focus-0\" class=\"transition-colors block text-current relative\" data-sctrack=\"FocusGalleryImage.Reference\"><img fetchpriority=\"high\" data-testid=\"Opener.Image\"   loading=\"eager\" src=\"https:\/\/www.europesays.com\/de\/wp-content\/uploads\/2026\/07\/kiel-8-22021-sturmtief-tristan-sorgt-in-der-kieler-foerde-fuer-hochwasser-wellen-und-gischt-in-der-k.jpeg\" alt=\"imago images 112419706\" title=\"imago images 112419706\" width=\"7360\" height=\"4140\" class=\"bg-[url:var(--lqipURL)] bg-cover bg-center flex h-full w-full max-w-full\" style=\"--lqipURL:url('https:\/\/images.t-online.de\/2026\/07\/mWF4AzDe8WjK\/0x386:7360x4140\/fit-in\/150x0\/filters:blur(25)\/kiel-8-22021-sturmtief-tristan-sorgt-in-der-kieler-foerde-fuer-hochwasser-wellen-und-gischt-in-der-kieler-foerde-impressionen-aus-strande-schilksee-und-kiel-kiel-8-2-2021-storm-low-tristan-causes-high-water-waves-and-spray-in-the-kiel-fjord-impressions-from-strande-schilksee-and-kiel.jpg')\" decoding=\"async\"\/><img loading=\"lazy\" src=\"https:\/\/www.t-online.de\/s\/paper\/_next\/static\/media\/zoom-in.f7dae02f.svg\" alt=\"Vergr\u00f6\u00dfern des Bildes\" title=\"Vergr\u00f6\u00dfern des Bildes\" class=\"block h-[calc(var(--height)_\/_16_*_1rem)] w-[calc(var(--width)_\/_16_*_1rem)] max-w-none absolute right-8 bottom-8 rounded-4 bg-snow p-8\" style=\"--width:32;--height:32\" decoding=\"async\"\/><\/a><\/p>\n<p>Wellen und Gischt in der Keler F\u00f6rde (Archivbild): Der Wetterdienst warnt vor umherfliegenden leichten Gegenst\u00e4nden. (Quelle: Petra Nowack via www.imago-images.de\/imago)<\/p>\n<p><img loading=\"lazy\" src=\"https:\/\/www.t-online.de\/s\/paper\/_next\/static\/media\/audio-volume.6689034c.svg\" alt=\"\" title=\"\" class=\"block h-[calc(var(--height)_\/_16_*_1rem)] w-[calc(var(--width)_\/_16_*_1rem)] max-w-none group-hover:brightness-0 group-hover:invert\" style=\"--width:16;--height:16\" decoding=\"async\"\/>Vorlesen<\/p>\n<p>Aktuelle Zeit:0:00Gesamtdauer:0:00<\/p>\n<p>1x<\/p>\n<p class=\"text-center\">Jetzt neu bei t-online:<\/p>\n<p class=\"text-center\">Schriftgr\u00f6\u00dfe anpassen!<\/p>\n<p><img loading=\"lazy\" src=\"https:\/\/www.t-online.de\/s\/paper\/_next\/static\/media\/font-sizes.32942e33.svg\" alt=\"\" title=\"\" class=\"block h-[calc(var(--height)_\/_16_*_1rem)] w-[calc(var(--width)_\/_16_*_1rem)] max-w-none group-hover:hidden group-aria-expanded:hidden\" style=\"--width:16;--height:16\" decoding=\"async\"\/><img loading=\"lazy\" src=\"https:\/\/www.t-online.de\/s\/paper\/_next\/static\/media\/font-sizes-dark-mode.e382645c.svg\" alt=\"\" title=\"\" class=\"block h-[calc(var(--height)_\/_16_*_1rem)] w-[calc(var(--width)_\/_16_*_1rem)] max-w-none hidden group-hover:block group-aria-expanded:block\" style=\"--width:16;--height:16\" decoding=\"async\"\/><img loading=\"lazy\" src=\"https:\/\/www.t-online.de\/s\/paper\/_next\/static\/media\/sharing-menu-icon.1eb71368.svg\" alt=\"\" title=\"\" class=\"block h-[calc(var(--height)_\/_16_*_1rem)] w-[calc(var(--width)_\/_16_*_1rem)] max-w-none group-hover:brightness-0 group-hover:invert\" style=\"--width:16;--height:16\" decoding=\"async\"\/>Artikel teilen<\/p>\n<p class=\"font-bold text-18 leading-17 user-text-lg:text-22 user-text-xl:text-24\">In Kiel wird es am Montag ungem\u00fctlich. Der Deutsche Wetterdienst warnt vor Windb\u00f6en. Danach steht ein deutlicher Wetterwechsel bevor.<\/p>\n<p class=\"text-18 leading-17 user-text-lg:text-22 user-text-xl:text-24\">Ein Randtief \u00fcber der s\u00fcdlichen Ostsee bringt Kiel am Montag wechselhaftes und windiges Wetter. Neben sonnigen Abschnitten ziehen dichtere Wolken und einzelne Schauer durch. Die Temperaturen erreichen etwa 19 bis 21 Grad.<\/p>\n<p class=\"text-18 leading-17 user-text-lg:text-22 user-text-xl:text-24\">F\u00fcr Kiel gilt bis 18 Uhr eine amtliche Warnung vor Windb\u00f6en. Der Deutsche Wetterdienst (DWD) erwartet B\u00f6en um 55 km\/h aus nordwestlicher Richtung. In Schauern\u00e4he und an exponierten Stellen k\u00f6nnen st\u00fcrmische B\u00f6en um 65 km\/h auftreten.<\/p>\n<p class=\"text-18 leading-17 user-text-lg:text-22 user-text-xl:text-24\">Der Wetterdienst warnt vor umherfliegenden leichten Gegenst\u00e4nden. Abdeckungen, Gartenm\u00f6bel und andere lose Gegenst\u00e4nde sollten gesichert werden. Das gilt insbesondere f\u00fcr Bereiche an der Kieler F\u00f6rde, die dem Wind st\u00e4rker ausgesetzt sind.<\/p>\n<p>Wind l\u00e4sst am Abend nach<\/p>\n<p class=\"text-18 leading-17 user-text-lg:text-22 user-text-xl:text-24\">Im Laufe des Abends schw\u00e4cht sich der Wind ab. In der Nacht zum Dienstag beruhigt sich das Wetter zunehmend. Vereinzelt kann zun\u00e4chst noch etwas Regen fallen, sp\u00e4ter bleibt es weitgehend ruhig.<\/p>\n<p class=\"text-18 leading-17 user-text-lg:text-22 user-text-xl:text-24\">Am Dienstag steigen die Temperaturen voraussichtlich auf rund 22 Grad. Der Himmel bleibt zeitweise bew\u00f6lkt, der Wind spielt jedoch keine vergleichbare Rolle mehr.<\/p>\n<p>In Kiel wird es pl\u00f6tzlich hei\u00df<\/p>\n<p class=\"text-18 leading-17 user-text-lg:text-22 user-text-xl:text-24\">Zur Wochenmitte deutet sich ein deutlicher Temperatursprung an. Aktuelle Modellberechnungen erwarten f\u00fcr Kiel am Mittwoch Werte um 30 Grad. Am Donnerstag k\u00f6nnten \u00f6rtlich sogar mehr als 30 Grad erreicht werden. Der genaue H\u00f6chstwert ist noch unsicher.<\/p>\n<p class=\"text-18 leading-17 user-text-lg:text-22 user-text-xl:text-24\">Die Wettermodelle bei Kachelmannwetter reichen je nach Modell 15 beziehungsweise 16 Tage in die Zukunft. F\u00fcr Kiel stehen unter anderem Berechnungen des europ\u00e4ischen ECMWF-, des amerikanischen GFS- und des deutschen ICON-Modells zur Verf\u00fcgung.<\/p>\n<p class=\"text-18 leading-17 user-text-lg:text-22 user-text-xl:text-24\">F\u00fcr die kommenden Tage ist der Erw\u00e4rmungstrend vergleichsweise deutlich. Einzelne Spitzenwerte von rund 33 Grad sollten jedoch noch nicht als sichere Vorhersage behandelt werden. Gerade an der Ostseek\u00fcste k\u00f6nnen Windrichtung und Seewind die Temperaturen kurzfristig deutlich beeinflussen.<\/p>\n<p>Ab Freitag wieder deutlich k\u00fchler<\/p>\n<p class=\"text-18 leading-17 user-text-lg:text-22 user-text-xl:text-24\">Nach jetzigem Stand d\u00fcrfte die Hitze in Kiel nur kurz anhalten. F\u00fcr Freitag berechnen die Modelle wieder deutlich angenehmere Werte um 23 Grad. Am Wochenende werden derzeit H\u00f6chsttemperaturen zwischen etwa 21 und 24 Grad erwartet.<\/p>\n<p class=\"text-18 leading-17 user-text-lg:text-22 user-text-xl:text-24\">In der weiter reichenden Prognose nimmt die Unsicherheit erheblich zu. Die ECMWF-Ensembles vergleichen zahlreiche unterschiedliche Berechnungen. Je weiter die einzelnen Modelll\u00f6sungen auseinanderliegen, desto unsicherer ist die Vorhersage. Eine belastbare zweiw\u00f6chige Hitzewelle l\u00e4sst sich daraus derzeit nicht ableiten.<\/p>\n","protected":false},"excerpt":{"rendered":"Wetter am Montag Windb\u00f6en in Kiel \u2013 DWD warnt bis zum Abend 27.07.2026 &#8211; 14:03 UhrLesedauer: 2 Min.&hellip;\n","protected":false},"author":2,"featured_media":1196383,"comment_status":"","ping_status":"","sticky":false,"template":"","format":"standard","meta":{"footnotes":"","_share_on_mastodon":"0"},"categories":[1852],"tags":[722,3364,950,29,4906,548,663,3934,30,249620,13,4949,31705,14,15,2852,249619,12,1971,41792,32440],"class_list":["post-1196382","post","type-post","status-publish","format-standard","has-post-thumbnail","category-kiel","tag-722","tag-de","tag-deutscher-wetterdienst","tag-deutschland","tag-dwd","tag-eu","tag-europa","tag-europe","tag-germany","tag-gischt","tag-headlines","tag-kiel","tag-kieler-foerde","tag-nachrichten","tag-news","tag-ostsee","tag-randtief","tag-schlagzeilen","tag-schleswig-holstein","tag-wetterwechsel","tag-windboee"],"share_on_mastodon":{"url":"https:\/\/pubeurope.com\/@de\/116991917304650781","error":""},"_links":{"self":[{"href":"https:\/\/www.europesays.com\/de\/wp-json\/wp\/v2\/posts\/1196382","targetHints":{"allow":["GET"]}}],"collection":[{"href":"https:\/\/www.europesays.com\/de\/wp-json\/wp\/v2\/posts"}],"about":[{"href":"https:\/\/www.europesays.com\/de\/wp-json\/wp\/v2\/types\/post"}],"author":[{"embeddable":true,"href":"https:\/\/www.europesays.com\/de\/wp-json\/wp\/v2\/users\/2"}],"replies":[{"embeddable":true,"href":"https:\/\/www.europesays.com\/de\/wp-json\/wp\/v2\/comments?post=1196382"}],"version-history":[{"count":0,"href":"https:\/\/www.europesays.com\/de\/wp-json\/wp\/v2\/posts\/1196382\/revisions"}],"wp:featuredmedia":[{"embeddable":true,"href":"https:\/\/www.europesays.com\/de\/wp-json\/wp\/v2\/media\/1196383"}],"wp:attachment":[{"href":"https:\/\/www.europesays.com\/de\/wp-json\/wp\/v2\/media?parent=1196382"}],"wp:term":[{"taxonomy":"category","embeddable":true,"href":"https:\/\/www.europesays.com\/de\/wp-json\/wp\/v2\/categories?post=1196382"},{"taxonomy":"post_tag","embeddable":true,"href":"https:\/\/www.europesays.com\/de\/wp-json\/wp\/v2\/tags?post=1196382"}],"curies":[{"name":"wp","href":"https:\/\/api.w.org\/{rel}","templated":true}]}}