{"id":1196417,"date":"2026-07-27T12:42:15","date_gmt":"2026-07-27T12:42:15","guid":{"rendered":"https:\/\/www.europesays.com\/de\/1196417\/"},"modified":"2026-07-27T12:42:15","modified_gmt":"2026-07-27T12:42:15","slug":"d-ukraine-hilfe-fuer-change-management-der-kirche","status":"publish","type":"post","link":"https:\/\/www.europesays.com\/de\/1196417\/","title":{"rendered":"D\/Ukraine: Hilfe f\u00fcr Change Management der Kirche"},"content":{"rendered":"<p>Mit 250.000 Euro f\u00f6rdert das katholische Osteuropa-Hilfswerk Renovabis die Neuausrichtung der ukrainischen griechisch-katholischen Kirche. <\/p>\n<p>     <a href=\"https:\/\/www.vaticannews.va\/de\/vatikan\/news\/2026-07\/vatikan-nobelpreis-matwijtschuk-ki-regulierung-uno-reform-itv.html\" title=\"Nobelpreistr\u00e4gerin: Matwijtschuk fordert KI-Regulierung und UN-Reform\" rel=\"nofollow noopener\" target=\"_blank\"><\/p>\n<p>        <img decoding=\"async\" src=\"data:image\/gif;base64,R0lGODlhAQABAIAAAAAAAP\/\/\/yH5BAEAAAAALAAAAAABAAEAAAIBRAA7\" data-original=\"https:\/\/www.vaticannews.va\/content\/dam\/vaticannews\/multimedia\/2026\/Luglio\/14\/oleksandra-matviichuk-1.jpg\/_jcr_content\/renditions\/cq5dam.thumbnail.cropped.500.281.jpeg\" alt=\"Nobelpreistr\u00e4gerin: Matwijtschuk fordert KI-Regulierung und UN-Reform\"\/><\/p>\n<p>      <\/a><\/p>\n<p>\n      Die ukrainische Menschenrechtsaktivistin Oleksandra Matwijtschuk hat am Rande der Versammlung globaler Nobelpreistr\u00e4ger in Castel Gandolfo eine Neuausrichtung internationaler &#8230;\n     <\/p>\n<p>Die Mittel sollen f\u00fcr die Entwicklung tragf\u00e4higer Strukturen f\u00fcr die Sozialunternehmen der Kirche in den Bereichen Wohnen, Gesundheit, Bildung und Landwirtschaft eingesetzt werden. In der ukrainischen griechisch-katholischen Kirche sei bereits jetzt eine neue Generation von Priestern mit ungew\u00f6hnlichen Ideen und Kompetenzen aktiv, sagte Renovabis-Hauptgesch\u00e4ftsf\u00fchrer Thomas Schwartz.<\/p>\n<p>Hintergrund <\/p>\n<p>\u00a0<\/p>\n<p>Die ukrainische griechisch-katholische Kirche ist mit der r\u00f6misch-katholischen Kirche uniert. Weltweit geh\u00f6ren vier bis f\u00fcnf Millionen Menschen zu der gr\u00f6\u00dften der katholischen Ostkirchen, davon drei bis vier Millionen in der Ukraine.<\/p>\n<p>\u00a0(kna &#8211; mch)<\/p>\n","protected":false},"excerpt":{"rendered":"Mit 250.000 Euro f\u00f6rdert das katholische Osteuropa-Hilfswerk Renovabis die Neuausrichtung der ukrainischen griechisch-katholischen Kirche. Die ukrainische Menschenrechtsaktivistin Oleksandra&hellip;\n","protected":false},"author":2,"featured_media":1196418,"comment_status":"","ping_status":"","sticky":false,"template":"","format":"standard","meta":{"footnotes":"","_share_on_mastodon":"0"},"categories":[4012],"tags":[331,332,29,13,10518,14,15,12,10517,317],"class_list":["post-1196417","post","type-post","status-publish","format-standard","has-post-thumbnail","category-ukraine","tag-aktuelle-nachrichten","tag-aktuelle-news","tag-deutschland","tag-headlines","tag-hilfswerke","tag-nachrichten","tag-news","tag-schlagzeilen","tag-solidaritaet","tag-ukraine"],"share_on_mastodon":{"url":"https:\/\/pubeurope.com\/@de\/116991999891363751","error":""},"_links":{"self":[{"href":"https:\/\/www.europesays.com\/de\/wp-json\/wp\/v2\/posts\/1196417","targetHints":{"allow":["GET"]}}],"collection":[{"href":"https:\/\/www.europesays.com\/de\/wp-json\/wp\/v2\/posts"}],"about":[{"href":"https:\/\/www.europesays.com\/de\/wp-json\/wp\/v2\/types\/post"}],"author":[{"embeddable":true,"href":"https:\/\/www.europesays.com\/de\/wp-json\/wp\/v2\/users\/2"}],"replies":[{"embeddable":true,"href":"https:\/\/www.europesays.com\/de\/wp-json\/wp\/v2\/comments?post=1196417"}],"version-history":[{"count":0,"href":"https:\/\/www.europesays.com\/de\/wp-json\/wp\/v2\/posts\/1196417\/revisions"}],"wp:featuredmedia":[{"embeddable":true,"href":"https:\/\/www.europesays.com\/de\/wp-json\/wp\/v2\/media\/1196418"}],"wp:attachment":[{"href":"https:\/\/www.europesays.com\/de\/wp-json\/wp\/v2\/media?parent=1196417"}],"wp:term":[{"taxonomy":"category","embeddable":true,"href":"https:\/\/www.europesays.com\/de\/wp-json\/wp\/v2\/categories?post=1196417"},{"taxonomy":"post_tag","embeddable":true,"href":"https:\/\/www.europesays.com\/de\/wp-json\/wp\/v2\/tags?post=1196417"}],"curies":[{"name":"wp","href":"https:\/\/api.w.org\/{rel}","templated":true}]}}