{"id":1196464,"date":"2026-07-27T13:10:31","date_gmt":"2026-07-27T13:10:31","guid":{"rendered":"https:\/\/www.europesays.com\/de\/1196464\/"},"modified":"2026-07-27T13:10:31","modified_gmt":"2026-07-27T13:10:31","slug":"protest-gegen-moeglichen-abschiebeflug-nach-afghanistan","status":"publish","type":"post","link":"https:\/\/www.europesays.com\/de\/1196464\/","title":{"rendered":"Protest gegen m\u00f6glichen Abschiebeflug nach Afghanistan"},"content":{"rendered":"<p>Migration <\/p>\n<p>Protest gegen m\u00f6glichen Abschiebeflug nach Afghanistan<\/p>\n<p>Aktualisiert am 27.07.2026 &#8211; 14:19 UhrLesedauer: 1 Min.<\/p>\n<p><a href=\"#focus-0\" class=\"transition-colors block text-current relative\" data-sctrack=\"FocusGalleryImage.Reference\"><img fetchpriority=\"high\" data-testid=\"Opener.Image\"   loading=\"eager\" src=\"https:\/\/www.europesays.com\/de\/wp-content\/uploads\/2026\/07\/vom-flughafen-leipzig-halle-aus-sind-bereits-mehrere-abschiebefluege-nach-afghanistan-gestartet-arch.jpeg\" alt=\"Abschiebeflug nach Afghanistan\" title=\"Abschiebeflug nach Afghanistan\" width=\"2048\" height=\"1152\" class=\"bg-[url:var(--lqipURL)] bg-cover bg-center flex h-full w-full max-w-full\" style=\"--lqipURL:url('https:\/\/images.t-online.de\/2026\/07\/ern5NvdXQFL-\/0x81:2048x1152\/fit-in\/150x0\/filters:blur(25)\/vom-flughafen-leipzig-halle-aus-sind-bereits-mehrere-abschiebefluege-nach-afghanistan-gestartet-archivbild.jpg')\" decoding=\"async\"\/><img loading=\"lazy\" src=\"https:\/\/leipzig.t-online.de\/s\/paper\/_next\/static\/media\/zoom-in.f7dae02f.svg\" alt=\"Vergr\u00f6\u00dfern des Bildes\" title=\"Vergr\u00f6\u00dfern des Bildes\" class=\"block h-[calc(var(--height)_\/_16_*_1rem)] w-[calc(var(--width)_\/_16_*_1rem)] max-w-none absolute right-8 bottom-8 rounded-4 bg-snow p-8\" style=\"--width:32;--height:32\" decoding=\"async\"\/><\/a><\/p>\n<p>Vom Flughafen Leipzig\/Halle aus sind bereits mehrere Abschiebefl\u00fcge nach Afghanistan gestartet. (Archivbild) (Quelle: Hendrik Schmidt\/dpa\/dpa-bilder)<\/p>\n<p><img loading=\"lazy\" src=\"https:\/\/leipzig.t-online.de\/s\/paper\/_next\/static\/media\/audio-volume.6689034c.svg\" alt=\"\" title=\"\" class=\"block h-[calc(var(--height)_\/_16_*_1rem)] w-[calc(var(--width)_\/_16_*_1rem)] max-w-none group-hover:brightness-0 group-hover:invert\" style=\"--width:16;--height:16\" decoding=\"async\"\/>Vorlesen<\/p>\n<p>Aktuelle Zeit:0:00Gesamtdauer:0:00<\/p>\n<p>1x<\/p>\n<p class=\"text-center\">Jetzt neu bei t-online:<\/p>\n<p class=\"text-center\">Schriftgr\u00f6\u00dfe anpassen!<\/p>\n<p><img loading=\"lazy\" src=\"https:\/\/leipzig.t-online.de\/s\/paper\/_next\/static\/media\/font-sizes.32942e33.svg\" alt=\"\" title=\"\" class=\"block h-[calc(var(--height)_\/_16_*_1rem)] w-[calc(var(--width)_\/_16_*_1rem)] max-w-none group-hover:hidden group-aria-expanded:hidden\" style=\"--width:16;--height:16\" decoding=\"async\"\/><img loading=\"lazy\" src=\"https:\/\/leipzig.t-online.de\/s\/paper\/_next\/static\/media\/font-sizes-dark-mode.e382645c.svg\" alt=\"\" title=\"\" class=\"block h-[calc(var(--height)_\/_16_*_1rem)] w-[calc(var(--width)_\/_16_*_1rem)] max-w-none hidden group-hover:block group-aria-expanded:block\" style=\"--width:16;--height:16\" decoding=\"async\"\/><img loading=\"lazy\" src=\"https:\/\/leipzig.t-online.de\/s\/paper\/_next\/static\/media\/sharing-menu-icon.1eb71368.svg\" alt=\"\" title=\"\" class=\"block h-[calc(var(--height)_\/_16_*_1rem)] w-[calc(var(--width)_\/_16_*_1rem)] max-w-none group-hover:brightness-0 group-hover:invert\" style=\"--width:16;--height:16\" decoding=\"async\"\/>Artikel teilen<\/p>\n<p class=\"font-bold text-18 leading-17 user-text-lg:text-22 user-text-xl:text-24\">In Leipzig rufen Aktivisten zu Protest gegen einen m\u00f6glichen Abschiebeflug nach Afghanistan auf. Sie kritisieren die Bundesregierung f\u00fcr die Zusammenarbeit mit den Taliban.<\/p>\n<p class=\"text-18 leading-17 user-text-lg:text-22 user-text-xl:text-24\">Gegen einen m\u00f6glichen Abschiebeflug nach Afghanistan regt sich in Leipzig Widerstand. Ein antirassistisches B\u00fcndnis in der Messestadt rief f\u00fcr heute zu Protesten am S-Bahnhof Flughafen Leipzig und am Dienstag in der Leipziger Innenstadt auf. Die Aktivisten gehen davon aus, dass eine halbe Stunde nach Mitternacht in der Nacht zum Dienstag eine Abschiebung mit einem Charterflug vom <a href=\"https:\/\/www.t-online.de\/themen\/flughafen-leipzig-halle\/\" class=\"transition-colors cursor-pointer no-underline md:hover:text-magenta md:focus:text-magenta border-b border-solid border-current text-salemsfur md:hover:border-magenta\" data-tracking=\"{&quot;action&quot;:&quot;click&quot;,&quot;category&quot;:&quot;intextLink&quot;,&quot;label&quot;:&quot;https:\/\/www.t-online.de\/themen\/flughafen-leipzig-halle\/&quot;}\" data-sctrack=\"BodyAnchor\" rel=\"nofollow noopener\" target=\"_blank\">Flughafen Leipzig\/Halle<\/a> erfolgt. Eine offizielle Best\u00e4tigung der Beh\u00f6rden gab es daf\u00fcr zun\u00e4chst nicht.<\/p>\n<p>Aktivisten kritisieren Kooperation mit Taliban scharf<\/p>\n<p class=\"text-18 leading-17 user-text-lg:text-22 user-text-xl:text-24\">&#8222;Diese Abschiebungen k\u00f6nnen nur aufgrund der dreckigen Hinterzimmerdeals der Bundesregierung mit den Taliban stattfinden&#8220;, erkl\u00e4rte B\u00fcndnissprecherin Luca M\u00fcller. Jegliche Zusammenarbeit mit den menschenverachtenden und frauenfeindlichen Taliban m\u00fcsse sofort beendet werden. &#8222;W\u00e4hrend von allen Seiten islamistische Gewalt in Bezug auf den CSD Berlin verurteilt wird, unterst\u00fctzt die Bundesregierung mit ihren Deals die islamistischen Taliban.&#8220;<\/p>\n<p class=\"text-18 leading-17 user-text-lg:text-22 user-text-xl:text-24\">Sachsens Innenminister Armin Schuster (CDU) hatte in der Vorwoche die erweiterten M\u00f6glichkeiten zur Abschiebung abgelehnter Asylbewerber nach Afghanistan begr\u00fc\u00dft. &#8222;Wir haben uns bisher auf schwere Straft\u00e4ter konzentriert, werden aber nun aufgrund der Verstetigung den Kreis auf alle Straft\u00e4ter sowie diejenigen Ausreisepflichtigen ausdehnen, die bisher keine Integrationsleistung gezeigt haben, im Sozialbezug stehen oder bei der Identit\u00e4tskl\u00e4rung nicht mitwirken&#8220;, sagte Schuster.<\/p>\n","protected":false},"excerpt":{"rendered":"Migration Protest gegen m\u00f6glichen Abschiebeflug nach Afghanistan Aktualisiert am 27.07.2026 &#8211; 14:19 UhrLesedauer: 1 Min. Vom Flughafen Leipzig\/Halle&hellip;\n","protected":false},"author":2,"featured_media":1196465,"comment_status":"","ping_status":"","sticky":false,"template":"","format":"standard","meta":{"footnotes":"","_share_on_mastodon":"0"},"categories":[1832],"tags":[53869,414,7451,1173,3364,29,7563,30,71,215321,382,859,15451],"class_list":["post-1196464","post","type-post","status-publish","format-standard","has-post-thumbnail","category-leipzig","tag-abschiebeflug","tag-abschiebung","tag-afghanistan","tag-bundesregierung","tag-de","tag-deutschland","tag-flughafen-leipzig-halle","tag-germany","tag-leipzig","tag-leipzig-menschenmenge","tag-migration","tag-sachsen","tag-taliban"],"share_on_mastodon":{"url":"https:\/\/pubeurope.com\/@de\/116992112368195853","error":""},"_links":{"self":[{"href":"https:\/\/www.europesays.com\/de\/wp-json\/wp\/v2\/posts\/1196464","targetHints":{"allow":["GET"]}}],"collection":[{"href":"https:\/\/www.europesays.com\/de\/wp-json\/wp\/v2\/posts"}],"about":[{"href":"https:\/\/www.europesays.com\/de\/wp-json\/wp\/v2\/types\/post"}],"author":[{"embeddable":true,"href":"https:\/\/www.europesays.com\/de\/wp-json\/wp\/v2\/users\/2"}],"replies":[{"embeddable":true,"href":"https:\/\/www.europesays.com\/de\/wp-json\/wp\/v2\/comments?post=1196464"}],"version-history":[{"count":0,"href":"https:\/\/www.europesays.com\/de\/wp-json\/wp\/v2\/posts\/1196464\/revisions"}],"wp:featuredmedia":[{"embeddable":true,"href":"https:\/\/www.europesays.com\/de\/wp-json\/wp\/v2\/media\/1196465"}],"wp:attachment":[{"href":"https:\/\/www.europesays.com\/de\/wp-json\/wp\/v2\/media?parent=1196464"}],"wp:term":[{"taxonomy":"category","embeddable":true,"href":"https:\/\/www.europesays.com\/de\/wp-json\/wp\/v2\/categories?post=1196464"},{"taxonomy":"post_tag","embeddable":true,"href":"https:\/\/www.europesays.com\/de\/wp-json\/wp\/v2\/tags?post=1196464"}],"curies":[{"name":"wp","href":"https:\/\/api.w.org\/{rel}","templated":true}]}}