{"id":1196580,"date":"2026-07-27T14:23:26","date_gmt":"2026-07-27T14:23:26","guid":{"rendered":"https:\/\/www.europesays.com\/de\/1196580\/"},"modified":"2026-07-27T14:23:26","modified_gmt":"2026-07-27T14:23:26","slug":"chronologie-islamistischer-terror-in-deutschland","status":"publish","type":"post","link":"https:\/\/www.europesays.com\/de\/1196580\/","title":{"rendered":"Chronologie: Islamistischer Terror in Deutschland"},"content":{"rendered":"<p>            <img loading=\"lazy\" decoding=\"async\" class=\"ts-image\" src=\"https:\/\/www.europesays.com\/de\/wp-content\/uploads\/2026\/07\/breitscheidplatz-gedenken-101.jpg\" alt=\"Gedenken an die Opfer vom Anschlag auf den Berliner Breitscheidplatz.\" title=\"Gedenken an die Opfer vom Anschlag auf den Berliner Breitscheidplatz. | rbb\"\/><\/p>\n<p>                    <strong>Chronologie<\/strong><\/p>\n<p class=\"metatextline\">Stand: 27.07.2026 \u2022 16:09 Uhr<\/p>\n<p class=\"article-head__shorttext\">\n        <strong>Islamistische Terrornetzwerke wie der IS exportieren ihr Gedankengut auch in den Westen &#8211; oft mit t\u00f6dlichen Folgen. Eine \u00dcbersicht \u00fcber die schwersten Taten in Deutschland.<\/strong>\n    <\/p>\n<p>                                    <a class=\"authorline__link\" href=\"https:\/\/www.tagesschau.de\/korrespondenten\/korrespondent-ts-228.html\" rel=\"nofollow noopener\" target=\"_blank\"><br \/>\n                                        <img decoding=\"async\" class=\"authorline__img\" alt=\"Frank Br\u00e4utigam\" src=\"https:\/\/www.europesays.com\/de\/wp-content\/uploads\/2026\/07\/braeutigam-103.jpg\"\/><br \/>\n                                    <\/a><\/p>\n<p>                                    <a class=\"authorline__link\" href=\"https:\/\/www.tagesschau.de\/korrespondenten\/korrespondent-115.html\" rel=\"nofollow noopener\" target=\"_blank\"><br \/>\n                                        <img decoding=\"async\" class=\"authorline__img\" alt=\"Christoph Kehlbach\" src=\"https:\/\/www.europesays.com\/de\/wp-content\/uploads\/2026\/05\/kehlbach-106.jpg\"\/><br \/>\n                                    <\/a><\/p>\n<p>    Juli 2006: Bombe im Regionalzug<\/p>\n<p class=\"textabsatz m-ten m-offset-one l-eight l-offset-two columns twelve\">Deutschland entgeht nur knapp einem Bombenanschlag auf zwei Regionalz\u00fcge. Einer der T\u00e4ter, Youssef H., deponiert am K\u00f6lner Hauptbahnhof einen Sprengsatz in einem Regionalzug nach Koblenz, versteckt in einem Rollkoffer. Nur wegen eines technischen Fehlers kommt es nicht zu einer folgenschweren Explosion.<\/p>\n<p class=\"textabsatz m-ten m-offset-one l-eight l-offset-two columns twelve\">Wenige Wochen sp\u00e4ter wird Youssef H. festgenommen. 2008 verurteilt ihn das Oberlandesgericht D\u00fcsseldorf zu einer lebenslangen Freiheitsstrafe.<\/p>\n<p>    September 2007: Sauerland-Gruppe<\/p>\n<p class=\"textabsatz m-ten m-offset-one l-eight l-offset-two columns twelve\">In einem Ferienhaus im sauerl\u00e4ndischen Medebach nehmen Sicherheitskr\u00e4fte die beiden Deutschen Fritz G. und Daniel S. sowie den t\u00fcrkischen Staatsb\u00fcrger Adem Y. fest. Gemeinsam bildeten sie die sogenannte Sauerland-Gruppe. Mindestens 150 Menschen sollten bei Autobombenanschl\u00e4gen sterben, so die Pl\u00e4ne.<\/p>\n<p class=\"textabsatz m-ten m-offset-one l-eight l-offset-two columns twelve\">Die drei M\u00e4nner und ein Helfer werden im M\u00e4rz 2010 zu Haftstrafen von f\u00fcnf bis zw\u00f6lf Jahren verurteilt.<\/p>\n<p>    M\u00e4rz 2011: Sch\u00fcsse auf US-Soldaten<\/p>\n<p class=\"textabsatz m-ten m-offset-one l-eight l-offset-two columns twelve\">Am Terminal 2 des Frankfurter Flughafens werden zwei US-Soldaten durch Sch\u00fcsse get\u00f6tet, zwei weitere werden verletzt. Verantwortlich: der junge Kosovo-Albaner Arid U.<\/p>\n<p class=\"textabsatz m-ten m-offset-one l-eight l-offset-two columns twelve\">Die Tat hatte einen islamistischen Hintergrund. Arid U. hatte sich allm\u00e4hlich \u00fcber das Internet radikalisiert. Er war ein Einzelt\u00e4ter, ohne Verbindung zu Terrornetzwerken wie Al Kaida. 2012 wird er zu lebenslanger Haft verurteilt.<\/p>\n<p>    Juli 2016: Selbstmordattent\u00e4ter in Ansbach<\/p>\n<p class=\"textabsatz m-ten m-offset-one l-eight l-offset-two columns twelve\">Im fr\u00e4nkischen Ansbach sprengt sich ein 27-j\u00e4hriger Syrer in die Luft. Er hatte zuvor versucht, Zugang zu einem Musikfestival zu bekommen, wurde aber nicht eingelassen. Er z\u00fcndet den Sprengsatz darauf in der N\u00e4he der Kasse und verletzt 15 Menschen. Er selbst stirbt.<\/p>\n<p class=\"textabsatz m-ten m-offset-one l-eight l-offset-two columns twelve\">Bis unmittelbar vor der Tat soll er per Handy Kontakt zum sogenannten IS gehabt haben. Sp\u00e4ter finden die Ermittler auf dem Ger\u00e4t ein Video, in dem er sich zu der Terrororganisation bekennt.<\/p>\n<p>    Dezember 2016: Breitscheidplatz Berlin<\/p>\n<p class=\"textabsatz m-ten m-offset-one l-eight l-offset-two columns twelve\">Um kurz nach 20 Uhr rast ein Lkw \u00fcber den Weihnachtsmarkt am Breitscheidplatz. Dabei werden elf Menschen get\u00f6tet, mehr als 50 teilweise schwer verletzt. Auf dem Beifahrersitz finden die Ermittler ein zw\u00f6lftes Todesopfer, den eigentlichen Fahrer des polnischen Lkw. Der Attent\u00e4ter, der Tunesier Anis Amri, entkommt zun\u00e4chst unerkannt, sp\u00e4ter wird \u00f6ffentlich nach ihm gefahndet.<\/p>\n<p class=\"textabsatz m-ten m-offset-one l-eight l-offset-two columns twelve\">Amris Flucht endet dreieinhalb Tage sp\u00e4ter in Norditalien, wo er bei einem Schusswechsel von einem italienischen Polizisten erschossen wird. Anschlie\u00dfend ver\u00f6ffentlicht das IS-Sprachrohr Amak ein Video, in dem Amri dem IS-F\u00fchrer Abu Bakr al-Bagdadi die Treue schw\u00f6rt.<\/p>\n<p>    Oktober 2020: Angriff auf Homosexuelle in Dresden<\/p>\n<p class=\"textabsatz m-ten m-offset-one l-eight l-offset-two columns twelve\">In der Dresdner Innenstadt greift ein Mann zwei homosexuelle Touristen mit einem Messer an. Ein 55-J\u00e4hriger aus Krefeld verstirbt sp\u00e4ter im Krankenhaus. Sein 53-j\u00e4hriger Begleiter aus K\u00f6ln \u00fcberlebt schwer verletzt. Bald darauf wird ein 20 Jahre alter Syrer festgenommen.<\/p>\n<p class=\"textabsatz m-ten m-offset-one l-eight l-offset-two columns twelve\">Der junge Mann ist vorbestraft. 2018 war er vom Oberlandesgericht Dresden unter anderem wegen Werbens f\u00fcr Mitglieder und Unterst\u00fctzer einer terroristischen Vereinigung im Ausland zu einer Jugendstrafe verurteilt worden. Er galt als Gef\u00e4hrder und stand nach seiner Haftentlassung unter F\u00fchrungsaufsicht. F\u00fcr die Messerattacke wird er zu lebenslanger Haft verurteilt.<\/p>\n<p>    April 2022: Messerattacke in Duisburg<\/p>\n<p class=\"textabsatz m-ten m-offset-one l-eight l-offset-two columns twelve\">Der Syrer Maan D. t\u00f6tet in der Duisburger Altstadt einen Passanten mit zahlreichen Messerstichen und entkommt zun\u00e4chst. Neun Tage sp\u00e4ter sticht er in einem Fitnessstudio wahllos auf mehrere M\u00e4nner ein, verletzt sie zum Teil lebensgef\u00e4hrlich.<\/p>\n<p class=\"textabsatz m-ten m-offset-one l-eight l-offset-two columns twelve\">Die Bundesanwaltschaft klagt ihn wegen Mordes und versuchten Mordes an. Das Oberlandesgericht D\u00fcsseldorf verurteilt ihn schlie\u00dflich zu lebenslanger Haft und ordnet die anschlie\u00dfende Sicherungsverwahrung an. Im Prozess hatte sich D. zum &#8222;Islamischen Staat&#8220; bekannt.<\/p>\n<p>    Mai 2024: Mord am Polizisten Rouven Laur<\/p>\n<p class=\"textabsatz m-ten m-offset-one l-eight l-offset-two columns twelve\">Auf dem Mannheimer Marktplatz greift ein Mann mit einem Jagdmesser die Veranstalter einer islamkritischen Kundgebung an. Der aus Afghanistan stammende Sulaiman A. verletzt dabei mehrere Menschen. Nach einem Handgemenge sticht er auch auf den herbeigeeilten Polizisten Rouven Laur ein. Zwei Tage sp\u00e4ter erliegt der Polizeibeamte im Krankenhaus seinen schweren Verletzungen.<\/p>\n<p class=\"textabsatz m-ten m-offset-one l-eight l-offset-two columns twelve\">Der Generalbundesanwalt wertet die Tat als religi\u00f6s motiviert, zieht das Ermittlungsverfahren wegen der besonderen Bedeutung an sich und klagt A. an. Das OLG Stuttgart verurteilt ihn unter anderem wegen Mordes zu <a href=\"https:\/\/www.tagesschau.de\/inland\/gesellschaft\/mannheim-urteil-attentaeter-100.html\" title=\"Lebenslange Haft nach t\u00f6dlichem Angriff auf Polizisten in Mannheim\" rel=\"nofollow noopener\" target=\"_blank\">lebenslanger Haft<\/a> und stellt die besondere Schwere der Schuld fest. Damit hat er keine Chance, schon nach 15 Jahren vorzeitig entlassen zu werden.<\/p>\n<p>    August 2024: Messeranschlag in Solingen<\/p>\n<p class=\"textabsatz m-ten m-offset-one l-eight l-offset-two columns twelve\">In Karlsruhe wird Issa Al H. dem Ermittlungsrichter am Bundesgerichtshof vorgef\u00fchrt. Zwei Tage zuvor soll er in Solingen mit einem Messer auf Besucher eines Stadtfestes eingestochen haben, motiviert durch eine <a href=\"https:\/\/www.tagesschau.de\/inland\/innenpolitik\/solingen-anschlag-is-100.html\" title=\"Messerangriff in Solingen - ein Anschlag im Namen des IS?\" rel=\"nofollow noopener\" target=\"_blank\">radikal-islamistische Einstellung<\/a>. Drei Menschen starben bei der Attacke, acht Menschen wurden zum Teil schwer verletzt. Der &#8222;Islamische Staat&#8220; reklamiert die Tat f\u00fcr sich.<\/p>\n<p class=\"textabsatz m-ten m-offset-one l-eight l-offset-two columns twelve\">Das Oberlandesgericht D\u00fcsseldorf verurteilt Issa Al H. im September 2025 zu lebenslanger Haft, stellt die besondere Schwere der Schuld fest und ordnet die anschlie\u00dfende Unterbringung in der Sicherungsverwahrung an.<\/p>\n<p>    September 2025: Israelisches Generalkonsulat M\u00fcnchen<\/p>\n<p class=\"textabsatz m-ten m-offset-one l-eight l-offset-two columns twelve\">In M\u00fcnchen schie\u00dft ein junger Mann auf Polizisten. Die Tat geschieht ganz in der N\u00e4he des israelischen Generalkonsulats und des NS-Dokumentationszentrums. Die Beamten erwidern das Feuer. Der Mann wird getroffen und stirbt.<\/p>\n<p class=\"textabsatz m-ten m-offset-one l-eight l-offset-two columns twelve\">Es handelt sich um den in \u00d6sterreich geborenen bosnisch-st\u00e4mmigen Emra I. Er soll den Beh\u00f6rden in \u00d6sterreich schon wegen m\u00f6glicher islamistischer Radikalisierung aufgefallen sein.<\/p>\n<p>    Februar 2025: Terroranschlag auf ver.di-Demo in M\u00fcnchen<\/p>\n<p class=\"textabsatz m-ten m-offset-one l-eight l-offset-two columns twelve\">Wieder M\u00fcnchen. Mit einem Pkw rast ein Mann in der Innenstadt von hinten in eine Demo der Gewerkschaft ver.di. 56 Teilnehmerinnen und Teilnehmer werden bei dem Angriff zum Teil schwer verletzt. Zwei von ihnen &#8211; eine Mutter und ihr zweij\u00e4hriges Kind &#8211; erliegen zwei Tage sp\u00e4ter ihren Verletzungen.<\/p>\n<p class=\"textabsatz m-ten m-offset-one l-eight l-offset-two columns twelve\">Der Generalbundesanwalt betrachtet die Tat als religi\u00f6s motiviert und \u00fcbernimmt wegen der besonderen Bedeutung des Falles die Ermittlungen gegen Farhad N., den damals 24-j\u00e4hrigen afghanisch-st\u00e4mmigen Fahrer. Im Januar 2026 beginnt das Hauptverfahren vor dem OLG M\u00fcnchen.<\/p>\n<p>    Mai 2025: Attacke vor Bar in Bielefeld<\/p>\n<p class=\"textabsatz m-ten m-offset-one l-eight l-offset-two columns twelve\">Vor der Bar &#8222;Cutie&#8220; in der Innenstadt von Bielefeld geht ein Mann in den fr\u00fchen Morgenstunden <a href=\"https:\/\/www1.wdr.de\/nachrichten\/westfalen-lippe\/bielefeld-innenstadt-angriff-bar-100.html\" title=\"Verletzte nach Angriff vor Bielefelder Bar - Fahndung l\u00e4uft\" class=\"textlink--extern\" target=\"_blank\" rel=\"noopener nofollow\">auf eine Gruppe Fu\u00dfballfans los<\/a>. Seine Waffe: ein Spazierstock, an dem er ein Messer mit einer 18 Zentimeter langen Klinge befestigt hatte. Zwei der Verletzten schweben vor\u00fcbergehend in Lebensgefahr. Am Tatort finden die Ermittler Personaldokumente, knapp zwei Tage sp\u00e4ter wird der Tatverd\u00e4chtige festgenommen: Mahmoud M., ein Syrer mit deutschem Aufenthaltstitel. Er hatte 2015\/2016 f\u00fcr die Terrormiliz &#8222;Islamischer Staat&#8220; in Syrien gek\u00e4mpft.<\/p>\n<p class=\"textabsatz m-ten m-offset-one l-eight l-offset-two columns twelve\">Das Oberlandesgericht D\u00fcsseldorf verurteilt ihn im Juni 2026 zu lebenslanger Haft wegen versuchten Mordes. Zudem stellt das Gericht die besondere Schwere der Schuld fest und ordnet die anschlie\u00dfende Sicherungsverwahrung an. Das Urteil ist noch nicht rechtskr\u00e4ftig. Der Verteidiger hat Revision eingelegt.<\/p>\n","protected":false},"excerpt":{"rendered":"Chronologie Stand: 27.07.2026 \u2022 16:09 Uhr Islamistische Terrornetzwerke wie der IS exportieren ihr Gedankengut auch in den Westen&hellip;\n","protected":false},"author":2,"featured_media":1196581,"comment_status":"","ping_status":"","sticky":false,"template":"","format":"standard","meta":{"footnotes":"","_share_on_mastodon":"0"},"categories":[2],"tags":[331,3924,332,3922,19322,3364,29,30,13,21709,556,14,3923,15,3921,12,2544],"class_list":["post-1196580","post","type-post","status-publish","format-standard","has-post-thumbnail","category-deutschland","tag-aktuelle-nachrichten","tag-aktuelle-nachrichten-aus-deutschland","tag-aktuelle-news","tag-aktuelle-news-aus-deutschland","tag-chronik","tag-de","tag-deutschland","tag-germany","tag-headlines","tag-is","tag-islamismus","tag-nachrichten","tag-nachrichten-aus-deutschland","tag-news","tag-news-aus-deutschland","tag-schlagzeilen","tag-terrorismus"],"share_on_mastodon":{"url":"https:\/\/pubeurope.com\/@de\/116992397411008069","error":""},"_links":{"self":[{"href":"https:\/\/www.europesays.com\/de\/wp-json\/wp\/v2\/posts\/1196580","targetHints":{"allow":["GET"]}}],"collection":[{"href":"https:\/\/www.europesays.com\/de\/wp-json\/wp\/v2\/posts"}],"about":[{"href":"https:\/\/www.europesays.com\/de\/wp-json\/wp\/v2\/types\/post"}],"author":[{"embeddable":true,"href":"https:\/\/www.europesays.com\/de\/wp-json\/wp\/v2\/users\/2"}],"replies":[{"embeddable":true,"href":"https:\/\/www.europesays.com\/de\/wp-json\/wp\/v2\/comments?post=1196580"}],"version-history":[{"count":0,"href":"https:\/\/www.europesays.com\/de\/wp-json\/wp\/v2\/posts\/1196580\/revisions"}],"wp:featuredmedia":[{"embeddable":true,"href":"https:\/\/www.europesays.com\/de\/wp-json\/wp\/v2\/media\/1196581"}],"wp:attachment":[{"href":"https:\/\/www.europesays.com\/de\/wp-json\/wp\/v2\/media?parent=1196580"}],"wp:term":[{"taxonomy":"category","embeddable":true,"href":"https:\/\/www.europesays.com\/de\/wp-json\/wp\/v2\/categories?post=1196580"},{"taxonomy":"post_tag","embeddable":true,"href":"https:\/\/www.europesays.com\/de\/wp-json\/wp\/v2\/tags?post=1196580"}],"curies":[{"name":"wp","href":"https:\/\/api.w.org\/{rel}","templated":true}]}}