{"id":1196614,"date":"2026-07-27T14:40:14","date_gmt":"2026-07-27T14:40:14","guid":{"rendered":"https:\/\/www.europesays.com\/de\/1196614\/"},"modified":"2026-07-27T14:40:14","modified_gmt":"2026-07-27T14:40:14","slug":"37-grad-und-die-sorge-ums-strassenbahnnetz","status":"publish","type":"post","link":"https:\/\/www.europesays.com\/de\/1196614\/","title":{"rendered":"37 Grad und die Sorge ums Stra\u00dfenbahnnetz"},"content":{"rendered":"<p>Nach dem Ausfall Ende Juni bereiten sich die Leipziger Verkehrsbetriebe auf den n\u00e4chsten hei\u00dfen Tag vor. Auch die Stadt verweist auf Trinkbrunnen, k\u00fchle R\u00e4ume und ihre Erfrischungskarte.<br \/>Ende Juni standen Leipzigs Stra\u00dfenbahnen still. Bei knapp 40 Grad wurde die Fugenmasse an den Gleisen weich, verteilte sich auf Schienen und Weichen und legte den Verkehr zeitweise lahm. Nun k\u00fcndigt sich der n\u00e4chste Hitzetag an: Am Donnerstag k\u00f6nnten die Temperaturen erneut auf 37 Grad steigen.<\/p>\n<p><strong>Die wichtigste Frage lautet deshalb: H\u00e4lt das Stra\u00dfenbahnnetz diesmal durch?<\/strong><\/p>\n<p class=\"h3\">LVB kontrollieren kritische Stellen h\u00e4ufiger<\/p>\n<p>Nicht die Schienen selbst waren beim letzten Mal das Problem. Die Hitze hatte die Masse zwischen Schiene und Stra\u00dfenbelag aufgeweicht. Durch den laufenden Betrieb gelangte das Material auf Gleise und Weichen. Dort h\u00e4rtete es wieder aus. Ein sicherer Stra\u00dfenbahnverkehr war nicht mehr m\u00f6glich.<br \/>F\u00fcr die n\u00e4chste Hitzewelle wollen die Leipziger Verkehrsbetriebe besonders gef\u00e4hrdete Abschnitte h\u00e4ufiger pr\u00fcfen. Bereitschaftsteams sollen schneller eingreifen k\u00f6nnen, wenn sich die Fugen erneut ver\u00e4ndern.<br \/>Parallel untersucht T\u00dcV S\u00fcd Rail die Ursachen. Die LVB pr\u00fcfen au\u00dferdem, wie sich das Material bei gro\u00dfer Hitze k\u00fchlen oder behandeln l\u00e4sst. Auch ein eingeschr\u00e4nkter Betrieb auf einzelnen Strecken bleibt m\u00f6glich. Sobald die Sicherheit gef\u00e4hrdet ist, m\u00fcssen Linien unter Umst\u00e4nden erneut unterbrochen werden.\u00a0Vor der Fahrt lohnt sich deshalb ein Blick in LeipzigMOVE oder auf die <a href=\"https:\/\/www.l.de\/verkehrsbetriebe\/\" target=\"_blank\" rel=\"noreferrer nofollow noopener\">aktuellen Meldungen der LVB<\/a>.<\/p>\n<p class=\"h3\">Trinkwasser und k\u00fchle R\u00e4ume<\/p>\n<p>Wer am Donnerstag in der Stadt unterwegs ist, findet auf der <a href=\"https:\/\/www.leipzig.de\/leben-in-leipzig\/gesundheit\/vorsorge\/gesundheitstipps-bei-hitze\" target=\"_blank\" rel=\"noreferrer nofollow noopener\">Erfrischungskarte<\/a> der Stadt Leipzig mehrere Orte f\u00fcr eine Pause. Verzeichnet sind unter anderem Trinkbrunnen, Refill-Stationen, Parks und \u00f6ffentliche Geb\u00e4ude.<br \/>Dazu geh\u00f6ren Bibliotheken, Museen und Kirchen. Gerade am Nachmittag k\u00f6nnen sie eine ruhigere Alternative zu aufgeheizten Stra\u00dfen und Pl\u00e4tzen sein. An den mobilen Trinkwasserstationen, den sogenannten \u201eBrunnos\u201c, gibt es kostenlos Wasser.<\/p>\n<p class=\"h3\">Freib\u00e4der rechnen mit Andrang<\/p>\n<p>Auch die Leipziger Freib\u00e4der d\u00fcrften voll werden. Wer nicht lange anstehen m\u00f6chte, sollte fr\u00fch kommen oder den Besuch auf den sp\u00e4teren Nachmittag legen. Vorher empfiehlt sich ein Blick auf die aktuellen \u00d6ffnungszeiten der Sportb\u00e4der Leipzig.\u00a0F\u00fcr einen Sprung ins Wasser bieten sich au\u00dferdem die Seen im Stadtgebiet und im Umland an. An unbewachten Stellen gilt besondere Vorsicht.<\/p>\n<p class=\"h3\">Was an hei\u00dfen Tagen hilft<\/p>\n<p>Die gr\u00f6\u00dfte Belastung liegt meist zwischen Mittag und sp\u00e4tem Nachmittag. K\u00f6rperliche Anstrengungen geh\u00f6ren deshalb besser in die Morgen- oder Abendstunden. Ausreichend Wasser, leichte Kleidung und regelm\u00e4\u00dfige Pausen helfen durch den Tag.\u00a0Besonders \u00e4ltere Menschen, kleine Kinder und chronisch Kranke reagieren empfindlich auf gro\u00dfe Hitze. Auch Medikamente k\u00f6nnen den Fl\u00fcssigkeitshaushalt beeinflussen.<\/p>\n<p>Ob Leipzig diesmal besser durch den Hitzetag kommt, zeigt sich vor allem auf den Gleisen. Sicher ist schon jetzt: Wer unterwegs ist, sollte mehr Zeit einplanen und die aktuellen Verkehrsmeldungen pr\u00fcfen.<\/p>\n","protected":false},"excerpt":{"rendered":"Nach dem Ausfall Ende Juni bereiten sich die Leipziger Verkehrsbetriebe auf den n\u00e4chsten hei\u00dfen Tag vor. Auch die&hellip;\n","protected":false},"author":2,"featured_media":1196615,"comment_status":"","ping_status":"","sticky":false,"template":"","format":"standard","meta":{"footnotes":"","_share_on_mastodon":"0"},"categories":[1832],"tags":[249652,249657,3364,29,249655,240086,30,249658,71,249651,249653,242047,859,249654,249656],"class_list":["post-1196614","post","type-post","status-publish","format-standard","has-post-thumbnail","category-leipzig","tag-37-grad-leipzig","tag-brunnos-leipzig","tag-de","tag-deutschland","tag-erfrischungskarte-leipzig","tag-freibaeder-leipzig","tag-germany","tag-kuehle-orte-leipzig","tag-leipzig","tag-leipzig-hitze","tag-lvb-hitze","tag-nahverkehr-leipzig","tag-sachsen","tag-strassenbahn-leipzig","tag-trinkbrunnen-leipzig"],"share_on_mastodon":{"url":"https:\/\/pubeurope.com\/@de\/116992463717923689","error":""},"_links":{"self":[{"href":"https:\/\/www.europesays.com\/de\/wp-json\/wp\/v2\/posts\/1196614","targetHints":{"allow":["GET"]}}],"collection":[{"href":"https:\/\/www.europesays.com\/de\/wp-json\/wp\/v2\/posts"}],"about":[{"href":"https:\/\/www.europesays.com\/de\/wp-json\/wp\/v2\/types\/post"}],"author":[{"embeddable":true,"href":"https:\/\/www.europesays.com\/de\/wp-json\/wp\/v2\/users\/2"}],"replies":[{"embeddable":true,"href":"https:\/\/www.europesays.com\/de\/wp-json\/wp\/v2\/comments?post=1196614"}],"version-history":[{"count":0,"href":"https:\/\/www.europesays.com\/de\/wp-json\/wp\/v2\/posts\/1196614\/revisions"}],"wp:featuredmedia":[{"embeddable":true,"href":"https:\/\/www.europesays.com\/de\/wp-json\/wp\/v2\/media\/1196615"}],"wp:attachment":[{"href":"https:\/\/www.europesays.com\/de\/wp-json\/wp\/v2\/media?parent=1196614"}],"wp:term":[{"taxonomy":"category","embeddable":true,"href":"https:\/\/www.europesays.com\/de\/wp-json\/wp\/v2\/categories?post=1196614"},{"taxonomy":"post_tag","embeddable":true,"href":"https:\/\/www.europesays.com\/de\/wp-json\/wp\/v2\/tags?post=1196614"}],"curies":[{"name":"wp","href":"https:\/\/api.w.org\/{rel}","templated":true}]}}