{"id":1197052,"date":"2026-07-27T18:53:02","date_gmt":"2026-07-27T18:53:02","guid":{"rendered":"https:\/\/www.europesays.com\/de\/1197052\/"},"modified":"2026-07-27T18:53:02","modified_gmt":"2026-07-27T18:53:02","slug":"uebelkeit-kein-schlaf-kein-essen-xavi-spricht-ueber-schlimme-knie-verletzung-fussball","status":"publish","type":"post","link":"https:\/\/www.europesays.com\/de\/1197052\/","title":{"rendered":"\u00dcbelkeit, kein Schlaf, kein Essen: Xavi spricht \u00fcber schlimme Knie-Verletzung | Fu\u00dfball"},"content":{"rendered":"<p><b>Der Holl\u00e4nder Xavi Simons (23) z\u00e4hlte neben Reals Rodrygo, Liverpools Hugo Ekitik\u00e9 oder Bayerns Serge Gnabry zu DEN Stars, die die WM in Kanada, Mexiko und den USA verletzungsbedingt verpassten. Jetzt spricht der Mittelfeld-Star von Tottenham Hotspur \u00fcber die Verletzung und die vergangenen Monate.<\/b><\/p>\n<p>In der Sendung \u201e<a href=\"https:\/\/www.tottenhamhotspur.com\/news\/1079654\/from-the-worst-days-of-his-life-to-a-good-place-xavi-opens-up-on-his-recovery\" target=\"_blank\" rel=\"nofollow noopener\" class=\"text-link\">Xavi Simons: Zur\u00fcck in der Heimat<\/a>\u201c erkl\u00e4rt Simons: \u201eDie ersten vier Tage waren die schlimmsten meines Lebens. Ich konnte nicht schlafen, ich habe eine Woche lang nichts gegessen.\u201c Ende April ging er im <a href=\"https:\/\/sportbild.bild.de\/fussball\/premier-league\/premierleague\/home-44103642.sport.html\" class=\"text-link\" rel=\"nofollow noopener\" target=\"_blank\">Premier-League<\/a>-Spiel bei den Wolverhampton Wanderers (0:1) nach einem Duell mit Verteidiger Hugo Bueno im eigenen Strafraum zu Boden. <a href=\"https:\/\/sportbild.bild.de\/fussball\/internationaler-fussball\/xavi-simons-ganz-schlimme-befuerchtung-bestaetigt-das-leben-ist-grausam-69eef07e161d963ca5f22b93\" class=\"text-link\" rel=\"nofollow noopener\" target=\"_blank\">Der ehemalige Leipziger blieb liegen und schrie vor Schmerzen. Er riss sich dabei das Kreuzband<\/a>, fiel f\u00fcr den Rest der Saison sowie die WM 2026 aus. Voraussichtlich kann er erst im Fr\u00fchjahr 2027 wieder auf dem Feld stehen.<\/p>\n<p><img decoding=\"async\" width=\"992\" height=\"558\" alt=\"Xavi Simons wurde mit einer Trage vom Feld gebracht, nachdem er sich verletzte\" loading=\"lazy\" src=\"https:\/\/www.europesays.com\/de\/wp-content\/uploads\/2026\/07\/cc4bfb24b43c5b9ebed77f4a57017249,fbd0f8be.jpeg\"   class=\"landscape\"\/><\/p>\n<p class=\"fig__caption__text\">Xavi Simons wurde mit einer Trage vom Feld gebracht, nachdem er sich verletzte<\/p>\n<p>Foto: Action Images via Reuters<\/p>\n<p>Simons \u00fcber den Moment der Verletzung: \u201eIch hatte furchtbare Schmerzen. Mir war \u00fcbel und schwindelig, es war einfach alles. Ich w\u00fcnsche niemandem, diese Schmerzen durchmachen zu m\u00fcssen. Ich wei\u00df nicht, wie es anderen Spielern ergangen ist, aber f\u00fcr mich war es, als ob mein ganzer K\u00f6rper sagte: \u201aWas ist passiert?\u2018\u201c Was ihm anfangs noch nicht klar war, wurde Stunden danach Gewissheit. Inzwischen ist er in der Reha.<\/p>\n<p>Der Holl\u00e4nder: \u201eJedes Mal, wenn ich im Fitnessstudio bin, denke ich nur daran, dass ich st\u00e4rker werden muss, dass ich besser werden muss. Diese Motivation jeden Tag im Kopf zu haben, ist wirklich befriedigend, da sie mir st\u00e4ndig einen Schub gibt.\u201c<\/p>\n<p>Und: \u201eMein Ziel ist es, den Verein wieder dorthin zu f\u00fchren, wo er hingeh\u00f6rt, und Titel zu gewinnen. Das ist mein Hauptziel und daran wird sich nichts \u00e4ndern. Das ist das Wichtigste. Wir werden definitiv bessere Spurs und einen besseren Xavi Simons sehen.\u201c <\/p>\n<p>Tottenham Hotspur holte in der vergangenen Saison nur 41 Punkte und landete damit nur zwei Punkte vor Absteiger West Ham United. <\/p>\n","protected":false},"excerpt":{"rendered":"Der Holl\u00e4nder Xavi Simons (23) z\u00e4hlte neben Reals Rodrygo, Liverpools Hugo Ekitik\u00e9 oder Bayerns Serge Gnabry zu DEN&hellip;\n","protected":false},"author":2,"featured_media":1197053,"comment_status":"","ping_status":"","sticky":false,"template":"","format":"standard","meta":{"footnotes":"","_share_on_mastodon":"0"},"categories":[1834],"tags":[3364,29,3688,30,77524,1209,957,10781,11896],"class_list":["post-1197052","post","type-post","status-publish","format-standard","has-post-thumbnail","category-essen","tag-de","tag-deutschland","tag-essen","tag-germany","tag-kreuzbandriss","tag-nordrhein-westfalen","tag-premier-league","tag-simons-xavi","tag-tottenham-hotspur"],"share_on_mastodon":{"url":"https:\/\/pubeurope.com\/@de\/116993460178640474","error":""},"_links":{"self":[{"href":"https:\/\/www.europesays.com\/de\/wp-json\/wp\/v2\/posts\/1197052","targetHints":{"allow":["GET"]}}],"collection":[{"href":"https:\/\/www.europesays.com\/de\/wp-json\/wp\/v2\/posts"}],"about":[{"href":"https:\/\/www.europesays.com\/de\/wp-json\/wp\/v2\/types\/post"}],"author":[{"embeddable":true,"href":"https:\/\/www.europesays.com\/de\/wp-json\/wp\/v2\/users\/2"}],"replies":[{"embeddable":true,"href":"https:\/\/www.europesays.com\/de\/wp-json\/wp\/v2\/comments?post=1197052"}],"version-history":[{"count":0,"href":"https:\/\/www.europesays.com\/de\/wp-json\/wp\/v2\/posts\/1197052\/revisions"}],"wp:featuredmedia":[{"embeddable":true,"href":"https:\/\/www.europesays.com\/de\/wp-json\/wp\/v2\/media\/1197053"}],"wp:attachment":[{"href":"https:\/\/www.europesays.com\/de\/wp-json\/wp\/v2\/media?parent=1197052"}],"wp:term":[{"taxonomy":"category","embeddable":true,"href":"https:\/\/www.europesays.com\/de\/wp-json\/wp\/v2\/categories?post=1197052"},{"taxonomy":"post_tag","embeddable":true,"href":"https:\/\/www.europesays.com\/de\/wp-json\/wp\/v2\/tags?post=1197052"}],"curies":[{"name":"wp","href":"https:\/\/api.w.org\/{rel}","templated":true}]}}